{"id":8581,"date":"2023-02-25T16:56:03","date_gmt":"2023-02-25T16:56:03","guid":{"rendered":"https:\/\/aboutthatsmile.com\/costes-de-invisalign-cuanto-cuestan-realmente-los-alineadores\/"},"modified":"2023-09-16T05:07:38","modified_gmt":"2023-09-16T05:07:38","slug":"invisalign-precio","status":"publish","type":"post","link":"https:\/\/aboutthatsmile.com\/es\/invisalign-precio\/","title":{"rendered":"Invisalign Precio: \u00bfCu\u00e1nto cuestan realmente los alineadores?"},"content":{"rendered":"\n<p><strong><mark style=\"background-color:rgba(0, 0, 0, 0);color:#31b3cf\" class=\"has-inline-color\">Invisalign es uno de los proveedores m\u00e1s caros del mercado. Pero, \u00bfcu\u00e1l es el Invisalign precio y cu\u00e1les son los distintos niveles?<\/mark><\/strong><\/p>\n\n\n\n<p>Cualquiera que se interese por el tema de la ortodoncia invisible suele encontrarse r\u00e1pidamente con el nombre de Invisalign.  <\/p>\n\n\n\n<p>No es de extra\u00f1ar, despu\u00e9s de todo, que la empresa Align Technology, con sus bandejas dentales Invisalign, est\u00e9 considerada la piedra angular del mercado de los alineadores.  <\/p>\n\n\n\n<p>La empresa tiene su sede en el estado norteamericano de California y fabrica all\u00ed f\u00e9rulas dentales invisibles desde 1997.<\/p>\n\n\n\n<div class=\"wp-block-group box is-layout-constrained wp-block-group-is-layout-constrained\">\n<figure class=\"wp-block-table\"><table class=\"has-white-color has-text-color has-background\" style=\"background-color:#31b3cf\"><tbody><tr><td class=\"has-text-align-center\" data-align=\"center\"><strong>\u00a1Consigue 150 \u20ac de descuento en tu correcci\u00f3n dental!<\/strong><\/td><\/tr><\/tbody><\/table><\/figure>\n\n\n\n<div class=\"wp-block-media-text alignwide is-stacked-on-mobile is-vertically-aligned-center is-image-fill\"><figure class=\"wp-block-media-text__media\" style=\"background-image:url(https:\/\/aboutthatsmile.com\/wp-content\/uploads\/2023\/01\/frau-haelt-aligner-in-der-hand-strahlt-mit-daumen-nach-oben-1024x683.jpg);background-position:37% 41%\"><img decoding=\"async\" width=\"1024\" height=\"683\" src=\"https:\/\/aboutthatsmile.com\/wp-content\/uploads\/2023\/01\/frau-haelt-aligner-in-der-hand-strahlt-mit-daumen-nach-oben-1024x683.jpg\" alt=\"Mujer sujetando un alineador y sonriendo con los pulgares hacia arriba\" class=\"wp-image-273 size-full\" title=\"\" srcset=\"https:\/\/aboutthatsmile.com\/wp-content\/uploads\/2023\/01\/frau-haelt-aligner-in-der-hand-strahlt-mit-daumen-nach-oben-1024x683.jpg 1024w, https:\/\/aboutthatsmile.com\/wp-content\/uploads\/2023\/01\/frau-haelt-aligner-in-der-hand-strahlt-mit-daumen-nach-oben-300x200.jpg 300w, https:\/\/aboutthatsmile.com\/wp-content\/uploads\/2023\/01\/frau-haelt-aligner-in-der-hand-strahlt-mit-daumen-nach-oben-768x512.jpg 768w, https:\/\/aboutthatsmile.com\/wp-content\/uploads\/2023\/01\/frau-haelt-aligner-in-der-hand-strahlt-mit-daumen-nach-oben-960x640.jpg 960w, https:\/\/aboutthatsmile.com\/wp-content\/uploads\/2023\/01\/frau-haelt-aligner-in-der-hand-strahlt-mit-daumen-nach-oben-1080x720.jpg 1080w, https:\/\/aboutthatsmile.com\/wp-content\/uploads\/2023\/01\/frau-haelt-aligner-in-der-hand-strahlt-mit-daumen-nach-oben.jpg 1200w\" sizes=\"(max-width: 1024px) 100vw, 1024px\" \/><\/figure><div class=\"wp-block-media-text__content\">\n<p><a href=\"https:\/\/tidd.ly\/45QtXZh\" target=\"_blank\" rel=\"noreferrer noopener sponsored nofollow\">Reserva ahora una consulta<\/a> en una cl\u00ednica asociada a DrSmile cercana y averigua si el alisamiento dental con alineadores es para ti.<\/p>\n\n\n\n<p>La cita es totalmente no vinculante y no conlleva ning\u00fan coste.<\/p>\n\n\n\n<p>Con el c\u00f3digo \u00abTHATSMILE150\u00bb recibir\u00e1s 150 \u20ac de descuento en el tratamiento.<\/p>\n<\/div><\/div>\n\n\n\n<div class=\"wp-block-buttons is-layout-flex wp-block-buttons-is-layout-flex\">\n<div class=\"wp-block-button aligncenter\"><a class=\"wp-block-button__link wp-element-button\" href=\"https:\/\/tidd.ly\/45QtXZh\" target=\"_blank\" rel=\"sponsored noopener nofollow\"><mark style=\"background-color:rgba(0, 0, 0, 0)\" class=\"has-inline-color has-white-color\">Reserva ahora una cita de consulta gratuita.<\/mark><\/a><\/div>\n<\/div>\n<\/div>\n\n\n\n<p>Desde 1999, los aparatos transparentes tambi\u00e9n est\u00e1n disponibles en Alemania. La correcci\u00f3n dental la ofrecen ahora varios miles de consultas asociadas en todos los estados.<\/p>\n\n\n\n<p>Invisalign ya ha realizado m\u00e1s de 14 millones de correcciones dentales y, a diferencia de otros proveedores de alineadores, tambi\u00e9n puede utilizarse para <a href=\"https:\/\/www.kzbv.de\/haufige-fehlstellungen.315.de.html\" target=\"_blank\" rel=\"noreferrer noopener\">maloclusiones graves<\/a> y pacientes menores de 18 a\u00f1os.  <\/p>\n\n\n\n<p>El \u00fanico inconveniente: Invisalign es uno de los proveedores m\u00e1s caros del mercado, por lo que los posibles clientes suelen desanimarse por los elevados precios.  <\/p>\n\n\n\n<p>Pero, \u00bfa <strong>cu\u00e1nto ascienden realmente los costes de Invisalign<\/strong>, cu\u00e1les son las diferencias y merece la pena la inversi\u00f3n?<\/p>\n\n\n\n<p><a href=\"https:\/\/aboutthatsmile.com\/es\/invisalign-opiniones\/\">Puedes encontrar m\u00e1s informaci\u00f3n sobre Invisalign en este art\u00edculo.  <\/a><\/p>\n\n\n\n<figure class=\"wp-block-image size-large\"><img decoding=\"async\" width=\"1024\" height=\"684\" src=\"https:\/\/aboutthatsmile.com\/wp-content\/uploads\/2023\/02\/laechelnde-frau-laechelt-zeigt-mit-beiden-haenden-auf-zaehne-1024x684.jpg\" alt=\"Mujer joven sonr\u00ede con dientes blancos - Costes de Invisalign\" class=\"wp-image-1255\" title=\"\" srcset=\"https:\/\/aboutthatsmile.com\/wp-content\/uploads\/2023\/02\/laechelnde-frau-laechelt-zeigt-mit-beiden-haenden-auf-zaehne-1024x684.jpg 1024w, https:\/\/aboutthatsmile.com\/wp-content\/uploads\/2023\/02\/laechelnde-frau-laechelt-zeigt-mit-beiden-haenden-auf-zaehne-300x200.jpg 300w, https:\/\/aboutthatsmile.com\/wp-content\/uploads\/2023\/02\/laechelnde-frau-laechelt-zeigt-mit-beiden-haenden-auf-zaehne-768x513.jpg 768w, https:\/\/aboutthatsmile.com\/wp-content\/uploads\/2023\/02\/laechelnde-frau-laechelt-zeigt-mit-beiden-haenden-auf-zaehne-960x641.jpg 960w, https:\/\/aboutthatsmile.com\/wp-content\/uploads\/2023\/02\/laechelnde-frau-laechelt-zeigt-mit-beiden-haenden-auf-zaehne-1080x721.jpg 1080w, https:\/\/aboutthatsmile.com\/wp-content\/uploads\/2023\/02\/laechelnde-frau-laechelt-zeigt-mit-beiden-haenden-auf-zaehne.jpg 1200w\" sizes=\"(max-width: 1024px) 100vw, 1024px\" \/><\/figure>\n\n\n\n<div id=\"ez-toc-container\" class=\"ez-toc-v2_0_82_2 counter-hierarchy ez-toc-counter ez-toc-grey ez-toc-container-direction\">\n<div class=\"ez-toc-title-container\">\n<p class=\"ez-toc-title\" style=\"cursor:inherit\">Table of Contents<\/p>\n<span class=\"ez-toc-title-toggle\"><a href=\"#\" class=\"ez-toc-pull-right ez-toc-btn ez-toc-btn-xs ez-toc-btn-default ez-toc-toggle\" aria-label=\"Alternar tabla de contenidos\"><span class=\"ez-toc-js-icon-con\"><span class=\"\"><span class=\"eztoc-hide\" style=\"display:none;\">Toggle<\/span><span class=\"ez-toc-icon-toggle-span\"><svg style=\"fill: #999;color:#999\" xmlns=\"http:\/\/www.w3.org\/2000\/svg\" class=\"list-377408\" width=\"20px\" height=\"20px\" viewBox=\"0 0 24 24\" fill=\"none\"><path d=\"M6 6H4v2h2V6zm14 0H8v2h12V6zM4 11h2v2H4v-2zm16 0H8v2h12v-2zM4 16h2v2H4v-2zm16 0H8v2h12v-2z\" fill=\"currentColor\"><\/path><\/svg><svg style=\"fill: #999;color:#999\" class=\"arrow-unsorted-368013\" xmlns=\"http:\/\/www.w3.org\/2000\/svg\" width=\"10px\" height=\"10px\" viewBox=\"0 0 24 24\" version=\"1.2\" baseProfile=\"tiny\"><path d=\"M18.2 9.3l-6.2-6.3-6.2 6.3c-.2.2-.3.4-.3.7s.1.5.3.7c.2.2.4.3.7.3h11c.3 0 .5-.1.7-.3.2-.2.3-.5.3-.7s-.1-.5-.3-.7zM5.8 14.7l6.2 6.3 6.2-6.3c.2-.2.3-.5.3-.7s-.1-.5-.3-.7c-.2-.2-.4-.3-.7-.3h-11c-.3 0-.5.1-.7.3-.2.2-.3.5-.3.7s.1.5.3.7z\"\/><\/svg><\/span><\/span><\/span><\/a><\/span><\/div>\n<nav><ul class='ez-toc-list ez-toc-list-level-1 eztoc-toggle-hide-by-default' ><li class='ez-toc-page-1 ez-toc-heading-level-2'><a class=\"ez-toc-link ez-toc-heading-1\" href=\"https:\/\/aboutthatsmile.com\/es\/invisalign-precio\/#%C2%BFPor_que_no_se_comunican_con_transparencia_los_costes_de_Invisalign\" >\u00bfPor qu\u00e9 no se comunican con transparencia los costes de Invisalign?<\/a><\/li><li class='ez-toc-page-1 ez-toc-heading-level-2'><a class=\"ez-toc-link ez-toc-heading-2\" href=\"https:\/\/aboutthatsmile.com\/es\/invisalign-precio\/#%C2%BFCual_es_el_Invisalign_Precio\" >\u00bfCu\u00e1l es el Invisalign Precio?<\/a><\/li><li class='ez-toc-page-1 ez-toc-heading-level-2'><a class=\"ez-toc-link ez-toc-heading-3\" href=\"https:\/\/aboutthatsmile.com\/es\/invisalign-precio\/#%C2%BFCuanto_cuesta_un_refinamiento_de_caso_con_Invisalign\" >\u00bfCu\u00e1nto cuesta un refinamiento de caso con Invisalign?<\/a><\/li><li class='ez-toc-page-1 ez-toc-heading-level-2'><a class=\"ez-toc-link ez-toc-heading-4\" href=\"https:\/\/aboutthatsmile.com\/es\/invisalign-precio\/#Precios_de_Invisalign_%C2%BFCuanto_cuesta_el_Refinamiento_de_Caso\" >Precios de Invisalign: \u00bfCu\u00e1nto cuesta el Refinamiento de Caso?<\/a><\/li><li class='ez-toc-page-1 ez-toc-heading-level-2'><a class=\"ez-toc-link ez-toc-heading-5\" href=\"https:\/\/aboutthatsmile.com\/es\/invisalign-precio\/#%C2%BFSe_pueden_pagar_los_costes_de_Invisalign_a_plazos\" >\u00bfSe pueden pagar los costes de Invisalign a plazos?<\/a><\/li><li class='ez-toc-page-1 ez-toc-heading-level-2'><a class=\"ez-toc-link ez-toc-heading-6\" href=\"https:\/\/aboutthatsmile.com\/es\/invisalign-precio\/#Una_breve_conclusion_sobre_el_tema_de_los_costes_de_Invisalign\" >Una breve conclusi\u00f3n sobre el tema de los costes de Invisalign<\/a><\/li><li class='ez-toc-page-1 ez-toc-heading-level-2'><a class=\"ez-toc-link ez-toc-heading-7\" href=\"https:\/\/aboutthatsmile.com\/es\/invisalign-precio\/#Preguntas_frecuentes_sobre_los_precios_de_Invisalign\" >Preguntas frecuentes sobre los precios de Invisalign<\/a><ul class='ez-toc-list-level-3' ><li class='ez-toc-heading-level-3'><a class=\"ez-toc-link ez-toc-heading-8\" href=\"https:\/\/aboutthatsmile.com\/es\/invisalign-precio\/#%C2%BFInvisalign_puede_desgravarse\" >\u00bfInvisalign puede desgravarse?<\/a><\/li><li class='ez-toc-page-1 ez-toc-heading-level-3'><a class=\"ez-toc-link ez-toc-heading-9\" href=\"https:\/\/aboutthatsmile.com\/es\/invisalign-precio\/#%C2%BFPara_quien_no_es_adecuado_Invisalign\" >\u00bfPara qui\u00e9n no es adecuado Invisalign?<\/a><\/li><li class='ez-toc-page-1 ez-toc-heading-level-3'><a class=\"ez-toc-link ez-toc-heading-10\" href=\"https:\/\/aboutthatsmile.com\/es\/invisalign-precio\/#%C2%BFCuanto_cuesta_Invisalign_al_mes\" >\u00bfCu\u00e1nto cuesta Invisalign al mes?<\/a><\/li><\/ul><\/li><\/ul><\/nav><\/div>\n<h2 class=\"wp-block-heading\"><span class=\"ez-toc-section\" id=\"%C2%BFPor_que_no_se_comunican_con_transparencia_los_costes_de_Invisalign\"><\/span>\u00bfPor qu\u00e9 no se comunican con transparencia los costes de Invisalign?<span class=\"ez-toc-section-end\"><\/span><\/h2>\n\n\n\n<p>Si ya has echado un vistazo a la p\u00e1gina de inicio de Invisalign, probablemente te habr\u00e1s dado cuenta de que la empresa comunica sus precios de forma mucho menos transparente que su competidor <a href=\"https:\/\/aboutthatsmile.com\/es\/dr-smile-opiniones\/\" data-type=\"post\" data-id=\"175\">DrSmile<\/a>, por ejemplo.  <\/p>\n\n\n\n<p>La informaci\u00f3n es muy vaga y, de hecho, no se mencionan precios concretos en absoluto. Sin embargo, esto no significa que Invisalign sea una empresa dudosa.  <\/p>\n\n\n\n<p>En cambio, el precio es simplemente mucho m\u00e1s individualizado que con otros proveedores. Los costes de Invisalign se basan en los siguientes factores:  <\/p>\n\n\n\n<ul class=\"wp-block-list\">\n<li>la <strong>gravedad de la maloclusi\u00f3n<\/strong><\/li>\n\n\n\n<li>la <a href=\"https:\/\/aboutthatsmile.com\/es\/invisalign-acortar-el-tiempo-de-uso-es-posible\/\">duraci\u00f3n del tratamiento<\/a> y el n\u00famero asociado de f\u00e9rulas necesarias  <\/li>\n\n\n\n<li>el <strong>tipo de correcci\u00f3n deseada<\/strong><\/li>\n\n\n\n<li>los <strong>honorarios individuales <\/strong>del dentista u ortodoncista<\/li>\n<\/ul>\n\n\n\n<p>En cuanto se haya elaborado un plan de tratamiento durante tu cita inicial, tambi\u00e9n se te informar\u00e1 del precio final de tu correcci\u00f3n dental.<\/p>\n\n\n\n<p>S\u00f3lo se incurrir\u00e1 en gastos cuando decidas someterte al tratamiento y firmes el contrato. Por supuesto, tambi\u00e9n puedes rechazarlos si los precios de Invisalign te parecen demasiado elevados.  <\/p>\n\n\n\n<figure class=\"wp-block-image size-large\"><img decoding=\"async\" width=\"1024\" height=\"684\" src=\"https:\/\/aboutthatsmile.com\/wp-content\/uploads\/2023\/01\/junger-mann-haelt-aligner-1024x684.jpg\" alt=\"Joven sonriendo y sosteniendo una f\u00e9rula dental invisible en la mano\" class=\"wp-image-743\" title=\"\" srcset=\"https:\/\/aboutthatsmile.com\/wp-content\/uploads\/2023\/01\/junger-mann-haelt-aligner-1024x684.jpg 1024w, https:\/\/aboutthatsmile.com\/wp-content\/uploads\/2023\/01\/junger-mann-haelt-aligner-300x200.jpg 300w, https:\/\/aboutthatsmile.com\/wp-content\/uploads\/2023\/01\/junger-mann-haelt-aligner-768x513.jpg 768w, https:\/\/aboutthatsmile.com\/wp-content\/uploads\/2023\/01\/junger-mann-haelt-aligner-960x641.jpg 960w, https:\/\/aboutthatsmile.com\/wp-content\/uploads\/2023\/01\/junger-mann-haelt-aligner-1080x721.jpg 1080w, https:\/\/aboutthatsmile.com\/wp-content\/uploads\/2023\/01\/junger-mann-haelt-aligner.jpg 1200w\" sizes=\"(max-width: 1024px) 100vw, 1024px\" \/><\/figure>\n\n\n\n<h2 class=\"wp-block-heading\"><span class=\"ez-toc-section\" id=\"%C2%BFCual_es_el_Invisalign_Precio\"><\/span>\u00bfCu\u00e1l es el Invisalign Precio?<span class=\"ez-toc-section-end\"><\/span><\/h2>\n\n\n\n<p>Algunos dentistas asociados a Invisalign publican ejemplos de precios en sus sitios web. Tambi\u00e9n bas\u00e1ndonos en las <a href=\"https:\/\/aboutthatsmile.com\/es\/invisalign-malas-experiencias-y-criticas-de-los-pacientes\/\">experiencias de antiguos pacientes<\/a>, podemos decirte aproximadamente <strong>qu\u00e9 costes de Invisalign deber\u00edas esperar<\/strong>.  <\/p>\n\n\n\n<p>No obstante, ten en cuenta que s\u00f3lo son ejemplos. S\u00f3lo despu\u00e9s de un examen detallado y una consulta sabr\u00e1s cu\u00e1l ser\u00e1 el coste de Invisalign en tu caso.  <\/p>\n\n\n\n<p>Si s\u00f3lo hay que corregir los dientes delanteros como parte de un tratamiento a corto plazo, los precios de Invisalign empiezan <strong>en unos 1600 euros (Invisalign i7)<\/strong>.  <\/p>\n\n\n\n<div class=\"wp-block-buttons is-layout-flex wp-block-buttons-is-layout-flex\">\n<div class=\"wp-block-button aligncenter\"><a class=\"wp-block-button__link has-white-color has-text-color wp-element-button\" href=\"https:\/\/tidd.ly\/45QtXZh\" target=\"_blank\" rel=\"sponsored noopener nofollow\">\u00bfPrefieres ahorrar? \u00a1DrSmile es la alternativa m\u00e1s barata!<\/a><\/div>\n<\/div>\n\n\n\n<p>El siguiente nivel es <strong>Invisalign Lite<\/strong>, que corrige las maloclusiones moderadamente graves de los dientes frontales y\/o laterales. Los costes de Invisalign aqu\u00ed empiezan en <strong>unos 2500 euros<\/strong>.  <\/p>\n\n\n\n<p><strong>Invisalign Full<\/strong> es adecuado para maloclusiones con correcci\u00f3n de mordida que requieren mucho m\u00e1s esfuerzo para corregirlas. Aqu\u00ed tienes que contar con <strong>al menos 6000 euros.<\/strong>  <\/p>\n\n\n\n<p>En algunos casos, la ortodoncia invisible tambi\u00e9n es adecuada para j\u00f3venes menores de 18 a\u00f1os. Los precios del tratamiento <strong>Invisalign<\/strong> Teen empiezan en <strong>unos 3000 euros<\/strong>, dependiendo de la gravedad de la malposici\u00f3n.  <\/p>\n\n\n<div class=\"wptb-container-legacy\" data-table-id=\"1527\">\n    <table class=\"wptb-preview-table wptb-element-main-table_setting-1527 edit-active\" data-reconstraction=\"1\" style=\"border: 1px solid rgb(209, 209, 209);\" data-wptb-table-tds-sum-max-width=\"263\" data-wptb-cells-width-auto-count=\"2\" data-wptb-horizontal-scroll-status=\"false\" data-wptb-extra-styles=\"LyogRW50ZXIgeW91ciBjdXN0b20gQ1NTIHJ1bGVzIGhlcmUgKi8=\" role=\"table\" data-wptb-header-background-color=\"#5ADFE5FF\" data-table-columns=\"2\"><tbody><tr class=\"wptb-row\" style=\"--hover-bg-color:undefined; background-color: rgb(90, 223, 229);\"><td class=\"wptb-cell\" style=\"border: 1px solid rgb(209, 209, 209);\" data-x-index=\"0\" data-y-index=\"0\" data-wptb-css-td-auto-width=\"true\"><div class=\"wptb-text-container wptb-ph-element wptb-element-text-607\" style=\"color: rgb(74, 85, 104); font-size: 15px;\"><div class=\"\" style=\"position: relative;\"><p class=\"\"><strong>Invisalign Behandlungsart<\/strong><\/p><\/div><\/div><\/td><td class=\"wptb-cell\" style=\"border: 1px solid rgb(209, 209, 209);\" data-x-index=\"1\" data-y-index=\"0\" data-wptb-css-td-auto-width=\"true\"><div class=\"wptb-text-container wptb-ph-element wptb-element-text-608\" style=\"color: rgb(74, 85, 104); font-size: 15px;\"><div class=\"\" style=\"position: relative;\"><p><strong>Beispielpreis<\/strong><\/p><\/div><\/div><\/td><\/tr><tr class=\"wptb-row\" style=\"--hover-bg-color:undefined;\"><td class=\"wptb-cell\" data-y-index=\"1\" data-x-index=\"0\" style=\"border: 1px solid rgb(209, 209, 209);\" data-wptb-css-td-auto-width=\"true\"><div class=\"wptb-text-container wptb-ph-element wptb-element-text-597\" style=\"color: rgb(74, 85, 104); font-size: 15px;\"><div class=\"\" style=\"position: relative;\"><p>Invisalign i7<\/p><\/div><\/div><\/td><td class=\"wptb-cell\" data-y-index=\"1\" data-x-index=\"1\" style=\"border: 1px solid rgb(209, 209, 209);\" data-wptb-css-td-auto-width=\"true\"><div class=\"wptb-text-container wptb-ph-element wptb-element-text-598\" style=\"color: rgb(74, 85, 104); font-size: 15px;\"><div class=\"\" style=\"position: relative;\"><p>ab ca. 1600\u20ac<\/p><\/div><\/div><\/td><\/tr><tr class=\"wptb-row\" style=\"--hover-bg-color:undefined;\"><td class=\"wptb-cell\" data-y-index=\"2\" data-x-index=\"0\" style=\"border: 1px solid rgb(209, 209, 209);\" data-wptb-css-td-auto-width=\"true\"><div class=\"wptb-text-container wptb-ph-element wptb-element-text-599\" style=\"color: rgb(74, 85, 104); font-size: 15px;\"><div class=\"\" style=\"position: relative;\"><p>Invisalign Lite<\/p><\/div><\/div><\/td><td class=\"wptb-cell\" data-y-index=\"2\" data-x-index=\"1\" style=\"border: 1px solid rgb(209, 209, 209);\" data-wptb-css-td-auto-width=\"true\"><div class=\"wptb-text-container wptb-ph-element wptb-element-text-600\" style=\"color: rgb(74, 85, 104); font-size: 15px;\"><div class=\"\" style=\"position: relative;\"><p>ab ca. 2500\u20ac<\/p><\/div><\/div><\/td><\/tr><tr class=\"wptb-row\" style=\"--hover-bg-color:undefined;\"><td class=\"wptb-cell\" data-y-index=\"3\" data-x-index=\"0\" style=\"border: 1px solid rgb(209, 209, 209);\" data-wptb-css-td-auto-width=\"true\"><div class=\"wptb-text-container wptb-ph-element wptb-element-text-601\" style=\"color: rgb(74, 85, 104); font-size: 15px;\"><div class=\"\" style=\"position: relative;\"><p>Invisalign Full<\/p><\/div><\/div><\/td><td class=\"wptb-cell\" data-y-index=\"3\" data-x-index=\"1\" style=\"border: 1px solid rgb(209, 209, 209);\" data-wptb-css-td-auto-width=\"true\"><div class=\"wptb-text-container wptb-ph-element wptb-element-text-602\" style=\"color: rgb(74, 85, 104); font-size: 15px;\"><div class=\"\" style=\"position: relative;\"><p>ab ca. 6000\u20ac<\/p><\/div><\/div><\/td><\/tr><tr class=\"wptb-row\" style=\"--hover-bg-color:undefined;\"><td class=\"wptb-cell\" data-y-index=\"4\" data-x-index=\"0\" style=\"border: 1px solid rgb(209, 209, 209);\" data-wptb-css-td-auto-width=\"true\"><div class=\"wptb-text-container wptb-ph-element wptb-element-text-603\" style=\"color: rgb(74, 85, 104); font-size: 15px;\"><div class=\"\" style=\"position: relative;\"><p>Invisalign Teen<\/p><\/div><\/div><\/td><td class=\"wptb-cell\" data-y-index=\"4\" data-x-index=\"1\" style=\"border: 1px solid rgb(209, 209, 209);\" data-wptb-css-td-auto-width=\"true\"><div class=\"wptb-text-container wptb-ph-element wptb-element-text-604\" style=\"color: rgb(74, 85, 104); font-size: 15px;\"><div class=\"\" style=\"position: relative;\"><p>ab ca. 3000\u20ac<\/p><\/div><\/div><\/td><\/tr><\/tbody><\/table>\n<\/div>\n\n\n\n\n<h2 class=\"wp-block-heading\"><span class=\"ez-toc-section\" id=\"%C2%BFCuanto_cuesta_un_refinamiento_de_caso_con_Invisalign\"><\/span>\u00bfCu\u00e1nto cuesta un refinamiento de caso con Invisalign?<span class=\"ez-toc-section-end\"><\/span><\/h2>\n\n\n\n<p>El refinamiento de casos se refiere al tratamiento de seguimiento cuando no se ha conseguido el resultado deseado tras completar el plan de tratamiento original.  <\/p>\n\n\n\n<p>En el precio de Invisalign Lite e Invisalign i7 se incluyen dos refinamientos de caso. Despu\u00e9s del tratamiento, se pueden pedir hasta 14 f\u00e9rulas nuevas dos veces gratuitamente.<\/p>\n\n\n\n<p>Si los pacientes siguen sin estar satisfechos, tienen que <strong>pagar ellos mismos los costes de Invisalign de los retoques posteriores<\/strong>. Cada juego adicional cuesta 135 euros.  <\/p>\n\n\n\n<p>La situaci\u00f3n es diferente con Invisalign Full. Aqu\u00ed, en el precio se incluye un <strong>n\u00famero infinito de refinamientos del caso<\/strong>. Los pacientes pueden pedir alineadores hasta que est\u00e9n satisfechos al cien por cien con el resultado.<\/p>\n\n\n\n<div class=\"wp-block-group box is-layout-constrained wp-block-group-is-layout-constrained\">\n<figure class=\"wp-block-table\"><table class=\"has-white-color has-text-color has-background\" style=\"background-color:#31b3cf\"><tbody><tr><td class=\"has-text-align-center\" data-align=\"center\"><strong>\u00a1Consigue 150 \u20ac de descuento en tu correcci\u00f3n dental!<\/strong><\/td><\/tr><\/tbody><\/table><\/figure>\n\n\n\n<div class=\"wp-block-media-text alignwide is-stacked-on-mobile is-vertically-aligned-center is-image-fill\"><figure class=\"wp-block-media-text__media\" style=\"background-image:url(https:\/\/aboutthatsmile.com\/wp-content\/uploads\/2023\/01\/frau-haelt-aligner-in-der-hand-strahlt-mit-daumen-nach-oben-1024x683.jpg);background-position:37% 41%\"><img decoding=\"async\" width=\"1024\" height=\"683\" src=\"https:\/\/aboutthatsmile.com\/wp-content\/uploads\/2023\/01\/frau-haelt-aligner-in-der-hand-strahlt-mit-daumen-nach-oben-1024x683.jpg\" alt=\"Mujer sujetando un alineador y sonriendo con los pulgares hacia arriba\" class=\"wp-image-273 size-full\" title=\"\" srcset=\"https:\/\/aboutthatsmile.com\/wp-content\/uploads\/2023\/01\/frau-haelt-aligner-in-der-hand-strahlt-mit-daumen-nach-oben-1024x683.jpg 1024w, https:\/\/aboutthatsmile.com\/wp-content\/uploads\/2023\/01\/frau-haelt-aligner-in-der-hand-strahlt-mit-daumen-nach-oben-300x200.jpg 300w, https:\/\/aboutthatsmile.com\/wp-content\/uploads\/2023\/01\/frau-haelt-aligner-in-der-hand-strahlt-mit-daumen-nach-oben-768x512.jpg 768w, https:\/\/aboutthatsmile.com\/wp-content\/uploads\/2023\/01\/frau-haelt-aligner-in-der-hand-strahlt-mit-daumen-nach-oben-960x640.jpg 960w, https:\/\/aboutthatsmile.com\/wp-content\/uploads\/2023\/01\/frau-haelt-aligner-in-der-hand-strahlt-mit-daumen-nach-oben-1080x720.jpg 1080w, https:\/\/aboutthatsmile.com\/wp-content\/uploads\/2023\/01\/frau-haelt-aligner-in-der-hand-strahlt-mit-daumen-nach-oben.jpg 1200w\" sizes=\"(max-width: 1024px) 100vw, 1024px\" \/><\/figure><div class=\"wp-block-media-text__content\">\n<p><a href=\"https:\/\/tidd.ly\/45QtXZh\" target=\"_blank\" rel=\"noreferrer noopener sponsored nofollow\">Reserva ahora una consulta<\/a> en una cl\u00ednica asociada a DrSmile cercana y averigua si el alisamiento dental con alineadores es para ti.<\/p>\n\n\n\n<p>La cita es totalmente no vinculante y no conlleva ning\u00fan coste.<\/p>\n\n\n\n<p>Con el c\u00f3digo \u00abTHATSMILE150\u00bb recibir\u00e1s 150 \u20ac de descuento en el tratamiento.<\/p>\n<\/div><\/div>\n\n\n\n<div class=\"wp-block-buttons is-layout-flex wp-block-buttons-is-layout-flex\">\n<div class=\"wp-block-button aligncenter\"><a class=\"wp-block-button__link wp-element-button\" href=\"https:\/\/tidd.ly\/45QtXZh\" target=\"_blank\" rel=\"sponsored noopener nofollow\"><mark style=\"background-color:rgba(0, 0, 0, 0)\" class=\"has-inline-color has-white-color\">Reserva ahora una cita de consulta gratuita.<\/mark><\/a><\/div>\n<\/div>\n<\/div>\n\n\n\n<h2 class=\"wp-block-heading\"><span class=\"ez-toc-section\" id=\"Precios_de_Invisalign_%C2%BFCuanto_cuesta_el_Refinamiento_de_Caso\"><\/span>Precios de Invisalign: \u00bfCu\u00e1nto cuesta el Refinamiento de Caso?<span class=\"ez-toc-section-end\"><\/span><\/h2>\n\n\n\n<p>Tras el tratamiento dental, comienza la fase de retenci\u00f3n, que es al menos tan importante como el tratamiento dental propiamente dicho.  <\/p>\n\n\n\n<p>Esto se debe a que aqu\u00ed se estabilizan los dientes que se han aflojado durante el tratamiento con Invisalign.  <\/p>\n\n\n\n<p>Adem\u00e1s de los aparatos con retenedores sueltos, tambi\u00e9n pueden utilizarse para este fin los retenedores fijos que permanecen en la boca de forma permanente.<\/p>\n\n\n\n<p>Los <strong>precios de Invisalign<\/strong> tambi\u00e9n <strong>var\u00edan de un dentista a otro<\/strong> para los retenedores. Los retenedores extra\u00edbles cuestan unos 270 euros en un juego de 3 (para ambos maxilares).  <\/p>\n\n\n\n<p><strong>Los costes de Invisalign para retenedores<\/strong> fijos empiezan en unos 250 euros por maxilar.  <\/p>\n\n\n\n<figure class=\"wp-block-image size-large\"><img decoding=\"async\" width=\"1024\" height=\"683\" src=\"https:\/\/aboutthatsmile.com\/wp-content\/uploads\/2022\/12\/frau-beim-zahnarzt-erklaert-roentgenbild-1024x683.jpg\" alt=\"Explicaci\u00f3n de la radiograf\u00eda de una dentadura postiza a una mujer en el dentista\" class=\"wp-image-126\" title=\"\" srcset=\"https:\/\/aboutthatsmile.com\/wp-content\/uploads\/2022\/12\/frau-beim-zahnarzt-erklaert-roentgenbild-1024x683.jpg 1024w, https:\/\/aboutthatsmile.com\/wp-content\/uploads\/2022\/12\/frau-beim-zahnarzt-erklaert-roentgenbild-300x200.jpg 300w, https:\/\/aboutthatsmile.com\/wp-content\/uploads\/2022\/12\/frau-beim-zahnarzt-erklaert-roentgenbild-768x512.jpg 768w, https:\/\/aboutthatsmile.com\/wp-content\/uploads\/2022\/12\/frau-beim-zahnarzt-erklaert-roentgenbild-960x640.jpg 960w, https:\/\/aboutthatsmile.com\/wp-content\/uploads\/2022\/12\/frau-beim-zahnarzt-erklaert-roentgenbild-1080x720.jpg 1080w, https:\/\/aboutthatsmile.com\/wp-content\/uploads\/2022\/12\/frau-beim-zahnarzt-erklaert-roentgenbild.jpg 1200w\" sizes=\"(max-width: 1024px) 100vw, 1024px\" \/><\/figure>\n\n\n\n<h2 class=\"wp-block-heading\"><span class=\"ez-toc-section\" id=\"%C2%BFSe_pueden_pagar_los_costes_de_Invisalign_a_plazos\"><\/span>\u00bfSe pueden pagar los costes de Invisalign a plazos?<span class=\"ez-toc-section-end\"><\/span><\/h2>\n\n\n\n<p>Todos los dentistas y ortodoncistas asociados a Invisalign suelen ofrecer el pago a plazos. Porque, claro, no siempre es posible pagar directamente varios miles de euros.  <\/p>\n\n\n\n<p>Para ello, se suelen acordar planes de financiaci\u00f3n individuales, que se basan en los deseos del paciente y en sus posibilidades econ\u00f3micas.  <\/p>\n\n\n\n<p>De este modo, la carga financiera puede repartirse a lo largo de un periodo de tiempo m\u00e1s prolongado. Para desajustes menores, las tarifas ya empiezan en unos 40 euros al mes.  <\/p>\n\n\n\n<p>Sin embargo, antes de firmar un contrato, merece la pena comparar las condiciones. Porque mientras algunos dentistas ofrecen financiaci\u00f3n a cero por ciento, otros cobran tipos de inter\u00e9s elevados.  <\/p>\n\n\n\n<div class=\"wp-block-buttons is-layout-flex wp-block-buttons-is-layout-flex\">\n<div class=\"wp-block-button aligncenter\"><a class=\"wp-block-button__link has-white-color has-text-color wp-element-button\" href=\"https:\/\/tidd.ly\/45QtXZh\" target=\"_blank\" rel=\"sponsored noopener nofollow\">\u00bfPrefieres ahorrar? \u00a1DrSmile es la alternativa m\u00e1s barata!<\/a><\/div>\n<\/div>\n\n\n\n<h2 class=\"wp-block-heading\"><span class=\"ez-toc-section\" id=\"Una_breve_conclusion_sobre_el_tema_de_los_costes_de_Invisalign\"><\/span>Una breve conclusi\u00f3n sobre el tema de los costes de Invisalign  <span class=\"ez-toc-section-end\"><\/span><\/h2>\n\n\n\n<p>Si sufres una <a href=\"https:\/\/aboutthatsmile.com\/es\/maloclusion-dental\/\" data-type=\"post\" data-id=\"997\">desalineaci\u00f3n<\/a> grave <a href=\"https:\/\/aboutthatsmile.com\/es\/maloclusion-dental\/\" data-type=\"post\" data-id=\"997\">de<\/a> los dientes que no puede tratarse con alineadores \u00abnormales\u00bb, podemos recomendarte claramente Invisalign.  <\/p>\n\n\n\n<p>Incluso en caso de maloclusiones graves, como una sobremordida o submordida pronunciadas, las cubetas dentales invisibles te ofrecen la posibilidad de una correcci\u00f3n dental discreta.<\/p>\n\n\n\n<p>Aunque los <strong>precios de Invisalign Full<\/strong> parezcan desalentadores a primera vista: de hecho, los aparatos fijos cuestan lo mismo o incluso m\u00e1s.<\/p>\n\n\n\n<p>As\u00ed que si definitivamente no quieres tener alambres y brackets en la boca, Invisalign es una buena opci\u00f3n. Incluso los adolescentes a partir de los 15 a\u00f1os pueden beneficiarse de un discreto enderezamiento dental con Invisalign.<\/p>\n\n\n\n<p>\u00bfS\u00f3lo necesitas una correcci\u00f3n est\u00e9tica de los dientes delanteros o s\u00f3lo tienes una maloclusi\u00f3n leve o moderada?<\/p>\n\n\n\n<p><strong>Entonces recomendamos claramente proveedores m\u00e1s baratos como DrSmile.  <\/strong>Esto se debe a que la empresa ofrece una muy buena relaci\u00f3n calidad-precio y comunica sus precios con transparencia.<\/p>\n\n\n\n<p>En la producci\u00f3n \u00abmade in Germany &amp; USA\u00bb s\u00f3lo se utilizan materiales de alta calidad y tecnolog\u00edas de vanguardia.<\/p>\n\n\n\n<p>A trav\u00e9s de la app, los dentistas y ortodoncistas controlan regularmente y tienen a la vista el curso del tratamiento. Por \u00faltimo, pero no por ello menos importante, DrSmile ofrece una promesa de satisfacci\u00f3n.<\/p>\n\n\n\n<p>En este art\u00edculo comparamos los dos proveedores con m\u00e1s detalle: <a href=\"https:\/\/aboutthatsmile.com\/es\/drsmile-vs-invisalign-que-proveedor-es-mejor\/\">DrSmile vs Invisalign.<\/a> <\/p>\n\n\n\n<div class=\"wp-block-group box is-layout-constrained wp-block-group-is-layout-constrained\">\n<figure class=\"wp-block-table\"><table class=\"has-white-color has-text-color has-background\" style=\"background-color:#31b3cf\"><tbody><tr><td class=\"has-text-align-center\" data-align=\"center\"><strong>\u00a1Consigue 150 \u20ac de descuento en tu correcci\u00f3n dental!<\/strong><\/td><\/tr><\/tbody><\/table><\/figure>\n\n\n\n<div class=\"wp-block-media-text alignwide is-stacked-on-mobile is-vertically-aligned-center is-image-fill\"><figure class=\"wp-block-media-text__media\" style=\"background-image:url(https:\/\/aboutthatsmile.com\/wp-content\/uploads\/2023\/01\/frau-haelt-aligner-in-der-hand-strahlt-mit-daumen-nach-oben-1024x683.jpg);background-position:37% 41%\"><img decoding=\"async\" width=\"1024\" height=\"683\" src=\"https:\/\/aboutthatsmile.com\/wp-content\/uploads\/2023\/01\/frau-haelt-aligner-in-der-hand-strahlt-mit-daumen-nach-oben-1024x683.jpg\" alt=\"Mujer sujetando un alineador y sonriendo con los pulgares hacia arriba\" class=\"wp-image-273 size-full\" title=\"\" srcset=\"https:\/\/aboutthatsmile.com\/wp-content\/uploads\/2023\/01\/frau-haelt-aligner-in-der-hand-strahlt-mit-daumen-nach-oben-1024x683.jpg 1024w, https:\/\/aboutthatsmile.com\/wp-content\/uploads\/2023\/01\/frau-haelt-aligner-in-der-hand-strahlt-mit-daumen-nach-oben-300x200.jpg 300w, https:\/\/aboutthatsmile.com\/wp-content\/uploads\/2023\/01\/frau-haelt-aligner-in-der-hand-strahlt-mit-daumen-nach-oben-768x512.jpg 768w, https:\/\/aboutthatsmile.com\/wp-content\/uploads\/2023\/01\/frau-haelt-aligner-in-der-hand-strahlt-mit-daumen-nach-oben-960x640.jpg 960w, https:\/\/aboutthatsmile.com\/wp-content\/uploads\/2023\/01\/frau-haelt-aligner-in-der-hand-strahlt-mit-daumen-nach-oben-1080x720.jpg 1080w, https:\/\/aboutthatsmile.com\/wp-content\/uploads\/2023\/01\/frau-haelt-aligner-in-der-hand-strahlt-mit-daumen-nach-oben.jpg 1200w\" sizes=\"(max-width: 1024px) 100vw, 1024px\" \/><\/figure><div class=\"wp-block-media-text__content\">\n<p><a href=\"https:\/\/tidd.ly\/45QtXZh\" target=\"_blank\" rel=\"noreferrer noopener sponsored nofollow\">Reserva ahora una consulta<\/a> en una cl\u00ednica asociada a DrSmile cercana y averigua si el alisamiento dental con alineadores es para ti.<\/p>\n\n\n\n<p>La cita es totalmente no vinculante y no conlleva ning\u00fan coste.<\/p>\n\n\n\n<p>Con el c\u00f3digo \u00abTHATSMILE150\u00bb recibir\u00e1s 150 \u20ac de descuento en el tratamiento.<\/p>\n<\/div><\/div>\n\n\n\n<div class=\"wp-block-buttons is-layout-flex wp-block-buttons-is-layout-flex\">\n<div class=\"wp-block-button aligncenter\"><a class=\"wp-block-button__link wp-element-button\" href=\"https:\/\/tidd.ly\/45QtXZh\" target=\"_blank\" rel=\"sponsored noopener nofollow\"><mark style=\"background-color:rgba(0, 0, 0, 0)\" class=\"has-inline-color has-white-color\">Reserva ahora una cita de consulta gratuita.<\/mark><\/a><\/div>\n<\/div>\n<\/div>\n\n\n\n<h2 class=\"wp-block-heading\"><span class=\"ez-toc-section\" id=\"Preguntas_frecuentes_sobre_los_precios_de_Invisalign\"><\/span>Preguntas frecuentes sobre los precios de Invisalign  <span class=\"ez-toc-section-end\"><\/span><\/h2>\n\n\n\n<p>Aqu\u00ed respondemos a algunas preguntas frecuentes sobre los precios de Invisalign.<\/p>\n\n\n\n<p><a href=\"https:\/\/aboutthatsmile.com\/es\/aparatos-ortopedicos\/invisalign\/\">Puedes encontrar m\u00e1s art\u00edculos e informaci\u00f3n sobre Invisalign aqu\u00ed.<\/a> <\/p>\n\n\n<div id=\"rank-math-faq\" class=\"rank-math-block\">\n<div class=\"rank-math-list \">\n<div id=\"faq-question-1676885484512\" class=\"rank-math-list-item\">\n<h3 class=\"rank-math-question \"><span class=\"ez-toc-section\" id=\"%C2%BFInvisalign_puede_desgravarse\"><\/span>\u00bfInvisalign puede desgravarse?<span class=\"ez-toc-section-end\"><\/span><\/h3>\n<div class=\"rank-math-answer \">\n\n<p>En principio, los costes de una correcci\u00f3n dental son deducibles fiscalmente como carga extraordinaria. Sin embargo, esto s\u00f3lo se aplica si existe una indicaci\u00f3n m\u00e9dica. <\/p>\n\n<\/div>\n<\/div>\n<div id=\"faq-question-1676885530016\" class=\"rank-math-list-item\">\n<h3 class=\"rank-math-question \"><span class=\"ez-toc-section\" id=\"%C2%BFPara_quien_no_es_adecuado_Invisalign\"><\/span>\u00bfPara qui\u00e9n no es adecuado Invisalign?<span class=\"ez-toc-section-end\"><\/span><\/h3>\n<div class=\"rank-math-answer \">\n\n<p>Los aparatos invisibles Invisalign pueden utilizarse en casi todos los casos de ortodoncia. S\u00f3lo en casos de maloclusiones extremas (por ejemplo, una inclinaci\u00f3n de los dientes de m\u00e1s de 45 grados por falta de espacio en la mand\u00edbula) los alineadores pueden llegar a sus l\u00edmites. En este caso, los pacientes necesitan realmente ortodoncia fija.<\/p>\n\n<\/div>\n<\/div>\n<div id=\"faq-question-1676885583352\" class=\"rank-math-list-item\">\n<h3 class=\"rank-math-question \"><span class=\"ez-toc-section\" id=\"%C2%BFCuanto_cuesta_Invisalign_al_mes\"><\/span>\u00bfCu\u00e1nto cuesta Invisalign al mes?<span class=\"ez-toc-section-end\"><\/span><\/h3>\n<div class=\"rank-math-answer \">\n\n<p>Todos los dentistas y ortodoncistas asociados a Invisalign suelen ofrecer el pago a plazos. Dependiendo del periodo de financiaci\u00f3n, las cuotas para las malposiciones m\u00e1s peque\u00f1as ya empiezan en unos 40 euros al mes.  <\/p>\n\n<\/div>\n<\/div>\n<\/div>\n<\/div>\n\n\n<figure class=\"wp-block-image size-large\"><img decoding=\"async\" width=\"1024\" height=\"701\" src=\"https:\/\/aboutthatsmile.com\/wp-content\/uploads\/2023\/02\/junger-mann-lacht-strahlend-1024x701.jpg\" alt=\"Joven riendo radiante a la c\u00e1mara\" class=\"wp-image-1190\" title=\"\" srcset=\"https:\/\/aboutthatsmile.com\/wp-content\/uploads\/2023\/02\/junger-mann-lacht-strahlend-1024x701.jpg 1024w, https:\/\/aboutthatsmile.com\/wp-content\/uploads\/2023\/02\/junger-mann-lacht-strahlend-300x205.jpg 300w, https:\/\/aboutthatsmile.com\/wp-content\/uploads\/2023\/02\/junger-mann-lacht-strahlend-768x525.jpg 768w, https:\/\/aboutthatsmile.com\/wp-content\/uploads\/2023\/02\/junger-mann-lacht-strahlend-960x657.jpg 960w, https:\/\/aboutthatsmile.com\/wp-content\/uploads\/2023\/02\/junger-mann-lacht-strahlend-1080x739.jpg 1080w, https:\/\/aboutthatsmile.com\/wp-content\/uploads\/2023\/02\/junger-mann-lacht-strahlend.jpg 1200w\" sizes=\"(max-width: 1024px) 100vw, 1024px\" \/><\/figure>\n\n\n<div class=\"kk-star-ratings kksr-auto kksr-align-left kksr-valign-bottom\"\n    data-payload='{&quot;align&quot;:&quot;left&quot;,&quot;id&quot;:&quot;8581&quot;,&quot;slug&quot;:&quot;default&quot;,&quot;valign&quot;:&quot;bottom&quot;,&quot;ignore&quot;:&quot;&quot;,&quot;reference&quot;:&quot;auto&quot;,&quot;class&quot;:&quot;&quot;,&quot;count&quot;:&quot;1&quot;,&quot;legendonly&quot;:&quot;&quot;,&quot;readonly&quot;:&quot;&quot;,&quot;score&quot;:&quot;5&quot;,&quot;starsonly&quot;:&quot;&quot;,&quot;best&quot;:&quot;5&quot;,&quot;gap&quot;:&quot;5&quot;,&quot;greet&quot;:&quot;Rate this post&quot;,&quot;legend&quot;:&quot;5\\\/5 - (1 voto)&quot;,&quot;size&quot;:&quot;24&quot;,&quot;title&quot;:&quot;Invisalign Precio: \u00bfCu\u00e1nto cuestan realmente los alineadores?&quot;,&quot;width&quot;:&quot;142.5&quot;,&quot;_legend&quot;:&quot;{score}\\\/{best} - ({count} {votes})&quot;,&quot;font_factor&quot;:&quot;1.25&quot;}'>\n            \n<div class=\"kksr-stars\">\n    \n<div class=\"kksr-stars-inactive\">\n            <div class=\"kksr-star\" data-star=\"1\" style=\"padding-right: 5px\">\n            \n\n<div class=\"kksr-icon\" style=\"width: 24px; height: 24px;\"><\/div>\n        <\/div>\n            <div class=\"kksr-star\" data-star=\"2\" style=\"padding-right: 5px\">\n            \n\n<div class=\"kksr-icon\" style=\"width: 24px; height: 24px;\"><\/div>\n        <\/div>\n            <div class=\"kksr-star\" data-star=\"3\" style=\"padding-right: 5px\">\n            \n\n<div class=\"kksr-icon\" style=\"width: 24px; height: 24px;\"><\/div>\n        <\/div>\n            <div class=\"kksr-star\" data-star=\"4\" style=\"padding-right: 5px\">\n            \n\n<div class=\"kksr-icon\" style=\"width: 24px; height: 24px;\"><\/div>\n        <\/div>\n            <div class=\"kksr-star\" data-star=\"5\" style=\"padding-right: 5px\">\n            \n\n<div class=\"kksr-icon\" style=\"width: 24px; height: 24px;\"><\/div>\n        <\/div>\n    <\/div>\n    \n<div class=\"kksr-stars-active\" style=\"width: 142.5px;\">\n            <div class=\"kksr-star\" style=\"padding-right: 5px\">\n            \n\n<div class=\"kksr-icon\" style=\"width: 24px; height: 24px;\"><\/div>\n        <\/div>\n            <div class=\"kksr-star\" style=\"padding-right: 5px\">\n            \n\n<div class=\"kksr-icon\" style=\"width: 24px; height: 24px;\"><\/div>\n        <\/div>\n            <div class=\"kksr-star\" style=\"padding-right: 5px\">\n            \n\n<div class=\"kksr-icon\" style=\"width: 24px; height: 24px;\"><\/div>\n        <\/div>\n            <div class=\"kksr-star\" style=\"padding-right: 5px\">\n            \n\n<div class=\"kksr-icon\" style=\"width: 24px; height: 24px;\"><\/div>\n        <\/div>\n            <div class=\"kksr-star\" style=\"padding-right: 5px\">\n            \n\n<div class=\"kksr-icon\" style=\"width: 24px; height: 24px;\"><\/div>\n        <\/div>\n    <\/div>\n<\/div>\n                \n\n<div class=\"kksr-legend\" style=\"font-size: 19.2px;\">\n            5\/5 - (1 voto)    <\/div>\n    <\/div>\n","protected":false},"excerpt":{"rendered":"<p>Invisalign es uno de los proveedores m\u00e1s caros del mercado. Pero, \u00bfcu\u00e1l es el Invisalign precio y cu\u00e1les son los&#8230;<\/p>\n","protected":false},"author":2,"featured_media":8582,"comment_status":"open","ping_status":"open","sticky":false,"template":"","format":"standard","meta":{"_kad_post_transparent":"","_kad_post_title":"","_kad_post_layout":"","_kad_post_sidebar_id":"","_kad_post_content_style":"","_kad_post_vertical_padding":"","_kad_post_feature":"","_kad_post_feature_position":"","_kad_post_header":false,"_kad_post_footer":false,"_kad_post_classname":"","footnotes":""},"categories":[109],"tags":[],"class_list":["post-8581","post","type-post","status-publish","format-standard","has-post-thumbnail","hentry","category-invisalign"],"_links":{"self":[{"href":"https:\/\/aboutthatsmile.com\/es\/wp-json\/wp\/v2\/posts\/8581","targetHints":{"allow":["GET"]}}],"collection":[{"href":"https:\/\/aboutthatsmile.com\/es\/wp-json\/wp\/v2\/posts"}],"about":[{"href":"https:\/\/aboutthatsmile.com\/es\/wp-json\/wp\/v2\/types\/post"}],"author":[{"embeddable":true,"href":"https:\/\/aboutthatsmile.com\/es\/wp-json\/wp\/v2\/users\/2"}],"replies":[{"embeddable":true,"href":"https:\/\/aboutthatsmile.com\/es\/wp-json\/wp\/v2\/comments?post=8581"}],"version-history":[{"count":6,"href":"https:\/\/aboutthatsmile.com\/es\/wp-json\/wp\/v2\/posts\/8581\/revisions"}],"predecessor-version":[{"id":8692,"href":"https:\/\/aboutthatsmile.com\/es\/wp-json\/wp\/v2\/posts\/8581\/revisions\/8692"}],"wp:featuredmedia":[{"embeddable":true,"href":"https:\/\/aboutthatsmile.com\/es\/wp-json\/wp\/v2\/media\/8582"}],"wp:attachment":[{"href":"https:\/\/aboutthatsmile.com\/es\/wp-json\/wp\/v2\/media?parent=8581"}],"wp:term":[{"taxonomy":"category","embeddable":true,"href":"https:\/\/aboutthatsmile.com\/es\/wp-json\/wp\/v2\/categories?post=8581"},{"taxonomy":"post_tag","embeddable":true,"href":"https:\/\/aboutthatsmile.com\/es\/wp-json\/wp\/v2\/tags?post=8581"}],"curies":[{"name":"wp","href":"https:\/\/api.w.org\/{rel}","templated":true}]}}