{"id":9533,"date":"2023-04-28T13:21:02","date_gmt":"2023-04-28T13:21:02","guid":{"rendered":"https:\/\/aboutthatsmile.com\/seguro-dental-complementario-invisalign-se-cubren-los-gastos-de-los-alineadores\/"},"modified":"2024-01-22T09:30:51","modified_gmt":"2024-01-22T09:30:51","slug":"seguro-dental-complementario-invisalign-se-cubren-los-gastos-de-los-alineadores","status":"publish","type":"post","link":"https:\/\/aboutthatsmile.com\/es\/seguro-dental-complementario-invisalign-se-cubren-los-gastos-de-los-alineadores\/","title":{"rendered":"Seguro dental complementario Invisalign: \u00bfse cubren los gastos de los alineadores?"},"content":{"rendered":"\n<p><strong><mark style=\"background-color:rgba(0, 0, 0, 0);color:#31b3cf\" class=\"has-inline-color\">Seguro dental complementario Invisalign: \u00bfest\u00e1n cubiertos los gastos del tratamiento con alineadores y qu\u00e9 debo tener en cuenta al elegir un plan?<\/mark><\/strong><\/p>\n\n\n\n<p>Los alineadores est\u00e1n ahora en boca de todos, en el verdadero sentido de la palabra. No es de extra\u00f1ar, porque son una alternativa discreta, <a href=\"https:\/\/aboutthatsmile.com\/es\/comprender-y-tratar-el-dolor-de-invisalign\/\" data-type=\"post\" data-id=\"1155\">indolora<\/a> y rentable a los aparatos fijos.<\/p>\n\n\n\n<p>Los adultos en particular ya no pueden imaginarse los antiest\u00e9ticos alambres y brackets en la boca en la vida cotidiana y profesional y, por tanto, prefieren corregirse los dientes con ortodoncia invisible.  <\/p>\n\n\n\n<div class=\"wp-block-group box is-layout-constrained wp-block-group-is-layout-constrained\">\n<figure class=\"wp-block-table\"><table class=\"has-white-color has-text-color has-background\" style=\"background-color:#31b3cf\"><tbody><tr><td class=\"has-text-align-center\" data-align=\"center\"><strong>\u00a1Consigue 150 \u20ac de descuento en tu correcci\u00f3n dental!<\/strong><\/td><\/tr><\/tbody><\/table><\/figure>\n\n\n\n<div class=\"wp-block-media-text alignwide is-stacked-on-mobile is-vertically-aligned-center is-image-fill\"><figure class=\"wp-block-media-text__media\" style=\"background-image:url(https:\/\/aboutthatsmile.com\/wp-content\/uploads\/2023\/01\/frau-haelt-aligner-in-der-hand-strahlt-mit-daumen-nach-oben-1024x683.jpg);background-position:37% 41%\"><img decoding=\"async\" width=\"1024\" height=\"683\" src=\"https:\/\/aboutthatsmile.com\/wp-content\/uploads\/2023\/01\/frau-haelt-aligner-in-der-hand-strahlt-mit-daumen-nach-oben-1024x683.jpg\" alt=\"Mujer sujetando un alineador y sonriendo con los pulgares hacia arriba\" class=\"wp-image-273 size-full\" title=\"\" srcset=\"https:\/\/aboutthatsmile.com\/wp-content\/uploads\/2023\/01\/frau-haelt-aligner-in-der-hand-strahlt-mit-daumen-nach-oben-1024x683.jpg 1024w, https:\/\/aboutthatsmile.com\/wp-content\/uploads\/2023\/01\/frau-haelt-aligner-in-der-hand-strahlt-mit-daumen-nach-oben-300x200.jpg 300w, https:\/\/aboutthatsmile.com\/wp-content\/uploads\/2023\/01\/frau-haelt-aligner-in-der-hand-strahlt-mit-daumen-nach-oben-768x512.jpg 768w, https:\/\/aboutthatsmile.com\/wp-content\/uploads\/2023\/01\/frau-haelt-aligner-in-der-hand-strahlt-mit-daumen-nach-oben-960x640.jpg 960w, https:\/\/aboutthatsmile.com\/wp-content\/uploads\/2023\/01\/frau-haelt-aligner-in-der-hand-strahlt-mit-daumen-nach-oben-1080x720.jpg 1080w, https:\/\/aboutthatsmile.com\/wp-content\/uploads\/2023\/01\/frau-haelt-aligner-in-der-hand-strahlt-mit-daumen-nach-oben.jpg 1200w\" sizes=\"(max-width: 1024px) 100vw, 1024px\" \/><\/figure><div class=\"wp-block-media-text__content\">\n<p><a href=\"https:\/\/tidd.ly\/3sZ6vdB\" target=\"_blank\" rel=\"noreferrer noopener sponsored nofollow\">Reserva ahora una consulta<\/a> en una cl\u00ednica asociada a DrSmile cercana y averigua si el alisamiento dental con alineadores es para ti.<\/p>\n\n\n\n<p>La cita es totalmente no vinculante y no conlleva ning\u00fan coste.<\/p>\n\n\n\n<p>Con el c\u00f3digo \u00abTHATSMILE150\u00bb recibir\u00e1s 150 \u20ac de descuento en el tratamiento.<\/p>\n<\/div><\/div>\n\n\n\n<div class=\"wp-block-buttons is-layout-flex wp-block-buttons-is-layout-flex\">\n<div class=\"wp-block-button aligncenter\"><a class=\"wp-block-button__link wp-element-button\" href=\"https:\/\/tidd.ly\/3sZ6vdB\" target=\"_blank\" rel=\"sponsored noopener nofollow\"><mark style=\"background-color:rgba(0, 0, 0, 0)\" class=\"has-inline-color has-white-color\">Reserva ahora una cita de consulta gratuita.<\/mark><\/a><\/div>\n<\/div>\n<\/div>\n\n\n\n<p>Sin embargo, aunque suelen ser mucho m\u00e1s baratos que los aparatos fijos, los alineadores tampoco son una ganga.  <\/p>\n\n\n\n<p>Esto se aplica en particular a los alineadores invisibles de Invisalign, que suelen pertenecer al segmento de precio alto del mercado de los alineadores.  <\/p>\n\n\n\n<p>Se fabrican con materiales de alta calidad y deben personalizarse. Adem\u00e1s, el tratamiento requiere un gran esfuerzo organizativo y visitas peri\u00f3dicas al dentista o al ortodoncista.  <\/p>\n\n\n\n<p>El seguro dental complementario parece ser una soluci\u00f3n sencilla en este caso. Esto se debe a que muchos proveedores anuncian que tambi\u00e9n cubren los gastos de correcci\u00f3n de dientes en adultos.  <\/p>\n\n\n\n<p>Por desgracia, en la mayor\u00eda de los casos no es tan sencillo. Por eso, en este art\u00edculo respondemos a la pregunta: <strong>\u00abSeguro dental complementario Invisalign: \u00bfest\u00e1n cubiertos los gastos de los alineadores?\u00bb<\/strong><\/p>\n\n\n\n<p><a href=\"https:\/\/aboutthatsmile.com\/es\/invisalign-opiniones\/\">Puedes encontrar m\u00e1s informaci\u00f3n sobre Invisalign en este art\u00edculo.<\/a><\/p>\n\n\n\n<figure class=\"wp-block-image size-large\"><img decoding=\"async\" width=\"1024\" height=\"683\" src=\"https:\/\/aboutthatsmile.com\/wp-content\/uploads\/2023\/03\/junge-frau-setzt-unsichtbare-zahnspange-ein-1024x683.jpg\" alt=\"Seguro dental Invisalign - la mujer usa f\u00e9rulas\" class=\"wp-image-2917\" title=\"\" srcset=\"https:\/\/aboutthatsmile.com\/wp-content\/uploads\/2023\/03\/junge-frau-setzt-unsichtbare-zahnspange-ein-1024x683.jpg 1024w, https:\/\/aboutthatsmile.com\/wp-content\/uploads\/2023\/03\/junge-frau-setzt-unsichtbare-zahnspange-ein-300x200.jpg 300w, https:\/\/aboutthatsmile.com\/wp-content\/uploads\/2023\/03\/junge-frau-setzt-unsichtbare-zahnspange-ein-768x512.jpg 768w, https:\/\/aboutthatsmile.com\/wp-content\/uploads\/2023\/03\/junge-frau-setzt-unsichtbare-zahnspange-ein-960x640.jpg 960w, https:\/\/aboutthatsmile.com\/wp-content\/uploads\/2023\/03\/junge-frau-setzt-unsichtbare-zahnspange-ein-1080x720.jpg 1080w, https:\/\/aboutthatsmile.com\/wp-content\/uploads\/2023\/03\/junge-frau-setzt-unsichtbare-zahnspange-ein.jpg 1200w\" sizes=\"(max-width: 1024px) 100vw, 1024px\" \/><\/figure>\n\n\n\n<div id=\"ez-toc-container\" class=\"ez-toc-v2_0_82_2 counter-hierarchy ez-toc-counter ez-toc-grey ez-toc-container-direction\">\n<div class=\"ez-toc-title-container\">\n<p class=\"ez-toc-title\" style=\"cursor:inherit\">Table of Contents<\/p>\n<span class=\"ez-toc-title-toggle\"><a href=\"#\" class=\"ez-toc-pull-right ez-toc-btn ez-toc-btn-xs ez-toc-btn-default ez-toc-toggle\" aria-label=\"Alternar tabla de contenidos\"><span class=\"ez-toc-js-icon-con\"><span class=\"\"><span class=\"eztoc-hide\" style=\"display:none;\">Toggle<\/span><span class=\"ez-toc-icon-toggle-span\"><svg style=\"fill: #999;color:#999\" xmlns=\"http:\/\/www.w3.org\/2000\/svg\" class=\"list-377408\" width=\"20px\" height=\"20px\" viewBox=\"0 0 24 24\" fill=\"none\"><path d=\"M6 6H4v2h2V6zm14 0H8v2h12V6zM4 11h2v2H4v-2zm16 0H8v2h12v-2zM4 16h2v2H4v-2zm16 0H8v2h12v-2z\" fill=\"currentColor\"><\/path><\/svg><svg style=\"fill: #999;color:#999\" class=\"arrow-unsorted-368013\" xmlns=\"http:\/\/www.w3.org\/2000\/svg\" width=\"10px\" height=\"10px\" viewBox=\"0 0 24 24\" version=\"1.2\" baseProfile=\"tiny\"><path d=\"M18.2 9.3l-6.2-6.3-6.2 6.3c-.2.2-.3.4-.3.7s.1.5.3.7c.2.2.4.3.7.3h11c.3 0 .5-.1.7-.3.2-.2.3-.5.3-.7s-.1-.5-.3-.7zM5.8 14.7l6.2 6.3 6.2-6.3c.2-.2.3-.5.3-.7s-.1-.5-.3-.7c-.2-.2-.4-.3-.7-.3h-11c-.3 0-.5.1-.7.3-.2.2-.3.5-.3.7s.1.5.3.7z\"\/><\/svg><\/span><\/span><\/span><\/a><\/span><\/div>\n<nav><ul class='ez-toc-list ez-toc-list-level-1 eztoc-toggle-hide-by-default' ><li class='ez-toc-page-1 ez-toc-heading-level-2'><a class=\"ez-toc-link ez-toc-heading-1\" href=\"https:\/\/aboutthatsmile.com\/es\/seguro-dental-complementario-invisalign-se-cubren-los-gastos-de-los-alineadores\/#%C2%BFCuanto_cuestan_realmente_los_alineadores_invisibles_de_Invisalign\" >\u00bfCu\u00e1nto cuestan realmente los alineadores invisibles de Invisalign?<\/a><\/li><li class='ez-toc-page-1 ez-toc-heading-level-2'><a class=\"ez-toc-link ez-toc-heading-2\" href=\"https:\/\/aboutthatsmile.com\/es\/seguro-dental-complementario-invisalign-se-cubren-los-gastos-de-los-alineadores\/#%C2%BFQue_pagan_las_companias_de_seguros_medicos\" >\u00bfQu\u00e9 pagan las compa\u00f1\u00edas de seguros m\u00e9dicos?<\/a><\/li><li class='ez-toc-page-1 ez-toc-heading-level-2'><a class=\"ez-toc-link ez-toc-heading-3\" href=\"https:\/\/aboutthatsmile.com\/es\/seguro-dental-complementario-invisalign-se-cubren-los-gastos-de-los-alineadores\/#Seguro_dental_complementario_%C2%BFque_es_y_que_cubre\" >Seguro dental complementario: \u00bfqu\u00e9 es y qu\u00e9 cubre?<\/a><\/li><li class='ez-toc-page-1 ez-toc-heading-level-2'><a class=\"ez-toc-link ez-toc-heading-4\" href=\"https:\/\/aboutthatsmile.com\/es\/seguro-dental-complementario-invisalign-se-cubren-los-gastos-de-los-alineadores\/#Seguro_dental_complementario_Invisalign_%C2%BFse_cubren_los_gastos\" >Seguro dental complementario Invisalign: \u00bfse cubren los gastos?<\/a><\/li><li class='ez-toc-page-1 ez-toc-heading-level-2'><a class=\"ez-toc-link ez-toc-heading-5\" href=\"https:\/\/aboutthatsmile.com\/es\/seguro-dental-complementario-invisalign-se-cubren-los-gastos-de-los-alineadores\/#Seguro_dental_complementario_Invisalign_para_ninos_y_adolescentes\" >Seguro dental complementario Invisalign para ni\u00f1os y adolescentes<\/a><\/li><li class='ez-toc-page-1 ez-toc-heading-level-2'><a class=\"ez-toc-link ez-toc-heading-6\" href=\"https:\/\/aboutthatsmile.com\/es\/seguro-dental-complementario-invisalign-se-cubren-los-gastos-de-los-alineadores\/#Seguro_dental_complementario_Invisalign_%C2%BFque_tarifa_es_la_adecuada\" >Seguro dental complementario Invisalign: \u00bfqu\u00e9 tarifa es la adecuada?<\/a><\/li><li class='ez-toc-page-1 ez-toc-heading-level-2'><a class=\"ez-toc-link ez-toc-heading-7\" href=\"https:\/\/aboutthatsmile.com\/es\/seguro-dental-complementario-invisalign-se-cubren-los-gastos-de-los-alineadores\/#DrSmile_La_alternativa_mas_barata\" >DrSmile: La alternativa m\u00e1s barata<\/a><\/li><li class='ez-toc-page-1 ez-toc-heading-level-2'><a class=\"ez-toc-link ez-toc-heading-8\" href=\"https:\/\/aboutthatsmile.com\/es\/seguro-dental-complementario-invisalign-se-cubren-los-gastos-de-los-alineadores\/#Preguntas_frecuentes_sobre_el_tema_del_seguro_dental_complementario_Invisalign\" >Preguntas frecuentes sobre el tema del seguro dental complementario Invisalign<\/a><ul class='ez-toc-list-level-3' ><li class='ez-toc-heading-level-3'><a class=\"ez-toc-link ez-toc-heading-9\" href=\"https:\/\/aboutthatsmile.com\/es\/seguro-dental-complementario-invisalign-se-cubren-los-gastos-de-los-alineadores\/#%C2%BFEl_seguro_dental_complementario_cubre_las_ferulas_dentales\" >\u00bfEl seguro dental complementario cubre las f\u00e9rulas dentales?<\/a><\/li><li class='ez-toc-page-1 ez-toc-heading-level-3'><a class=\"ez-toc-link ez-toc-heading-10\" href=\"https:\/\/aboutthatsmile.com\/es\/seguro-dental-complementario-invisalign-se-cubren-los-gastos-de-los-alineadores\/#%C2%BFQue_seguros_medicos_cubren_Invisalign\" >\u00bfQu\u00e9 seguros m\u00e9dicos cubren Invisalign?<\/a><\/li><li class='ez-toc-page-1 ez-toc-heading-level-3'><a class=\"ez-toc-link ez-toc-heading-11\" href=\"https:\/\/aboutthatsmile.com\/es\/seguro-dental-complementario-invisalign-se-cubren-los-gastos-de-los-alineadores\/#%C2%BFInvisalign_puede_desgravarse\" >\u00bfInvisalign puede desgravarse?<\/a><\/li><li class='ez-toc-page-1 ez-toc-heading-level-3'><a class=\"ez-toc-link ez-toc-heading-12\" href=\"https:\/\/aboutthatsmile.com\/es\/seguro-dental-complementario-invisalign-se-cubren-los-gastos-de-los-alineadores\/#%C2%BFQue_es_mejor_Invisalign_o_DrSmile\" >\u00bfQu\u00e9 es mejor: Invisalign o DrSmile?<\/a><\/li><\/ul><\/li><\/ul><\/nav><\/div>\n<h2 class=\"wp-block-heading\"><span class=\"ez-toc-section\" id=\"%C2%BFCuanto_cuestan_realmente_los_alineadores_invisibles_de_Invisalign\"><\/span>\u00bfCu\u00e1nto cuestan realmente los alineadores invisibles de Invisalign?<span class=\"ez-toc-section-end\"><\/span><\/h2>\n\n\n\n<p>Los costes de la correcci\u00f3n dental con Invisalign se basan en los siguientes factores:  <\/p>\n\n\n\n<ul class=\"wp-block-list\">\n<li>la <strong>gravedad de la maloclusi\u00f3n<\/strong><\/li>\n\n\n\n<li><a href=\"https:\/\/aboutthatsmile.com\/es\/invisalign-acortar-el-tiempo-de-uso-es-posible\/\">la duraci\u00f3n del tratamiento y el n\u00famero asociado de f\u00e9rulas necesarias<\/a><\/li>\n\n\n\n<li>el <strong>tipo de correcci\u00f3n deseada<\/strong><\/li>\n\n\n\n<li>los <strong>honorarios individuales <\/strong>del dentista u ortodoncista<\/li>\n<\/ul>\n\n\n\n<p>Conocer\u00e1s el precio final de tu tratamiento en cuanto se haya elaborado un plan de tratamiento durante tu cita inicial.  <\/p>\n\n\n\n<p>Estos son los costes aproximados que debes esperar:  <\/p>\n\n\n<div class=\"wptb-container-legacy\" data-table-id=\"1527\">\n    <table class=\"wptb-preview-table wptb-element-main-table_setting-1527 edit-active\" data-reconstraction=\"1\" style=\"border: 1px solid rgb(209, 209, 209);\" data-wptb-table-tds-sum-max-width=\"263\" data-wptb-cells-width-auto-count=\"2\" data-wptb-horizontal-scroll-status=\"false\" data-wptb-extra-styles=\"LyogRW50ZXIgeW91ciBjdXN0b20gQ1NTIHJ1bGVzIGhlcmUgKi8=\" role=\"table\" data-wptb-header-background-color=\"#5ADFE5FF\" data-table-columns=\"2\"><tbody><tr class=\"wptb-row\" style=\"--hover-bg-color:undefined; background-color: rgb(90, 223, 229);\"><td class=\"wptb-cell\" style=\"border: 1px solid rgb(209, 209, 209);\" data-x-index=\"0\" data-y-index=\"0\" data-wptb-css-td-auto-width=\"true\"><div class=\"wptb-text-container wptb-ph-element wptb-element-text-607\" style=\"color: rgb(74, 85, 104); font-size: 15px;\"><div class=\"\" style=\"position: relative;\"><p class=\"\"><strong>Invisalign Behandlungsart<\/strong><\/p><\/div><\/div><\/td><td class=\"wptb-cell\" style=\"border: 1px solid rgb(209, 209, 209);\" data-x-index=\"1\" data-y-index=\"0\" data-wptb-css-td-auto-width=\"true\"><div class=\"wptb-text-container wptb-ph-element wptb-element-text-608\" style=\"color: rgb(74, 85, 104); font-size: 15px;\"><div class=\"\" style=\"position: relative;\"><p><strong>Beispielpreis<\/strong><\/p><\/div><\/div><\/td><\/tr><tr class=\"wptb-row\" style=\"--hover-bg-color:undefined;\"><td class=\"wptb-cell\" data-y-index=\"1\" data-x-index=\"0\" style=\"border: 1px solid rgb(209, 209, 209);\" data-wptb-css-td-auto-width=\"true\"><div class=\"wptb-text-container wptb-ph-element wptb-element-text-597\" style=\"color: rgb(74, 85, 104); font-size: 15px;\"><div class=\"\" style=\"position: relative;\"><p>Invisalign i7<\/p><\/div><\/div><\/td><td class=\"wptb-cell\" data-y-index=\"1\" data-x-index=\"1\" style=\"border: 1px solid rgb(209, 209, 209);\" data-wptb-css-td-auto-width=\"true\"><div class=\"wptb-text-container wptb-ph-element wptb-element-text-598\" style=\"color: rgb(74, 85, 104); font-size: 15px;\"><div class=\"\" style=\"position: relative;\"><p>ab ca. 1600\u20ac<\/p><\/div><\/div><\/td><\/tr><tr class=\"wptb-row\" style=\"--hover-bg-color:undefined;\"><td class=\"wptb-cell\" data-y-index=\"2\" data-x-index=\"0\" style=\"border: 1px solid rgb(209, 209, 209);\" data-wptb-css-td-auto-width=\"true\"><div class=\"wptb-text-container wptb-ph-element wptb-element-text-599\" style=\"color: rgb(74, 85, 104); font-size: 15px;\"><div class=\"\" style=\"position: relative;\"><p>Invisalign Lite<\/p><\/div><\/div><\/td><td class=\"wptb-cell\" data-y-index=\"2\" data-x-index=\"1\" style=\"border: 1px solid rgb(209, 209, 209);\" data-wptb-css-td-auto-width=\"true\"><div class=\"wptb-text-container wptb-ph-element wptb-element-text-600\" style=\"color: rgb(74, 85, 104); font-size: 15px;\"><div class=\"\" style=\"position: relative;\"><p>ab ca. 2500\u20ac<\/p><\/div><\/div><\/td><\/tr><tr class=\"wptb-row\" style=\"--hover-bg-color:undefined;\"><td class=\"wptb-cell\" data-y-index=\"3\" data-x-index=\"0\" style=\"border: 1px solid rgb(209, 209, 209);\" data-wptb-css-td-auto-width=\"true\"><div class=\"wptb-text-container wptb-ph-element wptb-element-text-601\" style=\"color: rgb(74, 85, 104); font-size: 15px;\"><div class=\"\" style=\"position: relative;\"><p>Invisalign Full<\/p><\/div><\/div><\/td><td class=\"wptb-cell\" data-y-index=\"3\" data-x-index=\"1\" style=\"border: 1px solid rgb(209, 209, 209);\" data-wptb-css-td-auto-width=\"true\"><div class=\"wptb-text-container wptb-ph-element wptb-element-text-602\" style=\"color: rgb(74, 85, 104); font-size: 15px;\"><div class=\"\" style=\"position: relative;\"><p>ab ca. 6000\u20ac<\/p><\/div><\/div><\/td><\/tr><tr class=\"wptb-row\" style=\"--hover-bg-color:undefined;\"><td class=\"wptb-cell\" data-y-index=\"4\" data-x-index=\"0\" style=\"border: 1px solid rgb(209, 209, 209);\" data-wptb-css-td-auto-width=\"true\"><div class=\"wptb-text-container wptb-ph-element wptb-element-text-603\" style=\"color: rgb(74, 85, 104); font-size: 15px;\"><div class=\"\" style=\"position: relative;\"><p>Invisalign Teen<\/p><\/div><\/div><\/td><td class=\"wptb-cell\" data-y-index=\"4\" data-x-index=\"1\" style=\"border: 1px solid rgb(209, 209, 209);\" data-wptb-css-td-auto-width=\"true\"><div class=\"wptb-text-container wptb-ph-element wptb-element-text-604\" style=\"color: rgb(74, 85, 104); font-size: 15px;\"><div class=\"\" style=\"position: relative;\"><p>ab ca. 3000\u20ac<\/p><\/div><\/div><\/td><\/tr><\/tbody><\/table>\n<\/div>\n\n\n\n\n<p><a href=\"https:\/\/aboutthatsmile.com\/es\/invisalign-precio\/\">Aqu\u00ed puedes encontrar informaci\u00f3n m\u00e1s detallada sobre los costes de Invisalign.  <\/a><\/p>\n\n\n\n<p><strong>Consejo para ahorrar:<\/strong> \u00bfS\u00f3lo necesitas una correcci\u00f3n est\u00e9tica de los dientes delanteros o s\u00f3lo tienes una desalineaci\u00f3n de leve a moderada?<\/p>\n\n\n\n<p><strong>Entonces te recomendamos el proveedor m\u00e1s barato DrSmile.  <\/strong><a href=\"https:\/\/tidd.ly\/3sZ6vdB\" target=\"_blank\" rel=\"noreferrer noopener nofollow sponsored\">Aqu\u00ed puedes averiguar si tu maloclusi\u00f3n es adecuada para la terapia con alineadores. <\/a><\/p>\n\n\n\n<div class=\"wp-block-buttons is-layout-flex wp-block-buttons-is-layout-flex\">\n<div class=\"wp-block-button aligncenter\"><a class=\"wp-block-button__link has-white-color has-text-color wp-element-button\" href=\"https:\/\/tidd.ly\/3sZ6vdB\" target=\"_blank\" rel=\"sponsored noopener nofollow\">Aseg\u00farate ahora un descuento de 150 \u00a1DrSmile es la alternativa m\u00e1s barata!<\/a><\/div>\n<\/div>\n\n\n\n<h2 class=\"wp-block-heading\"><span class=\"ez-toc-section\" id=\"%C2%BFQue_pagan_las_companias_de_seguros_medicos\"><\/span>\u00bfQu\u00e9 pagan las compa\u00f1\u00edas de seguros m\u00e9dicos?<span class=\"ez-toc-section-end\"><\/span><\/h2>\n\n\n\n<p>Por lo general, las compa\u00f1\u00edas de seguros m\u00e9dicos cubren los gastos de los aparatos de ortodoncia para ni\u00f1os y adolescentes con dientes muy desalineados.  <\/p>\n\n\n\n<p>A diferencia de los menores, los <a href=\"https:\/\/aboutthatsmile.com\/es\/maloclusion-dental\/\">dientes desalineados<\/a> y los maxilares mal alineados en los adultos deben ir acompa\u00f1ados de graves restricciones de salud para que las compa\u00f1\u00edas de seguros m\u00e9dicos contribuyan a sufragar los gastos de correcci\u00f3n de los dientes o incluso los cubran por completo.  <\/p>\n\n\n\n<p>Por ejemplo, una malformaci\u00f3n cong\u00e9nita de la cara y la mand\u00edbula o una disgnat\u00eda esquel\u00e9tica. Adem\u00e1s, las compa\u00f1\u00edas de seguros m\u00e9dicos cubrir\u00e1n los gastos si la desalineaci\u00f3n mandibular es consecuencia de un accidente.<\/p>\n\n\n\n<p>Pero incluso en estos casos, s\u00f3lo se cubre la asistencia m\u00ednima como parte de las prestaciones est\u00e1ndar. Esto descarta b\u00e1sicamente el tratamiento con alineadores invisibles.  <\/p>\n\n\n\n<div class=\"wp-block-group box is-layout-constrained wp-block-group-is-layout-constrained\">\n<figure class=\"wp-block-table\"><table class=\"has-white-color has-text-color has-background\" style=\"background-color:#31b3cf\"><tbody><tr><td class=\"has-text-align-center\" data-align=\"center\"><strong>\u00a1Consigue 150 \u20ac de descuento en tu correcci\u00f3n dental!<\/strong><\/td><\/tr><\/tbody><\/table><\/figure>\n\n\n\n<div class=\"wp-block-media-text alignwide is-stacked-on-mobile is-vertically-aligned-center is-image-fill\"><figure class=\"wp-block-media-text__media\" style=\"background-image:url(https:\/\/aboutthatsmile.com\/wp-content\/uploads\/2023\/01\/frau-haelt-aligner-in-der-hand-strahlt-mit-daumen-nach-oben-1024x683.jpg);background-position:37% 41%\"><img decoding=\"async\" width=\"1024\" height=\"683\" src=\"https:\/\/aboutthatsmile.com\/wp-content\/uploads\/2023\/01\/frau-haelt-aligner-in-der-hand-strahlt-mit-daumen-nach-oben-1024x683.jpg\" alt=\"Mujer sujetando un alineador y sonriendo con los pulgares hacia arriba\" class=\"wp-image-273 size-full\" title=\"\" srcset=\"https:\/\/aboutthatsmile.com\/wp-content\/uploads\/2023\/01\/frau-haelt-aligner-in-der-hand-strahlt-mit-daumen-nach-oben-1024x683.jpg 1024w, https:\/\/aboutthatsmile.com\/wp-content\/uploads\/2023\/01\/frau-haelt-aligner-in-der-hand-strahlt-mit-daumen-nach-oben-300x200.jpg 300w, https:\/\/aboutthatsmile.com\/wp-content\/uploads\/2023\/01\/frau-haelt-aligner-in-der-hand-strahlt-mit-daumen-nach-oben-768x512.jpg 768w, https:\/\/aboutthatsmile.com\/wp-content\/uploads\/2023\/01\/frau-haelt-aligner-in-der-hand-strahlt-mit-daumen-nach-oben-960x640.jpg 960w, https:\/\/aboutthatsmile.com\/wp-content\/uploads\/2023\/01\/frau-haelt-aligner-in-der-hand-strahlt-mit-daumen-nach-oben-1080x720.jpg 1080w, https:\/\/aboutthatsmile.com\/wp-content\/uploads\/2023\/01\/frau-haelt-aligner-in-der-hand-strahlt-mit-daumen-nach-oben.jpg 1200w\" sizes=\"(max-width: 1024px) 100vw, 1024px\" \/><\/figure><div class=\"wp-block-media-text__content\">\n<p><a href=\"https:\/\/tidd.ly\/3sZ6vdB\" target=\"_blank\" rel=\"noreferrer noopener sponsored nofollow\">Reserva ahora una consulta<\/a> en una cl\u00ednica asociada a DrSmile cercana y averigua si el alisamiento dental con alineadores es para ti.<\/p>\n\n\n\n<p>La cita es totalmente no vinculante y no conlleva ning\u00fan coste.<\/p>\n\n\n\n<p>Con el c\u00f3digo \u00abTHATSMILE150\u00bb recibir\u00e1s 150 \u20ac de descuento en el tratamiento.<\/p>\n<\/div><\/div>\n\n\n\n<div class=\"wp-block-buttons is-layout-flex wp-block-buttons-is-layout-flex\">\n<div class=\"wp-block-button aligncenter\"><a class=\"wp-block-button__link wp-element-button\" href=\"https:\/\/tidd.ly\/3sZ6vdB\" target=\"_blank\" rel=\"sponsored noopener nofollow\"><mark style=\"background-color:rgba(0, 0, 0, 0)\" class=\"has-inline-color has-white-color\">Reserva ahora una cita de consulta gratuita.<\/mark><\/a><\/div>\n<\/div>\n<\/div>\n\n\n\n<h2 class=\"wp-block-heading\"><span class=\"ez-toc-section\" id=\"Seguro_dental_complementario_%C2%BFque_es_y_que_cubre\"><\/span>Seguro dental complementario: \u00bfqu\u00e9 es y qu\u00e9 cubre?<span class=\"ez-toc-section-end\"><\/span><\/h2>\n\n\n\n<p>Como las compa\u00f1\u00edas de seguros m\u00e9dicos no cubren los costes en la mayor\u00eda de los casos, muchos pacientes esperan recibir ayuda de su seguro dental complementario privado.  <\/p>\n\n\n\n<p>El seguro dental complementario es independiente de los ingresos y est\u00e1 dise\u00f1ado para proteger a los pacientes frente a los elevados copagos privados en el dentista o el ortodoncista.  <\/p>\n\n\n\n<p>Las \u00e1reas de riesgo cubiertas difieren de un proveedor a otro y de una tarifa a otra.  <\/p>\n\n\n\n<p>Sin embargo, por regla general, est\u00e1n cubiertos los gastos de tratamientos dentales como profilaxis (por ejemplo, limpieza dental), ortodoncia (por ejemplo, aparatos) o pr\u00f3tesis dentales (por ejemplo, carillas, pr\u00f3tesis o coronas).  <\/p>\n\n\n\n<p>Sin embargo, tambi\u00e9n aqu\u00ed surge la pregunta: <strong>\u00abSeguro dental complementario Invisalign: \u00bfest\u00e1n cubiertos los gastos de los alineadores?\u00bb<\/strong><\/p>\n\n\n\n<div class=\"wp-block-buttons is-layout-flex wp-block-buttons-is-layout-flex\">\n<div class=\"wp-block-button aligncenter\"><a class=\"wp-block-button__link has-white-color has-text-color wp-element-button\" href=\"https:\/\/tidd.ly\/3sZ6vdB\" target=\"_blank\" rel=\"sponsored noopener nofollow\">Aseg\u00farate ahora un descuento de 150 \u00a1DrSmile es la alternativa m\u00e1s barata!<\/a><\/div>\n<\/div>\n\n\n\n<figure class=\"wp-block-image size-large\"><img decoding=\"async\" width=\"1024\" height=\"684\" src=\"https:\/\/aboutthatsmile.com\/wp-content\/uploads\/2023\/03\/junge-frau-begeistert-beim-zahnarzt-1024x684.jpg\" alt=\"Mujer joven sonriendo al dentista\" class=\"wp-image-2882\" title=\"\" srcset=\"https:\/\/aboutthatsmile.com\/wp-content\/uploads\/2023\/03\/junge-frau-begeistert-beim-zahnarzt-1024x684.jpg 1024w, https:\/\/aboutthatsmile.com\/wp-content\/uploads\/2023\/03\/junge-frau-begeistert-beim-zahnarzt-300x200.jpg 300w, https:\/\/aboutthatsmile.com\/wp-content\/uploads\/2023\/03\/junge-frau-begeistert-beim-zahnarzt-768x513.jpg 768w, https:\/\/aboutthatsmile.com\/wp-content\/uploads\/2023\/03\/junge-frau-begeistert-beim-zahnarzt-960x641.jpg 960w, https:\/\/aboutthatsmile.com\/wp-content\/uploads\/2023\/03\/junge-frau-begeistert-beim-zahnarzt-1080x721.jpg 1080w, https:\/\/aboutthatsmile.com\/wp-content\/uploads\/2023\/03\/junge-frau-begeistert-beim-zahnarzt.jpg 1200w\" sizes=\"(max-width: 1024px) 100vw, 1024px\" \/><\/figure>\n\n\n\n<h2 class=\"wp-block-heading\" id=\"block-f0ea38cd-4dd1-47dd-85af-29e4e8839172\"><span class=\"ez-toc-section\" id=\"Seguro_dental_complementario_Invisalign_%C2%BFse_cubren_los_gastos\"><\/span>Seguro dental complementario Invisalign: \u00bfse cubren los gastos?<span class=\"ez-toc-section-end\"><\/span><\/h2>\n\n\n\n<p>Algunos seguros dentales complementarios cubren total o parcialmente los gastos de los alineadores invisibles. Sin embargo, el requisito previo para ello es que el contrato se haya celebrado a tiempo.  <\/p>\n\n\n\n<p>Para evitar que sus clientes contraten un seguro dental complementario exclusivamente para un servicio concreto (por ejemplo, correcci\u00f3n dental con alineadores), la mayor\u00eda de las aseguradoras establecen periodos de bloqueo.  <\/p>\n\n\n\n<p>Suelen durar unos seis meses desde el inicio del contrato; durante este periodo no se cubre ning\u00fan gasto.  <\/p>\n\n\n\n<p>Otras empresas escalonan los importes m\u00e1ximos de sus prestaciones en los primeros a\u00f1os tras la contrataci\u00f3n del seguro.  <\/p>\n\n\n\n<p><strong>Por eso es importante saberlo: <\/strong>El seguro dental complementario debe contratarse siempre con tiempo suficiente antes del inicio de la terapia con alineadores.  <\/p>\n\n\n\n<p>Esto se debe a que las compa\u00f1\u00edas de seguros pueden inspeccionar los historiales m\u00e9dicos. Adem\u00e1s, las preguntas sobre salud deben responderse siempre correctamente.<\/p>\n\n\n\n<p>Adem\u00e1s, debe existir una necesidad m\u00e9dica para la correcci\u00f3n dental. Sin embargo, no est\u00e1n cubiertos los tratamientos por motivos puramente est\u00e9ticos (por ejemplo, la insatisfacci\u00f3n con el aspecto de los dientes torcidos).  <\/p>\n\n\n\n<p>Por tanto, <strong>la pregunta \u00abSeguro dental complementario Invisalign: \u00bfest\u00e1n cubiertos los gastos de los alineadores?\u00bb <\/strong>no puede responderse en t\u00e9rminos generales.  <\/p>\n\n\n\n<div class=\"wp-block-buttons is-layout-flex wp-block-buttons-is-layout-flex\">\n<div class=\"wp-block-button aligncenter\"><a class=\"wp-block-button__link has-white-color has-text-color wp-element-button\" href=\"https:\/\/tidd.ly\/3sZ6vdB\" target=\"_blank\" rel=\"sponsored noopener nofollow\">Aseg\u00farate ahora un descuento de 150 \u00a1DrSmile es la alternativa m\u00e1s barata!<\/a><\/div>\n<\/div>\n\n\n\n<figure class=\"wp-block-image size-large\"><img decoding=\"async\" width=\"1024\" height=\"683\" src=\"https:\/\/aboutthatsmile.com\/wp-content\/uploads\/2023\/01\/mann-haelt-aligner-in-der-hand-macht-grimasse-1024x683.jpg\" alt=\"Un hombre sostiene un alineador en la mano y hace una mueca\" class=\"wp-image-277\" title=\"\" srcset=\"https:\/\/aboutthatsmile.com\/wp-content\/uploads\/2023\/01\/mann-haelt-aligner-in-der-hand-macht-grimasse-1024x683.jpg 1024w, https:\/\/aboutthatsmile.com\/wp-content\/uploads\/2023\/01\/mann-haelt-aligner-in-der-hand-macht-grimasse-300x200.jpg 300w, https:\/\/aboutthatsmile.com\/wp-content\/uploads\/2023\/01\/mann-haelt-aligner-in-der-hand-macht-grimasse-768x512.jpg 768w, https:\/\/aboutthatsmile.com\/wp-content\/uploads\/2023\/01\/mann-haelt-aligner-in-der-hand-macht-grimasse-960x640.jpg 960w, https:\/\/aboutthatsmile.com\/wp-content\/uploads\/2023\/01\/mann-haelt-aligner-in-der-hand-macht-grimasse-1080x720.jpg 1080w, https:\/\/aboutthatsmile.com\/wp-content\/uploads\/2023\/01\/mann-haelt-aligner-in-der-hand-macht-grimasse.jpg 1200w\" sizes=\"(max-width: 1024px) 100vw, 1024px\" \/><\/figure>\n\n\n\n<h2 class=\"wp-block-heading\"><span class=\"ez-toc-section\" id=\"Seguro_dental_complementario_Invisalign_para_ninos_y_adolescentes\"><\/span>Seguro dental complementario Invisalign para ni\u00f1os y adolescentes  <span class=\"ez-toc-section-end\"><\/span><\/h2>\n\n\n\n<p>Los padres tambi\u00e9n pueden contratar un seguro dental complementario para ni\u00f1os y j\u00f3venes con tarifas que cubran el tratamiento de ortodoncia.  <\/p>\n\n\n\n<p>Dado que actualmente m\u00e1s de la mitad de los ni\u00f1os y adolescentes llevan ortodoncia, puede merecer la pena.  <\/p>\n\n\n\n<p>Tambi\u00e9n es muy importante no dejar pasar el momento adecuado para concluir un contrato. La pol\u00edtica debe aplicarse siempre antes de que el dentista o el ortodoncista diagnostiquen los dientes desalineados del ni\u00f1o o joven.  <\/p>\n\n\n\n<p>Es cierto que las compa\u00f1\u00edas de seguros m\u00e9dicos suelen pagar las correcciones dentales de los menores si hay una indicaci\u00f3n m\u00e9dica.  <\/p>\n\n\n\n<p>Sin embargo, como ya se ha dicho, s\u00f3lo est\u00e1n cubiertos los cuidados m\u00ednimos como parte de las prestaciones est\u00e1ndar.  <\/p>\n\n\n\n<p>En consecuencia, s\u00f3lo se pagan los aparatos sencillos. Los costes adicionales por diagn\u00f3sticos innovadores, menor tiempo de uso o comodidad y est\u00e9tica (por ejemplo, alineadores en lugar de ortodoncia fija) se facturan como servicios privados y deben ser asumidos por el paciente.  <\/p>\n\n\n\n<p>Los ni\u00f1os mayores y los adolescentes tambi\u00e9n quieren ahora una correcci\u00f3n dental discreta. Por ejemplo, el tratamiento con Invisalign Teen es posible antes de que hayan erupcionado todos los dientes permanentes y a partir de los 11 a\u00f1os.<\/p>\n\n\n\n<div class=\"wp-block-group box is-layout-constrained wp-block-group-is-layout-constrained\">\n<figure class=\"wp-block-table\"><table class=\"has-white-color has-text-color has-background\" style=\"background-color:#31b3cf\"><tbody><tr><td class=\"has-text-align-center\" data-align=\"center\"><strong>\u00a1Consigue 150 \u20ac de descuento en tu correcci\u00f3n dental!<\/strong><\/td><\/tr><\/tbody><\/table><\/figure>\n\n\n\n<div class=\"wp-block-media-text alignwide is-stacked-on-mobile is-vertically-aligned-center is-image-fill\"><figure class=\"wp-block-media-text__media\" style=\"background-image:url(https:\/\/aboutthatsmile.com\/wp-content\/uploads\/2023\/01\/frau-haelt-aligner-in-der-hand-strahlt-mit-daumen-nach-oben-1024x683.jpg);background-position:37% 41%\"><img decoding=\"async\" width=\"1024\" height=\"683\" src=\"https:\/\/aboutthatsmile.com\/wp-content\/uploads\/2023\/01\/frau-haelt-aligner-in-der-hand-strahlt-mit-daumen-nach-oben-1024x683.jpg\" alt=\"Mujer sujetando un alineador y sonriendo con los pulgares hacia arriba\" class=\"wp-image-273 size-full\" title=\"\" srcset=\"https:\/\/aboutthatsmile.com\/wp-content\/uploads\/2023\/01\/frau-haelt-aligner-in-der-hand-strahlt-mit-daumen-nach-oben-1024x683.jpg 1024w, https:\/\/aboutthatsmile.com\/wp-content\/uploads\/2023\/01\/frau-haelt-aligner-in-der-hand-strahlt-mit-daumen-nach-oben-300x200.jpg 300w, https:\/\/aboutthatsmile.com\/wp-content\/uploads\/2023\/01\/frau-haelt-aligner-in-der-hand-strahlt-mit-daumen-nach-oben-768x512.jpg 768w, https:\/\/aboutthatsmile.com\/wp-content\/uploads\/2023\/01\/frau-haelt-aligner-in-der-hand-strahlt-mit-daumen-nach-oben-960x640.jpg 960w, https:\/\/aboutthatsmile.com\/wp-content\/uploads\/2023\/01\/frau-haelt-aligner-in-der-hand-strahlt-mit-daumen-nach-oben-1080x720.jpg 1080w, https:\/\/aboutthatsmile.com\/wp-content\/uploads\/2023\/01\/frau-haelt-aligner-in-der-hand-strahlt-mit-daumen-nach-oben.jpg 1200w\" sizes=\"(max-width: 1024px) 100vw, 1024px\" \/><\/figure><div class=\"wp-block-media-text__content\">\n<p><a href=\"https:\/\/tidd.ly\/3sZ6vdB\" target=\"_blank\" rel=\"noreferrer noopener sponsored nofollow\">Reserva ahora una consulta<\/a> en una cl\u00ednica asociada a DrSmile cercana y averigua si el alisamiento dental con alineadores es para ti.<\/p>\n\n\n\n<p>La cita es totalmente no vinculante y no conlleva ning\u00fan coste.<\/p>\n\n\n\n<p>Con el c\u00f3digo \u00abTHATSMILE150\u00bb recibir\u00e1s 150 \u20ac de descuento en el tratamiento.<\/p>\n<\/div><\/div>\n\n\n\n<div class=\"wp-block-buttons is-layout-flex wp-block-buttons-is-layout-flex\">\n<div class=\"wp-block-button aligncenter\"><a class=\"wp-block-button__link wp-element-button\" href=\"https:\/\/tidd.ly\/3sZ6vdB\" target=\"_blank\" rel=\"sponsored noopener nofollow\"><mark style=\"background-color:rgba(0, 0, 0, 0)\" class=\"has-inline-color has-white-color\">Reserva ahora una cita de consulta gratuita.<\/mark><\/a><\/div>\n<\/div>\n<\/div>\n\n\n\n<h2 class=\"wp-block-heading\"><span class=\"ez-toc-section\" id=\"Seguro_dental_complementario_Invisalign_%C2%BFque_tarifa_es_la_adecuada\"><\/span>Seguro dental complementario Invisalign: \u00bfqu\u00e9 tarifa es la adecuada?<span class=\"ez-toc-section-end\"><\/span><\/h2>\n\n\n\n<p>Numerosas compa\u00f1\u00edas de seguros ofrecen ahora seguros dentales complementarios. Y lo que es m\u00e1s, cada una de ellas ofrece tambi\u00e9n diferentes tarifas a diferentes precios.  <\/p>\n\n\n\n<p>Los proveedores que no hacen preguntas de salud ni tienen periodos de bloqueo suenan tentadores al principio. Sin embargo, estas tarifas son muy caras y suelen ofrecer una gama de servicios relativamente limitada.  <\/p>\n\n\n\n<p>B\u00e1sicamente, es importante sopesar si te conviene m\u00e1s una tarifa relativamente cara con una cobertura del 100% de los gastos, por ejemplo, o una tarifa m\u00e1s barata en la que s\u00f3lo se cubra un importe parcial de entre el 50 y el 70%.  <\/p>\n\n\n\n<p><strong>Como norma general, sin embargo <\/strong>, no s\u00f3lo recomendamos un seguro dental complementario si piensas corregirte los dientes.  <\/p>\n\n\n\n<p>Esto se debe a que servicios como los implantes, las carillas, las pr\u00f3tesis completas, el tratamiento del conducto radicular con coronaci\u00f3n o la anestesia general casi siempre tienen que ser pagados por el paciente: el copago suele rondar las cuatro cifras.  <\/p>\n\n\n\n<p>Por tanto, merece la pena contratar un seguro favorable con tiempo, antes de que el tratamiento dental pueda resultar realmente caro en caso de urgencia.  <\/p>\n\n\n\n<p>Por <strong>cierto: <\/strong>cuanto antes lo hagas, m\u00e1s favorables ser\u00e1n las primas. Se encarecen con la edad, ya que aumenta el riesgo para las compa\u00f1\u00edas de seguros.  <\/p>\n\n\n\n<div class=\"wp-block-buttons is-layout-flex wp-block-buttons-is-layout-flex\">\n<div class=\"wp-block-button aligncenter\"><a class=\"wp-block-button__link has-white-color has-text-color wp-element-button\" href=\"https:\/\/tidd.ly\/3sZ6vdB\" target=\"_blank\" rel=\"sponsored noopener nofollow\">Aseg\u00farate ahora un descuento de 150 \u00a1DrSmile es la alternativa m\u00e1s barata!<\/a><\/div>\n<\/div>\n\n\n\n<figure class=\"wp-block-image size-large\"><img decoding=\"async\" width=\"1024\" height=\"683\" src=\"https:\/\/aboutthatsmile.com\/wp-content\/uploads\/2023\/03\/aelteres-lachendes-paar-1024x683.jpg\" alt=\"Pareja de ancianos r\u00ede a la c\u00e1mara\" class=\"wp-image-2854\" title=\"\" srcset=\"https:\/\/aboutthatsmile.com\/wp-content\/uploads\/2023\/03\/aelteres-lachendes-paar-1024x683.jpg 1024w, https:\/\/aboutthatsmile.com\/wp-content\/uploads\/2023\/03\/aelteres-lachendes-paar-300x200.jpg 300w, https:\/\/aboutthatsmile.com\/wp-content\/uploads\/2023\/03\/aelteres-lachendes-paar-768x512.jpg 768w, https:\/\/aboutthatsmile.com\/wp-content\/uploads\/2023\/03\/aelteres-lachendes-paar-960x640.jpg 960w, https:\/\/aboutthatsmile.com\/wp-content\/uploads\/2023\/03\/aelteres-lachendes-paar-1080x720.jpg 1080w, https:\/\/aboutthatsmile.com\/wp-content\/uploads\/2023\/03\/aelteres-lachendes-paar.jpg 1200w\" sizes=\"(max-width: 1024px) 100vw, 1024px\" \/><\/figure>\n\n\n\n<h2 class=\"wp-block-heading\"><span class=\"ez-toc-section\" id=\"DrSmile_La_alternativa_mas_barata\"><\/span>DrSmile: La alternativa m\u00e1s barata  <span class=\"ez-toc-section-end\"><\/span><\/h2>\n\n\n\n<p>\u00bfS\u00f3lo necesitas una correcci\u00f3n est\u00e9tica de los dientes delanteros o s\u00f3lo tienes una maloclusi\u00f3n leve o moderada?<\/p>\n\n\n\n<p><strong>Entonces te recomendamos el proveedor m\u00e1s barato DrSmile.  <\/strong>Esto se debe a que la empresa ofrece una muy buena relaci\u00f3n calidad-precio y comunica sus precios con transparencia.<\/p>\n\n\n\n<p>En la producci\u00f3n \u00abmade in Germany &amp; USA\u00bb s\u00f3lo se utilizan materiales de alta calidad y tecnolog\u00edas de vanguardia.<\/p>\n\n\n\n<p>A trav\u00e9s de la app, los dentistas y ortodoncistas controlan regularmente y tienen a la vista el curso del tratamiento. Por \u00faltimo, pero no por ello menos importante, DrSmile ofrece una promesa de satisfacci\u00f3n.<\/p>\n\n\n\n<p>En este art\u00edculo comparamos los dos proveedores con m\u00e1s detalle: <a href=\"https:\/\/aboutthatsmile.com\/es\/drsmile-vs-invisalign-que-proveedor-es-mejor\/\">DrSmile vs Invisalign<\/a>.<\/p>\n\n\n\n<p><a href=\"https:\/\/tidd.ly\/3sZ6vdB\" target=\"_blank\" rel=\"noreferrer noopener nofollow sponsored\">Aqu\u00ed puedes averiguar si tu maloclusi\u00f3n es adecuada para la terapia con alineadores. <\/a><\/p>\n\n\n\n<div class=\"wp-block-group box is-layout-constrained wp-block-group-is-layout-constrained\">\n<figure class=\"wp-block-table\"><table class=\"has-white-color has-text-color has-background\" style=\"background-color:#31b3cf\"><tbody><tr><td class=\"has-text-align-center\" data-align=\"center\"><strong>\u00a1Consigue 150 \u20ac de descuento en tu correcci\u00f3n dental!<\/strong><\/td><\/tr><\/tbody><\/table><\/figure>\n\n\n\n<div class=\"wp-block-media-text alignwide is-stacked-on-mobile is-vertically-aligned-center is-image-fill\"><figure class=\"wp-block-media-text__media\" style=\"background-image:url(https:\/\/aboutthatsmile.com\/wp-content\/uploads\/2023\/01\/frau-haelt-aligner-in-der-hand-strahlt-mit-daumen-nach-oben-1024x683.jpg);background-position:37% 41%\"><img decoding=\"async\" width=\"1024\" height=\"683\" src=\"https:\/\/aboutthatsmile.com\/wp-content\/uploads\/2023\/01\/frau-haelt-aligner-in-der-hand-strahlt-mit-daumen-nach-oben-1024x683.jpg\" alt=\"Mujer sujetando un alineador y sonriendo con los pulgares hacia arriba\" class=\"wp-image-273 size-full\" title=\"\" srcset=\"https:\/\/aboutthatsmile.com\/wp-content\/uploads\/2023\/01\/frau-haelt-aligner-in-der-hand-strahlt-mit-daumen-nach-oben-1024x683.jpg 1024w, https:\/\/aboutthatsmile.com\/wp-content\/uploads\/2023\/01\/frau-haelt-aligner-in-der-hand-strahlt-mit-daumen-nach-oben-300x200.jpg 300w, https:\/\/aboutthatsmile.com\/wp-content\/uploads\/2023\/01\/frau-haelt-aligner-in-der-hand-strahlt-mit-daumen-nach-oben-768x512.jpg 768w, https:\/\/aboutthatsmile.com\/wp-content\/uploads\/2023\/01\/frau-haelt-aligner-in-der-hand-strahlt-mit-daumen-nach-oben-960x640.jpg 960w, https:\/\/aboutthatsmile.com\/wp-content\/uploads\/2023\/01\/frau-haelt-aligner-in-der-hand-strahlt-mit-daumen-nach-oben-1080x720.jpg 1080w, https:\/\/aboutthatsmile.com\/wp-content\/uploads\/2023\/01\/frau-haelt-aligner-in-der-hand-strahlt-mit-daumen-nach-oben.jpg 1200w\" sizes=\"(max-width: 1024px) 100vw, 1024px\" \/><\/figure><div class=\"wp-block-media-text__content\">\n<p><a href=\"https:\/\/tidd.ly\/3sZ6vdB\" target=\"_blank\" rel=\"noreferrer noopener sponsored nofollow\">Reserva ahora una consulta<\/a> en una cl\u00ednica asociada a DrSmile cercana y averigua si el alisamiento dental con alineadores es para ti.<\/p>\n\n\n\n<p>La cita es totalmente no vinculante y no conlleva ning\u00fan coste.<\/p>\n\n\n\n<p>Con el c\u00f3digo \u00abTHATSMILE150\u00bb recibir\u00e1s 150 \u20ac de descuento en el tratamiento.<\/p>\n<\/div><\/div>\n\n\n\n<div class=\"wp-block-buttons is-layout-flex wp-block-buttons-is-layout-flex\">\n<div class=\"wp-block-button aligncenter\"><a class=\"wp-block-button__link wp-element-button\" href=\"https:\/\/tidd.ly\/3sZ6vdB\" target=\"_blank\" rel=\"sponsored noopener nofollow\"><mark style=\"background-color:rgba(0, 0, 0, 0)\" class=\"has-inline-color has-white-color\">Reserva ahora una cita de consulta gratuita.<\/mark><\/a><\/div>\n<\/div>\n<\/div>\n\n\n\n<h2 class=\"wp-block-heading\"><span class=\"ez-toc-section\" id=\"Preguntas_frecuentes_sobre_el_tema_del_seguro_dental_complementario_Invisalign\"><\/span>Preguntas frecuentes sobre el tema del seguro dental complementario Invisalign<span class=\"ez-toc-section-end\"><\/span><\/h2>\n\n\n\n<p>Aqu\u00ed respondemos a algunas preguntas frecuentes sobre el seguro dental complementario Invisalign.<\/p>\n\n\n\n<p><a href=\"https:\/\/aboutthatsmile.com\/es\/aparatos-ortopedicos\/invisalign\/\">Puedes encontrar m\u00e1s art\u00edculos e informaci\u00f3n sobre Invisalign aqu\u00ed.<\/a><\/p>\n\n\n<div id=\"rank-math-faq\" class=\"rank-math-block\">\n<div class=\"rank-math-list \">\n<div id=\"faq-question-1682684251254\" class=\"rank-math-list-item\">\n<h3 class=\"rank-math-question \"><span class=\"ez-toc-section\" id=\"%C2%BFEl_seguro_dental_complementario_cubre_las_ferulas_dentales\"><\/span>\u00bfEl seguro dental complementario cubre las f\u00e9rulas dentales?<span class=\"ez-toc-section-end\"><\/span><\/h3>\n<div class=\"rank-math-answer \">\n\n<p>La mayor\u00eda de los seguros dentales complementarios privados cubren al menos parte de los costes del tratamiento con alineadores. El importe del copago depende del \u00e1mbito de aplicaci\u00f3n de la tarifa. Para los ni\u00f1os y adolescentes, el tratamiento de ortodoncia casi siempre est\u00e1 incluido en las prestaciones del seguro dental complementario.<\/p>\n\n<\/div>\n<\/div>\n<div id=\"faq-question-1682684317240\" class=\"rank-math-list-item\">\n<h3 class=\"rank-math-question \"><span class=\"ez-toc-section\" id=\"%C2%BFQue_seguros_medicos_cubren_Invisalign\"><\/span>\u00bfQu\u00e9 seguros m\u00e9dicos cubren Invisalign?<span class=\"ez-toc-section-end\"><\/span><\/h3>\n<div class=\"rank-math-answer \">\n\n<p>Por desgracia, las compa\u00f1\u00edas de seguros m\u00e9dicos s\u00f3lo cubren los costes del tratamiento Invisalign en casos extremadamente excepcionales. Por ejemplo, si una correcci\u00f3n dental es absolutamente necesaria por motivos de salud, pero el paciente padece una alergia grave al metal.  <\/p>\n\n<\/div>\n<\/div>\n<div id=\"faq-question-1682684391653\" class=\"rank-math-list-item\">\n<h3 class=\"rank-math-question \"><span class=\"ez-toc-section\" id=\"%C2%BFInvisalign_puede_desgravarse\"><\/span>\u00bfInvisalign puede desgravarse?<span class=\"ez-toc-section-end\"><\/span><\/h3>\n<div class=\"rank-math-answer \">\n\n<p>El tratamiento de ortodoncia por motivos m\u00e9dicos es desgravable. El tratamiento puede declararse como carga extraordinaria en la declaraci\u00f3n de la renta.<\/p>\n\n<\/div>\n<\/div>\n<div id=\"faq-question-1682684468369\" class=\"rank-math-list-item\">\n<h3 class=\"rank-math-question \"><span class=\"ez-toc-section\" id=\"%C2%BFQue_es_mejor_Invisalign_o_DrSmile\"><\/span>\u00bfQu\u00e9 es mejor: Invisalign o DrSmile?<span class=\"ez-toc-section-end\"><\/span><\/h3>\n<div class=\"rank-math-answer \">\n\n<p>Los aparatos invisibles de DrSmile permiten sobre todo correcciones est\u00e9ticas anteriores, pero son m\u00e1s asequibles y ofrecen una buena relaci\u00f3n calidad-precio. El \u00e1mbito de aplicaci\u00f3n de Invisalign es algo mayor. Los alineadores pueden utilizarse para corregir hasta el 90% de los casos de ortodoncia, incluidas las maloclusiones m\u00e1s complejas.  <\/p>\n\n<\/div>\n<\/div>\n<\/div>\n<\/div>\n\n\n<figure class=\"wp-block-image size-large\"><img decoding=\"async\" width=\"1024\" height=\"684\" src=\"https:\/\/aboutthatsmile.com\/wp-content\/uploads\/2023\/01\/junge-frau-haelt-aligner-1024x684.jpg\" alt=\"Una mujer sostiene un alineador en la mano y sonr\u00ede\" class=\"wp-image-733\" title=\"\" srcset=\"https:\/\/aboutthatsmile.com\/wp-content\/uploads\/2023\/01\/junge-frau-haelt-aligner-1024x684.jpg 1024w, https:\/\/aboutthatsmile.com\/wp-content\/uploads\/2023\/01\/junge-frau-haelt-aligner-300x200.jpg 300w, https:\/\/aboutthatsmile.com\/wp-content\/uploads\/2023\/01\/junge-frau-haelt-aligner-768x513.jpg 768w, https:\/\/aboutthatsmile.com\/wp-content\/uploads\/2023\/01\/junge-frau-haelt-aligner-960x641.jpg 960w, https:\/\/aboutthatsmile.com\/wp-content\/uploads\/2023\/01\/junge-frau-haelt-aligner-1080x721.jpg 1080w, https:\/\/aboutthatsmile.com\/wp-content\/uploads\/2023\/01\/junge-frau-haelt-aligner.jpg 1200w\" sizes=\"(max-width: 1024px) 100vw, 1024px\" \/><\/figure>\n\n\n<div class=\"kk-star-ratings kksr-auto kksr-align-left kksr-valign-bottom\"\n    data-payload='{&quot;align&quot;:&quot;left&quot;,&quot;id&quot;:&quot;9533&quot;,&quot;slug&quot;:&quot;default&quot;,&quot;valign&quot;:&quot;bottom&quot;,&quot;ignore&quot;:&quot;&quot;,&quot;reference&quot;:&quot;auto&quot;,&quot;class&quot;:&quot;&quot;,&quot;count&quot;:&quot;0&quot;,&quot;legendonly&quot;:&quot;&quot;,&quot;readonly&quot;:&quot;&quot;,&quot;score&quot;:&quot;0&quot;,&quot;starsonly&quot;:&quot;&quot;,&quot;best&quot;:&quot;5&quot;,&quot;gap&quot;:&quot;5&quot;,&quot;greet&quot;:&quot;Rate this post&quot;,&quot;legend&quot;:&quot;0\\\/5 - (0 votos)&quot;,&quot;size&quot;:&quot;24&quot;,&quot;title&quot;:&quot;Seguro dental complementario Invisalign: \u00bfse cubren los gastos de los alineadores?&quot;,&quot;width&quot;:&quot;0&quot;,&quot;_legend&quot;:&quot;{score}\\\/{best} - ({count} {votes})&quot;,&quot;font_factor&quot;:&quot;1.25&quot;}'>\n            \n<div class=\"kksr-stars\">\n    \n<div class=\"kksr-stars-inactive\">\n            <div class=\"kksr-star\" data-star=\"1\" style=\"padding-right: 5px\">\n            \n\n<div class=\"kksr-icon\" style=\"width: 24px; height: 24px;\"><\/div>\n        <\/div>\n            <div class=\"kksr-star\" data-star=\"2\" style=\"padding-right: 5px\">\n            \n\n<div class=\"kksr-icon\" style=\"width: 24px; height: 24px;\"><\/div>\n        <\/div>\n            <div class=\"kksr-star\" data-star=\"3\" style=\"padding-right: 5px\">\n            \n\n<div class=\"kksr-icon\" style=\"width: 24px; height: 24px;\"><\/div>\n        <\/div>\n            <div class=\"kksr-star\" data-star=\"4\" style=\"padding-right: 5px\">\n            \n\n<div class=\"kksr-icon\" style=\"width: 24px; height: 24px;\"><\/div>\n        <\/div>\n            <div class=\"kksr-star\" data-star=\"5\" style=\"padding-right: 5px\">\n            \n\n<div class=\"kksr-icon\" style=\"width: 24px; height: 24px;\"><\/div>\n        <\/div>\n    <\/div>\n    \n<div class=\"kksr-stars-active\" style=\"width: 0px;\">\n            <div class=\"kksr-star\" style=\"padding-right: 5px\">\n            \n\n<div class=\"kksr-icon\" style=\"width: 24px; height: 24px;\"><\/div>\n        <\/div>\n            <div class=\"kksr-star\" style=\"padding-right: 5px\">\n            \n\n<div class=\"kksr-icon\" style=\"width: 24px; height: 24px;\"><\/div>\n        <\/div>\n            <div class=\"kksr-star\" style=\"padding-right: 5px\">\n            \n\n<div class=\"kksr-icon\" style=\"width: 24px; height: 24px;\"><\/div>\n        <\/div>\n            <div class=\"kksr-star\" style=\"padding-right: 5px\">\n            \n\n<div class=\"kksr-icon\" style=\"width: 24px; height: 24px;\"><\/div>\n        <\/div>\n            <div class=\"kksr-star\" style=\"padding-right: 5px\">\n            \n\n<div class=\"kksr-icon\" style=\"width: 24px; height: 24px;\"><\/div>\n        <\/div>\n    <\/div>\n<\/div>\n                \n\n<div class=\"kksr-legend\" style=\"font-size: 19.2px;\">\n            <span class=\"kksr-muted\">Rate this post<\/span>\n    <\/div>\n    <\/div>\n","protected":false},"excerpt":{"rendered":"<p>Seguro dental complementario Invisalign: \u00bfest\u00e1n cubiertos los gastos del tratamiento con alineadores y qu\u00e9 debo tener en cuenta al elegir&#8230;<\/p>\n","protected":false},"author":2,"featured_media":9534,"comment_status":"open","ping_status":"open","sticky":false,"template":"","format":"standard","meta":{"_kad_post_transparent":"","_kad_post_title":"","_kad_post_layout":"","_kad_post_sidebar_id":"","_kad_post_content_style":"","_kad_post_vertical_padding":"","_kad_post_feature":"","_kad_post_feature_position":"","_kad_post_header":false,"_kad_post_footer":false,"_kad_post_classname":"","footnotes":""},"categories":[109],"tags":[],"class_list":["post-9533","post","type-post","status-publish","format-standard","has-post-thumbnail","hentry","category-invisalign"],"_links":{"self":[{"href":"https:\/\/aboutthatsmile.com\/es\/wp-json\/wp\/v2\/posts\/9533","targetHints":{"allow":["GET"]}}],"collection":[{"href":"https:\/\/aboutthatsmile.com\/es\/wp-json\/wp\/v2\/posts"}],"about":[{"href":"https:\/\/aboutthatsmile.com\/es\/wp-json\/wp\/v2\/types\/post"}],"author":[{"embeddable":true,"href":"https:\/\/aboutthatsmile.com\/es\/wp-json\/wp\/v2\/users\/2"}],"replies":[{"embeddable":true,"href":"https:\/\/aboutthatsmile.com\/es\/wp-json\/wp\/v2\/comments?post=9533"}],"version-history":[{"count":4,"href":"https:\/\/aboutthatsmile.com\/es\/wp-json\/wp\/v2\/posts\/9533\/revisions"}],"predecessor-version":[{"id":9541,"href":"https:\/\/aboutthatsmile.com\/es\/wp-json\/wp\/v2\/posts\/9533\/revisions\/9541"}],"wp:featuredmedia":[{"embeddable":true,"href":"https:\/\/aboutthatsmile.com\/es\/wp-json\/wp\/v2\/media\/9534"}],"wp:attachment":[{"href":"https:\/\/aboutthatsmile.com\/es\/wp-json\/wp\/v2\/media?parent=9533"}],"wp:term":[{"taxonomy":"category","embeddable":true,"href":"https:\/\/aboutthatsmile.com\/es\/wp-json\/wp\/v2\/categories?post=9533"},{"taxonomy":"post_tag","embeddable":true,"href":"https:\/\/aboutthatsmile.com\/es\/wp-json\/wp\/v2\/tags?post=9533"}],"curies":[{"name":"wp","href":"https:\/\/api.w.org\/{rel}","templated":true}]}}