{"id":15904,"date":"2025-01-28T18:25:30","date_gmt":"2025-01-28T18:25:30","guid":{"rendered":"https:\/\/aboutthatsmile.com\/retenues-combien-de-temps-doivent-elles-etre-portees-apres-la-correction-des-dents\/"},"modified":"2025-02-13T05:41:13","modified_gmt":"2025-02-13T05:41:13","slug":"retenues-combien-de-temps-doivent-elles-etre-portees-apres-la-correction-des-dents","status":"publish","type":"post","link":"https:\/\/aboutthatsmile.com\/fr\/retenues-combien-de-temps-doivent-elles-etre-portees-apres-la-correction-des-dents\/","title":{"rendered":"Retenues : combien de temps doivent-elles \u00eatre port\u00e9es apr\u00e8s la correction des dents ?"},"content":{"rendered":"\n<p><strong><mark style=\"background-color:rgba(0, 0, 0, 0);color:#31b3cf\" class=\"has-inline-color\">Retenues : combien de temps doivent-elles \u00eatre port\u00e9es apr\u00e8s la correction des dents ? Conseils et infos sur le th\u00e8me de la r\u00e9tention apr\u00e8s le traitement. <\/mark><\/strong><\/p>\n\n<p>Apr\u00e8s une correction dentaire r\u00e9ussie, tu te tiens enfin devant le miroir et admires le r\u00e9sultat parfait.  <\/p>\n\n<p>Un sourire \u00e9clatant, des dents droites &#8211; l&rsquo;objectif est atteint ! Mais ce que beaucoup de gens ne savent pas, c&rsquo;est qu&rsquo;il y a beaucoup de choses \u00e0 faire : La correction des dents ne se termine pas avec le retrait de l&rsquo;appareil dentaire ou la derni\u00e8re goutti\u00e8re d&rsquo;une th\u00e9rapie par aligneurs.   <\/p>\n\n<p>Tes dents ont une tendance naturelle \u00e0 migrer vers leur position initiale. Pour \u00e9viter cela, la r\u00e9tention &#8211; c&rsquo;est-\u00e0-dire le port d&rsquo;une contention &#8211; est essentielle.   <\/p>\n\n<p>Mais combien de temps dois-tu porter un appareil de contention ? Et quel type de contention te convient le mieux ? Dans cet article, tu trouveras tout ce que tu dois savoir sur le th\u00e8me \u00ab\u00a0Retainer &#8211; combien de temps dois-je les porter ?  <\/p>\n\n<div class=\"wp-block-group box is-layout-constrained wp-block-group-is-layout-constrained\">\n<figure class=\"wp-block-table\"><table class=\"has-white-color has-text-color has-background\" style=\"background-color:#31b3cf\"><tbody><tr><td class=\"has-text-align-center\" data-align=\"center\"><strong>Obtiens 150\u20ac de r\u00e9duction sur ta correction dentaire !<\/strong><\/td><\/tr><\/tbody><\/table><\/figure>\n\n\n\n<div class=\"wp-block-media-text alignwide is-stacked-on-mobile is-vertically-aligned-center is-image-fill-element\"><figure class=\"wp-block-media-text__media\"><img decoding=\"async\" width=\"1024\" height=\"683\" src=\"https:\/\/aboutthatsmile.com\/wp-content\/uploads\/2023\/01\/frau-haelt-aligner-in-der-hand-strahlt-mit-daumen-nach-oben-1024x683.jpg\" alt=\"Femme tenant un aligneur et souriant en levant le pouce\" class=\"wp-image-273 size-full\" style=\"object-position:37% 41%\" title=\"\" srcset=\"https:\/\/aboutthatsmile.com\/wp-content\/uploads\/2023\/01\/frau-haelt-aligner-in-der-hand-strahlt-mit-daumen-nach-oben-1024x683.jpg 1024w, https:\/\/aboutthatsmile.com\/wp-content\/uploads\/2023\/01\/frau-haelt-aligner-in-der-hand-strahlt-mit-daumen-nach-oben-300x200.jpg 300w, https:\/\/aboutthatsmile.com\/wp-content\/uploads\/2023\/01\/frau-haelt-aligner-in-der-hand-strahlt-mit-daumen-nach-oben-768x512.jpg 768w, https:\/\/aboutthatsmile.com\/wp-content\/uploads\/2023\/01\/frau-haelt-aligner-in-der-hand-strahlt-mit-daumen-nach-oben-960x640.jpg 960w, https:\/\/aboutthatsmile.com\/wp-content\/uploads\/2023\/01\/frau-haelt-aligner-in-der-hand-strahlt-mit-daumen-nach-oben-1080x720.jpg 1080w, https:\/\/aboutthatsmile.com\/wp-content\/uploads\/2023\/01\/frau-haelt-aligner-in-der-hand-strahlt-mit-daumen-nach-oben.jpg 1200w\" sizes=\"(max-width: 1024px) 100vw, 1024px\" \/><\/figure><div class=\"wp-block-media-text__content\">\n<p><a href=\"https:\/\/tidd.ly\/4blTex3\" target=\"_blank\" rel=\"noreferrer noopener sponsored nofollow\">R\u00e9serve d\u00e8s maintenant un rendez-vous de consultation<\/a> dans un cabinet partenaire de DrSmile situ\u00e9 \u00e0 proximit\u00e9 et d\u00e9couvre si la correction des dents avec des aligneurs est une option pour toi.<\/p>\n\n\n\n<p>Le rendez-vous est totalement sans engagement et n&rsquo;implique aucun co\u00fbt.<\/p>\n\n\n\n<p>Avec le code \u00ab\u00a0THATSMILE150\u00a0\u00bb, tu b\u00e9n\u00e9ficies d&rsquo;une r\u00e9duction de 150 \u20ac sur le traitement.<\/p>\n<\/div><\/div>\n\n\n\n<div class=\"wp-block-buttons is-layout-flex wp-block-buttons-is-layout-flex\">\n<div class=\"wp-block-button aligncenter\"><a class=\"wp-block-button__link wp-element-button\" href=\"https:\/\/tidd.ly\/4blTex3\" target=\"_blank\" rel=\"sponsored noopener noreferrer nofollow\"><mark style=\"background-color:rgba(0, 0, 0, 0)\" class=\"has-inline-color has-white-color\">R\u00e9serve maintenant un rendez-vous de conseil gratuit.<\/mark><\/a><\/div>\n<\/div>\n<\/div>\n\n<hr class=\"wp-block-separator has-alpha-channel-opacity\"\/>\n\n<div id=\"ez-toc-container\" class=\"ez-toc-v2_0_82_2 counter-hierarchy ez-toc-counter ez-toc-grey ez-toc-container-direction\">\n<div class=\"ez-toc-title-container\">\n<p class=\"ez-toc-title\" style=\"cursor:inherit\">Table of Contents<\/p>\n<span class=\"ez-toc-title-toggle\"><a href=\"#\" class=\"ez-toc-pull-right ez-toc-btn ez-toc-btn-xs ez-toc-btn-default ez-toc-toggle\" aria-label=\"Toggle Table of Content\"><span class=\"ez-toc-js-icon-con\"><span class=\"\"><span class=\"eztoc-hide\" style=\"display:none;\">Toggle<\/span><span class=\"ez-toc-icon-toggle-span\"><svg style=\"fill: #999;color:#999\" xmlns=\"http:\/\/www.w3.org\/2000\/svg\" class=\"list-377408\" width=\"20px\" height=\"20px\" viewBox=\"0 0 24 24\" fill=\"none\"><path d=\"M6 6H4v2h2V6zm14 0H8v2h12V6zM4 11h2v2H4v-2zm16 0H8v2h12v-2zM4 16h2v2H4v-2zm16 0H8v2h12v-2z\" fill=\"currentColor\"><\/path><\/svg><svg style=\"fill: #999;color:#999\" class=\"arrow-unsorted-368013\" xmlns=\"http:\/\/www.w3.org\/2000\/svg\" width=\"10px\" height=\"10px\" viewBox=\"0 0 24 24\" version=\"1.2\" baseProfile=\"tiny\"><path d=\"M18.2 9.3l-6.2-6.3-6.2 6.3c-.2.2-.3.4-.3.7s.1.5.3.7c.2.2.4.3.7.3h11c.3 0 .5-.1.7-.3.2-.2.3-.5.3-.7s-.1-.5-.3-.7zM5.8 14.7l6.2 6.3 6.2-6.3c.2-.2.3-.5.3-.7s-.1-.5-.3-.7c-.2-.2-.4-.3-.7-.3h-11c-.3 0-.5.1-.7.3-.2.2-.3.5-.3.7s.1.5.3.7z\"\/><\/svg><\/span><\/span><\/span><\/a><\/span><\/div>\n<nav><ul class='ez-toc-list ez-toc-list-level-1 eztoc-toggle-hide-by-default' ><li class='ez-toc-page-1 ez-toc-heading-level-2'><a class=\"ez-toc-link ez-toc-heading-1\" href=\"https:\/\/aboutthatsmile.com\/fr\/retenues-combien-de-temps-doivent-elles-etre-portees-apres-la-correction-des-dents\/#Pourquoi_les_contentions_sont-elles_importantes\" >Pourquoi les contentions sont-elles importantes ?<\/a><\/li><li class='ez-toc-page-1 ez-toc-heading-level-2'><a class=\"ez-toc-link ez-toc-heading-2\" href=\"https:\/\/aboutthatsmile.com\/fr\/retenues-combien-de-temps-doivent-elles-etre-portees-apres-la-correction-des-dents\/#Les_differents_types_de_contention\" >Les diff\u00e9rents types de contention<\/a><ul class='ez-toc-list-level-3' ><li class='ez-toc-heading-level-3'><a class=\"ez-toc-link ez-toc-heading-3\" href=\"https:\/\/aboutthatsmile.com\/fr\/retenues-combien-de-temps-doivent-elles-etre-portees-apres-la-correction-des-dents\/#Retenue_fixe\" >Retenue fixe<\/a><\/li><li class='ez-toc-page-1 ez-toc-heading-level-3'><a class=\"ez-toc-link ez-toc-heading-4\" href=\"https:\/\/aboutthatsmile.com\/fr\/retenues-combien-de-temps-doivent-elles-etre-portees-apres-la-correction-des-dents\/#Retenues_amovibles\" >Retenues amovibles<\/a><\/li><\/ul><\/li><li class='ez-toc-page-1 ez-toc-heading-level-2'><a class=\"ez-toc-link ez-toc-heading-5\" href=\"https:\/\/aboutthatsmile.com\/fr\/retenues-combien-de-temps-doivent-elles-etre-portees-apres-la-correction-des-dents\/#Combien_de_temps_dois-tu_porter_une_contention\" >Combien de temps dois-tu porter une contention ?<\/a><\/li><li class='ez-toc-page-1 ez-toc-heading-level-2'><a class=\"ez-toc-link ez-toc-heading-6\" href=\"https:\/\/aboutthatsmile.com\/fr\/retenues-combien-de-temps-doivent-elles-etre-portees-apres-la-correction-des-dents\/#Pourquoi_la_retention_a_vie_est_utile\" >Pourquoi la r\u00e9tention \u00e0 vie est utile<\/a><\/li><li class='ez-toc-page-1 ez-toc-heading-level-2'><a class=\"ez-toc-link ez-toc-heading-7\" href=\"https:\/\/aboutthatsmile.com\/fr\/retenues-combien-de-temps-doivent-elles-etre-portees-apres-la-correction-des-dents\/#Conseils_pour_lutilisation_des_contentions\" >Conseils pour l&rsquo;utilisation des contentions<\/a><\/li><li class='ez-toc-page-1 ez-toc-heading-level-2'><a class=\"ez-toc-link ez-toc-heading-8\" href=\"https:\/\/aboutthatsmile.com\/fr\/retenues-combien-de-temps-doivent-elles-etre-portees-apres-la-correction-des-dents\/#Conclusion_sur_le_theme_Retainer_%E2%80%93_combien_de_temps_dois-je_les_porter\" >Conclusion sur le th\u00e8me : Retainer &#8211; combien de temps dois-je les porter ?<\/a><\/li><li class='ez-toc-page-1 ez-toc-heading-level-2'><a class=\"ez-toc-link ez-toc-heading-9\" href=\"https:\/\/aboutthatsmile.com\/fr\/retenues-combien-de-temps-doivent-elles-etre-portees-apres-la-correction-des-dents\/#FAQ_sur_les_contentions_%E2%80%93_combien_de_temps_faut-il_les_porter\" >FAQ sur les contentions &#8211; combien de temps faut-il les porter ?<\/a><ul class='ez-toc-list-level-3' ><li class='ez-toc-heading-level-3'><a class=\"ez-toc-link ez-toc-heading-10\" href=\"https:\/\/aboutthatsmile.com\/fr\/retenues-combien-de-temps-doivent-elles-etre-portees-apres-la-correction-des-dents\/#Quest-ce_quune_contention_et_pourquoi_est-elle_importante_apres_une_correction_dentaire\" >Qu&rsquo;est-ce qu&rsquo;une contention et pourquoi est-elle importante apr\u00e8s une correction dentaire ?<\/a><\/li><li class='ez-toc-page-1 ez-toc-heading-level-3'><a class=\"ez-toc-link ez-toc-heading-11\" href=\"https:\/\/aboutthatsmile.com\/fr\/retenues-combien-de-temps-doivent-elles-etre-portees-apres-la-correction-des-dents\/#Combien_de_temps_dois-je_porter_mon_appareil_de_contention\" >Combien de temps dois-je porter mon appareil de contention ?<\/a><\/li><li class='ez-toc-page-1 ez-toc-heading-level-3'><a class=\"ez-toc-link ez-toc-heading-12\" href=\"https:\/\/aboutthatsmile.com\/fr\/retenues-combien-de-temps-doivent-elles-etre-portees-apres-la-correction-des-dents\/#Puis-je_porter_mon_appareil_de_contention_pendant_les_repas\" >Puis-je porter mon appareil de contention pendant les repas ?<\/a><\/li><li class='ez-toc-page-1 ez-toc-heading-level-3'><a class=\"ez-toc-link ez-toc-heading-13\" href=\"https:\/\/aboutthatsmile.com\/fr\/retenues-combien-de-temps-doivent-elles-etre-portees-apres-la-correction-des-dents\/#Que_se_passe-t-il_si_je_ne_porte_pas_mon_appareil_de_contention\" >Que se passe-t-il si je ne porte pas mon appareil de contention ?<\/a><\/li><li class='ez-toc-page-1 ez-toc-heading-level-3'><a class=\"ez-toc-link ez-toc-heading-14\" href=\"https:\/\/aboutthatsmile.com\/fr\/retenues-combien-de-temps-doivent-elles-etre-portees-apres-la-correction-des-dents\/#Comment_nettoyer_correctement_mon_appareil_de_contention\" >Comment nettoyer correctement mon appareil de contention ?<\/a><\/li><li class='ez-toc-page-1 ez-toc-heading-level-3'><a class=\"ez-toc-link ez-toc-heading-15\" href=\"https:\/\/aboutthatsmile.com\/fr\/retenues-combien-de-temps-doivent-elles-etre-portees-apres-la-correction-des-dents\/#Comment_savoir_si_mon_appareil_de_contention_ne_sadapte_plus_correctement\" >Comment savoir si mon appareil de contention ne s&rsquo;adapte plus correctement ?<\/a><\/li><li class='ez-toc-page-1 ez-toc-heading-level-3'><a class=\"ez-toc-link ez-toc-heading-16\" href=\"https:\/\/aboutthatsmile.com\/fr\/retenues-combien-de-temps-doivent-elles-etre-portees-apres-la-correction-des-dents\/#Est-ce_que_je_peux_parler_et_dormir_avec_une_contention\" >Est-ce que je peux parler et dormir avec une contention ?<\/a><\/li><li class='ez-toc-page-1 ez-toc-heading-level-3'><a class=\"ez-toc-link ez-toc-heading-17\" href=\"https:\/\/aboutthatsmile.com\/fr\/retenues-combien-de-temps-doivent-elles-etre-portees-apres-la-correction-des-dents\/#Combien_coute_un_appareil_de_contention\" >Combien co\u00fbte un appareil de contention ?<\/a><\/li><li class='ez-toc-page-1 ez-toc-heading-level-3'><a class=\"ez-toc-link ez-toc-heading-18\" href=\"https:\/\/aboutthatsmile.com\/fr\/retenues-combien-de-temps-doivent-elles-etre-portees-apres-la-correction-des-dents\/#Est-ce_quun_retainer_peut_se_casser\" >Est-ce qu&rsquo;un retainer peut se casser ?<\/a><\/li><\/ul><\/li><\/ul><\/nav><\/div>\n<h2 class=\"wp-block-heading\"><span class=\"ez-toc-section\" id=\"Pourquoi_les_contentions_sont-elles_importantes\"><\/span>Pourquoi les contentions sont-elles importantes ?<span class=\"ez-toc-section-end\"><\/span><\/h2>\n\n<p>Les dents bougent tout au long de la vie. Apr\u00e8s une correction dentaire, elles sont particuli\u00e8rement vuln\u00e9rables, car le tissu conjonctif qui maintient les dents a besoin de temps pour s&rsquo;adapter \u00e0 la nouvelle position.   <\/p>\n\n<p>Sans r\u00e9tention, il peut arriver que les dents reprennent leur ancienne position &#8211; un ph\u00e9nom\u00e8ne appel\u00e9 \u00ab\u00a0r\u00e9cidive\u00a0\u00bb. Pour que cela n&rsquo;arrive pas, le port d&rsquo;une contention est indispensable. <\/p>\n\n<figure class=\"wp-block-image size-large\"><img decoding=\"async\" width=\"1024\" height=\"675\" src=\"https:\/\/aboutthatsmile.com\/wp-content\/uploads\/2023\/06\/laechelnde-frau-laechelt-nahaufnahme-1024x675.jpg\" alt=\"Retenues : combien de temps doivent-elles &#xEA;tre port&#xE9;es apr&#xE8;s la correction des dents ?\" class=\"wp-image-7835\" title=\"\" srcset=\"https:\/\/aboutthatsmile.com\/wp-content\/uploads\/2023\/06\/laechelnde-frau-laechelt-nahaufnahme-1024x675.jpg 1024w, https:\/\/aboutthatsmile.com\/wp-content\/uploads\/2023\/06\/laechelnde-frau-laechelt-nahaufnahme-300x198.jpg 300w, https:\/\/aboutthatsmile.com\/wp-content\/uploads\/2023\/06\/laechelnde-frau-laechelt-nahaufnahme-768x506.jpg 768w, https:\/\/aboutthatsmile.com\/wp-content\/uploads\/2023\/06\/laechelnde-frau-laechelt-nahaufnahme-960x633.jpg 960w, https:\/\/aboutthatsmile.com\/wp-content\/uploads\/2023\/06\/laechelnde-frau-laechelt-nahaufnahme-1080x712.jpg 1080w, https:\/\/aboutthatsmile.com\/wp-content\/uploads\/2023\/06\/laechelnde-frau-laechelt-nahaufnahme-150x99.jpg 150w, https:\/\/aboutthatsmile.com\/wp-content\/uploads\/2023\/06\/laechelnde-frau-laechelt-nahaufnahme.jpg 1200w\" sizes=\"(max-width: 1024px) 100vw, 1024px\" \/><\/figure>\n\n<hr class=\"wp-block-separator has-alpha-channel-opacity\"\/>\n\n<h2 class=\"wp-block-heading\"><span class=\"ez-toc-section\" id=\"Les_differents_types_de_contention\"><\/span>Les diff\u00e9rents types de contention<span class=\"ez-toc-section-end\"><\/span><\/h2>\n\n<p>Il existe deux <a href=\"https:\/\/aboutthatsmile.com\/fr\/retainer-types-et-infos-pour-la-periode-apres-la-correction-dentaire\/\">types principaux de contention<\/a>: les contentions fixes et les contentions amovibles. Les deux ont leurs avantages et leurs inconv\u00e9nients, et le choix d\u00e9pend souvent de tes besoins individuels. <\/p>\n\n<h3 class=\"wp-block-heading\"><span class=\"ez-toc-section\" id=\"Retenue_fixe\"><\/span>Retenue fixe<span class=\"ez-toc-section-end\"><\/span><\/h3>\n\n<p>Une contention fixe se compose d&rsquo;un fil fin qui est coll\u00e9 \u00e0 l&rsquo;arri\u00e8re des dents de devant. Il est invisible, ne g\u00eane pas la parole ou le sourire et ne n\u00e9cessite aucune discipline suppl\u00e9mentaire puisqu&rsquo;il est port\u00e9 en permanence. <\/p>\n\n<p><strong>Les avantages :<\/strong><\/p>\n\n<ul class=\"wp-block-list\">\n<li>Invisible et discret<\/li>\n\n\n\n<li>R\u00e9tention continue, sans que tu aies \u00e0 y penser<\/li>\n\n\n\n<li>Id\u00e9al pour une stabilit\u00e9 \u00e0 long terme<\/li>\n<\/ul>\n\n<p><strong>Les inconv\u00e9nients :<\/strong><\/p>\n\n<ul class=\"wp-block-list\">\n<li>Un contr\u00f4le r\u00e9gulier par le dentiste est n\u00e9cessaire<\/li>\n\n\n\n<li>Nettoyage plus compliqu\u00e9, car la plaque et le tartre peuvent s&rsquo;accumuler autour du fil.<\/li>\n\n\n\n<li>Peut se d\u00e9tacher et doit alors \u00eatre r\u00e9par\u00e9<\/li>\n<\/ul>\n\n<h3 class=\"wp-block-heading\"><span class=\"ez-toc-section\" id=\"Retenues_amovibles\"><\/span>Retenues amovibles<span class=\"ez-toc-section-end\"><\/span><\/h3>\n\n<p>Les contentions amovibles existent en deux variantes : Les goutti\u00e8res en plastique transparent (par exemple les goutti\u00e8res Essix) et les goutti\u00e8res en fil m\u00e9tallique avec une base en plastique (les goutti\u00e8res Hawley).<\/p>\n\n<p><strong>Les avantages :<\/strong><\/p>\n\n<ul class=\"wp-block-list\">\n<li>Facile \u00e0 nettoyer<\/li>\n\n\n\n<li>Flexibles, car elles ne doivent \u00eatre port\u00e9es que la nuit (apr\u00e8s quelques mois)<\/li>\n\n\n\n<li>Peuvent \u00eatre remplac\u00e9s si n\u00e9cessaire<\/li>\n<\/ul>\n\n<p><strong>Les inconv\u00e9nients :<\/strong><\/p>\n\n<ul class=\"wp-block-list\">\n<li>Exige de la discipline et de la coh\u00e9rence dans le port<\/li>\n\n\n\n<li>Plus visible que les contentions fixes (selon le mod\u00e8le &#8211; ne s&rsquo;applique pas aux nombreuses goutti\u00e8res transparentes)<\/li>\n\n\n\n<li>Peuvent se perdre<\/li>\n<\/ul>\n\n<p>Apr\u00e8s une correction dentaire <a href=\"https:\/\/aboutthatsmile.com\/fr\/experiences-drsmile\/\">avec des aligneurs invisibles<\/a>, tu continues g\u00e9n\u00e9ralement \u00e0 porter la derni\u00e8re paire d&rsquo;aligneurs et, apr\u00e8s quelques mois, tu passes \u00e0 une goutti\u00e8re \u00e9galement transparente en mat\u00e9riau un peu plus solide. <a href=\"https:\/\/aboutthatsmile.com\/fr\/retainer-drsmile-comment-preserver-le-nouveau-sourire\/\">Tu trouveras ici plus d&rsquo;informations sur DrSmile Retainer.<\/a><\/p>\n\n<div class=\"wp-block-group box is-layout-constrained wp-block-group-is-layout-constrained\">\n<figure class=\"wp-block-table\"><table class=\"has-white-color has-text-color has-background\" style=\"background-color:#31b3cf\"><tbody><tr><td class=\"has-text-align-center\" data-align=\"center\"><strong>Obtiens 150\u20ac de r\u00e9duction sur ta correction dentaire !<\/strong><\/td><\/tr><\/tbody><\/table><\/figure>\n\n\n\n<div class=\"wp-block-media-text alignwide is-stacked-on-mobile is-vertically-aligned-center is-image-fill-element\"><figure class=\"wp-block-media-text__media\"><img decoding=\"async\" width=\"1024\" height=\"683\" src=\"https:\/\/aboutthatsmile.com\/wp-content\/uploads\/2023\/01\/frau-haelt-aligner-in-der-hand-strahlt-mit-daumen-nach-oben-1024x683.jpg\" alt=\"Femme tenant un aligneur et souriant en levant le pouce\" class=\"wp-image-273 size-full\" style=\"object-position:37% 41%\" title=\"\" srcset=\"https:\/\/aboutthatsmile.com\/wp-content\/uploads\/2023\/01\/frau-haelt-aligner-in-der-hand-strahlt-mit-daumen-nach-oben-1024x683.jpg 1024w, https:\/\/aboutthatsmile.com\/wp-content\/uploads\/2023\/01\/frau-haelt-aligner-in-der-hand-strahlt-mit-daumen-nach-oben-300x200.jpg 300w, https:\/\/aboutthatsmile.com\/wp-content\/uploads\/2023\/01\/frau-haelt-aligner-in-der-hand-strahlt-mit-daumen-nach-oben-768x512.jpg 768w, https:\/\/aboutthatsmile.com\/wp-content\/uploads\/2023\/01\/frau-haelt-aligner-in-der-hand-strahlt-mit-daumen-nach-oben-960x640.jpg 960w, https:\/\/aboutthatsmile.com\/wp-content\/uploads\/2023\/01\/frau-haelt-aligner-in-der-hand-strahlt-mit-daumen-nach-oben-1080x720.jpg 1080w, https:\/\/aboutthatsmile.com\/wp-content\/uploads\/2023\/01\/frau-haelt-aligner-in-der-hand-strahlt-mit-daumen-nach-oben.jpg 1200w\" sizes=\"(max-width: 1024px) 100vw, 1024px\" \/><\/figure><div class=\"wp-block-media-text__content\">\n<p><a href=\"https:\/\/tidd.ly\/4blTex3\" target=\"_blank\" rel=\"noreferrer noopener sponsored nofollow\">R\u00e9serve d\u00e8s maintenant un rendez-vous de consultation<\/a> dans un cabinet partenaire de DrSmile situ\u00e9 \u00e0 proximit\u00e9 et d\u00e9couvre si la correction des dents avec des aligneurs est une option pour toi.<\/p>\n\n\n\n<p>Le rendez-vous est totalement sans engagement et n&rsquo;implique aucun co\u00fbt.<\/p>\n\n\n\n<p>Avec le code \u00ab\u00a0THATSMILE150\u00a0\u00bb, tu b\u00e9n\u00e9ficies d&rsquo;une r\u00e9duction de 150 \u20ac sur le traitement.<\/p>\n<\/div><\/div>\n\n\n\n<div class=\"wp-block-buttons is-layout-flex wp-block-buttons-is-layout-flex\">\n<div class=\"wp-block-button aligncenter\"><a class=\"wp-block-button__link wp-element-button\" href=\"https:\/\/tidd.ly\/4blTex3\" target=\"_blank\" rel=\"sponsored noopener noreferrer nofollow\"><mark style=\"background-color:rgba(0, 0, 0, 0)\" class=\"has-inline-color has-white-color\">R\u00e9serve maintenant un rendez-vous de conseil gratuit.<\/mark><\/a><\/div>\n<\/div>\n<\/div>\n\n<hr class=\"wp-block-separator has-alpha-channel-opacity\"\/>\n\n<h2 class=\"wp-block-heading\"><span class=\"ez-toc-section\" id=\"Combien_de_temps_dois-tu_porter_une_contention\"><\/span>Combien de temps dois-tu porter une contention ?<span class=\"ez-toc-section-end\"><\/span><\/h2>\n\n<p>Voici la question la plus importante : combien de temps devrais-tu porter ton appareil de contention ? La r\u00e9ponse est simple et pourtant d\u00e9cevante : au moins quelques ann\u00e9es &#8211; souvent m\u00eame toute une vie. <\/p>\n\n<p>Pendant les premiers mois apr\u00e8s la correction dentaire, tu devrais g\u00e9n\u00e9ralement porter la contention 24 heures sur 24 &#8211; sauf pour manger ou pour te soigner les dents.  <\/p>\n\n<p>Ensuite, le temps de port peut \u00eatre r\u00e9duit progressivement, par exemple aux heures nocturnes. Mais m\u00eame des ann\u00e9es apr\u00e8s la correction, il y a toujours un risque que tes dents se d\u00e9placent, surtout en raison du processus naturel de vieillissement de la m\u00e2choire. <\/p>\n\n<h2 class=\"wp-block-heading\"><span class=\"ez-toc-section\" id=\"Pourquoi_la_retention_a_vie_est_utile\"><\/span>Pourquoi la r\u00e9tention \u00e0 vie est utile<span class=\"ez-toc-section-end\"><\/span><\/h2>\n\n<ul class=\"wp-block-list\">\n<li><strong>Le mouvement naturel des dents :<\/strong> Tes dents ne sont jamais compl\u00e8tement fix\u00e9es. M\u00eame sans correction dentaire, elles bougent sous l&rsquo;effet de la pression masticatoire, des mouvements de la langue et d&rsquo;autres influences. <\/li>\n\n\n\n<li><strong>Modifications de la m\u00e2choire avec l&rsquo;\u00e2ge :<\/strong> avec l&rsquo;\u00e2ge, la structure de ta m\u00e2choire change, ce qui peut \u00e9galement entra\u00eener des d\u00e9placements de dents.<\/li>\n\n\n\n<li><strong>Maximiser le succ\u00e8s du traitement :<\/strong> tu as investi beaucoup de temps et d&rsquo;argent dans la correction de tes dents. Une r\u00e9tention \u00e0 long terme garantit le r\u00e9sultat. <\/li>\n<\/ul>\n\n<figure class=\"wp-block-image size-large\"><img decoding=\"async\" width=\"1024\" height=\"683\" src=\"https:\/\/aboutthatsmile.com\/wp-content\/uploads\/2023\/10\/mann-setzt-aligner-in-den-mund-ein-1024x683.jpg\" alt=\"Un homme utilise des aligneurs invisibles\" class=\"wp-image-8942\" title=\"\" srcset=\"https:\/\/aboutthatsmile.com\/wp-content\/uploads\/2023\/10\/mann-setzt-aligner-in-den-mund-ein-1024x683.jpg 1024w, https:\/\/aboutthatsmile.com\/wp-content\/uploads\/2023\/10\/mann-setzt-aligner-in-den-mund-ein-300x200.jpg 300w, https:\/\/aboutthatsmile.com\/wp-content\/uploads\/2023\/10\/mann-setzt-aligner-in-den-mund-ein-768x512.jpg 768w, https:\/\/aboutthatsmile.com\/wp-content\/uploads\/2023\/10\/mann-setzt-aligner-in-den-mund-ein-960x640.jpg 960w, https:\/\/aboutthatsmile.com\/wp-content\/uploads\/2023\/10\/mann-setzt-aligner-in-den-mund-ein-1080x720.jpg 1080w, https:\/\/aboutthatsmile.com\/wp-content\/uploads\/2023\/10\/mann-setzt-aligner-in-den-mund-ein-150x100.jpg 150w, https:\/\/aboutthatsmile.com\/wp-content\/uploads\/2023\/10\/mann-setzt-aligner-in-den-mund-ein.jpg 1200w\" sizes=\"(max-width: 1024px) 100vw, 1024px\" \/><\/figure>\n\n<hr class=\"wp-block-separator has-alpha-channel-opacity\"\/>\n\n<h2 class=\"wp-block-heading\"><span class=\"ez-toc-section\" id=\"Conseils_pour_lutilisation_des_contentions\"><\/span>Conseils pour l&rsquo;utilisation des contentions<span class=\"ez-toc-section-end\"><\/span><\/h2>\n\n<ul class=\"wp-block-list\">\n<li><strong>Entretien :<\/strong> nettoie r\u00e9guli\u00e8rement ton appareil de contention. Tu peux nettoyer les appareils de contention amovibles avec une brosse \u00e0 dents douce et du savon doux. Les appareils de r\u00e9tention fixes n\u00e9cessitent un soin minutieux des espaces interdentaires avec <a href=\"https:\/\/aboutthatsmile.com\/fr\/?p=15377\" data-type=\"post\" data-id=\"15361\">du fil dentaire<\/a> ou <a href=\"https:\/\/aboutthatsmile.com\/fr\/?p=15889\" data-type=\"post\" data-id=\"15789\">des brossettes interdentaires<\/a> sp\u00e9ciales.  <\/li>\n\n\n\n<li><strong>Contr\u00f4les :<\/strong> Fais contr\u00f4ler r\u00e9guli\u00e8rement ta contention fixe par ton dentiste pour t&rsquo;assurer qu&rsquo;elle est bien en place et qu&rsquo;elle n&rsquo;est pas endommag\u00e9e.<\/li>\n\n\n\n<li><strong>Remplacement :<\/strong> si ton appareil de contention amovible est perdu ou endommag\u00e9, fais-en fabriquer un nouveau le plus rapidement possible afin d&rsquo;\u00e9viter les retours en arri\u00e8re.<\/li>\n<\/ul>\n\n<hr class=\"wp-block-separator has-alpha-channel-opacity\"\/>\n\n<h2 class=\"wp-block-heading\"><span class=\"ez-toc-section\" id=\"Conclusion_sur_le_theme_Retainer_%E2%80%93_combien_de_temps_dois-je_les_porter\"><\/span>Conclusion sur le th\u00e8me : Retainer &#8211; combien de temps dois-je les porter ?<span class=\"ez-toc-section-end\"><\/span><\/h2>\n\n<p>Porter un appareil de contention peut sembler ennuyeux au d\u00e9but, mais c&rsquo;est la meilleure fa\u00e7on de pr\u00e9server le r\u00e9sultat de ta correction dentaire \u00e0 long terme.  <\/p>\n\n<p>Les dents bougent tout au long de la vie, et seule une r\u00e9tention coh\u00e9rente peut emp\u00eacher que tes efforts et ton investissement soient vains. N&rsquo;oublie pas : ton sourire \u00e9clatant en vaut la peine ! <\/p>\n\n<div class=\"wp-block-group box is-layout-constrained wp-block-group-is-layout-constrained\">\n<figure class=\"wp-block-table\"><table class=\"has-white-color has-text-color has-background\" style=\"background-color:#31b3cf\"><tbody><tr><td class=\"has-text-align-center\" data-align=\"center\"><strong>Obtiens 150\u20ac de r\u00e9duction sur ta correction dentaire !<\/strong><\/td><\/tr><\/tbody><\/table><\/figure>\n\n\n\n<div class=\"wp-block-media-text alignwide is-stacked-on-mobile is-vertically-aligned-center is-image-fill-element\"><figure class=\"wp-block-media-text__media\"><img decoding=\"async\" width=\"1024\" height=\"683\" src=\"https:\/\/aboutthatsmile.com\/wp-content\/uploads\/2023\/01\/frau-haelt-aligner-in-der-hand-strahlt-mit-daumen-nach-oben-1024x683.jpg\" alt=\"Femme tenant un aligneur et souriant en levant le pouce\" class=\"wp-image-273 size-full\" style=\"object-position:37% 41%\" title=\"\" srcset=\"https:\/\/aboutthatsmile.com\/wp-content\/uploads\/2023\/01\/frau-haelt-aligner-in-der-hand-strahlt-mit-daumen-nach-oben-1024x683.jpg 1024w, https:\/\/aboutthatsmile.com\/wp-content\/uploads\/2023\/01\/frau-haelt-aligner-in-der-hand-strahlt-mit-daumen-nach-oben-300x200.jpg 300w, https:\/\/aboutthatsmile.com\/wp-content\/uploads\/2023\/01\/frau-haelt-aligner-in-der-hand-strahlt-mit-daumen-nach-oben-768x512.jpg 768w, https:\/\/aboutthatsmile.com\/wp-content\/uploads\/2023\/01\/frau-haelt-aligner-in-der-hand-strahlt-mit-daumen-nach-oben-960x640.jpg 960w, https:\/\/aboutthatsmile.com\/wp-content\/uploads\/2023\/01\/frau-haelt-aligner-in-der-hand-strahlt-mit-daumen-nach-oben-1080x720.jpg 1080w, https:\/\/aboutthatsmile.com\/wp-content\/uploads\/2023\/01\/frau-haelt-aligner-in-der-hand-strahlt-mit-daumen-nach-oben.jpg 1200w\" sizes=\"(max-width: 1024px) 100vw, 1024px\" \/><\/figure><div class=\"wp-block-media-text__content\">\n<p><a href=\"https:\/\/tidd.ly\/4blTex3\" target=\"_blank\" rel=\"noreferrer noopener sponsored nofollow\">R\u00e9serve d\u00e8s maintenant un rendez-vous de consultation<\/a> dans un cabinet partenaire de DrSmile situ\u00e9 \u00e0 proximit\u00e9 et d\u00e9couvre si la correction des dents avec des aligneurs est une option pour toi.<\/p>\n\n\n\n<p>Le rendez-vous est totalement sans engagement et n&rsquo;implique aucun co\u00fbt.<\/p>\n\n\n\n<p>Avec le code \u00ab\u00a0THATSMILE150\u00a0\u00bb, tu b\u00e9n\u00e9ficies d&rsquo;une r\u00e9duction de 150 \u20ac sur le traitement.<\/p>\n<\/div><\/div>\n\n\n\n<div class=\"wp-block-buttons is-layout-flex wp-block-buttons-is-layout-flex\">\n<div class=\"wp-block-button aligncenter\"><a class=\"wp-block-button__link wp-element-button\" href=\"https:\/\/tidd.ly\/4blTex3\" target=\"_blank\" rel=\"sponsored noopener noreferrer nofollow\"><mark style=\"background-color:rgba(0, 0, 0, 0)\" class=\"has-inline-color has-white-color\">R\u00e9serve maintenant un rendez-vous de conseil gratuit.<\/mark><\/a><\/div>\n<\/div>\n<\/div>\n\n<h2 class=\"wp-block-heading\"><span class=\"ez-toc-section\" id=\"FAQ_sur_les_contentions_%E2%80%93_combien_de_temps_faut-il_les_porter\"><\/span>FAQ sur les contentions &#8211; combien de temps faut-il les porter ?<span class=\"ez-toc-section-end\"><\/span><\/h2>\n\n<p>Pour finir, nous r\u00e9pondons \u00e0 quelques-unes des questions les plus fr\u00e9quemment pos\u00e9es sur le th\u00e8me \u00ab\u00a0Retainer &#8211; combien de temps faut-il les porter\u00a0\u00bb.  <\/p>\n<div id=\"rank-math-faq\" class=\"rank-math-block\">\n<div class=\"rank-math-list \">\n<div id=\"faq-question-1738087893269\" class=\"rank-math-list-item\">\n<h3 class=\"rank-math-question \"><span class=\"ez-toc-section\" id=\"Quest-ce_quune_contention_et_pourquoi_est-elle_importante_apres_une_correction_dentaire\"><\/span>Qu&rsquo;est-ce qu&rsquo;une contention et pourquoi est-elle importante apr\u00e8s une correction dentaire ?<span class=\"ez-toc-section-end\"><\/span><\/h3>\n<div class=\"rank-math-answer \">\n\n<p>Une contention est un accessoire qui maintient tes dents dans leur nouvelle position apr\u00e8s une correction dentaire. Sans la contention, les dents risquent de se d\u00e9placer \u00e0 nouveau car elles restent en mouvement toute la vie. Le retainer garantit donc le r\u00e9sultat de ton traitement et assure que ton sourire reste beau \u00e0 long terme.  <\/p>\n\n<\/div>\n<\/div>\n<div id=\"faq-question-1738087916273\" class=\"rank-math-list-item\">\n<h3 class=\"rank-math-question \"><span class=\"ez-toc-section\" id=\"Combien_de_temps_dois-je_porter_mon_appareil_de_contention\"><\/span>Combien de temps dois-je porter mon appareil de contention ?<span class=\"ez-toc-section-end\"><\/span><\/h3>\n<div class=\"rank-math-answer \">\n\n<p>Au cours des premiers mois apr\u00e8s la correction dentaire, tu dois g\u00e9n\u00e9ralement porter la contention 24 heures sur 24. Apr\u00e8s cette phase, tu ne peux g\u00e9n\u00e9ralement plus le porter que la nuit. A long terme, les experts recommandent d&rsquo;utiliser la contention \u00e0 vie pour garantir la stabilit\u00e9 des dents.  <\/p>\n\n<\/div>\n<\/div>\n<div id=\"faq-question-1738087933357\" class=\"rank-math-list-item\">\n<h3 class=\"rank-math-question \"><span class=\"ez-toc-section\" id=\"Puis-je_porter_mon_appareil_de_contention_pendant_les_repas\"><\/span>Puis-je porter mon appareil de contention pendant les repas ?<span class=\"ez-toc-section-end\"><\/span><\/h3>\n<div class=\"rank-math-answer \">\n\n<p>Les contentions fixes restent naturellement dans la bouche pendant le repas. En revanche, il est pr\u00e9f\u00e9rable de retirer les goutti\u00e8res amovibles avant de manger, car elles peuvent \u00eatre endommag\u00e9es par la pression de la mastication. Nettoie ta goutti\u00e8re apr\u00e8s chaque repas avant de la remettre en place.  <\/p>\n\n<\/div>\n<\/div>\n<div id=\"faq-question-1738087945770\" class=\"rank-math-list-item\">\n<h3 class=\"rank-math-question \"><span class=\"ez-toc-section\" id=\"Que_se_passe-t-il_si_je_ne_porte_pas_mon_appareil_de_contention\"><\/span>Que se passe-t-il si je ne porte pas mon appareil de contention ?<span class=\"ez-toc-section-end\"><\/span><\/h3>\n<div class=\"rank-math-answer \">\n\n<p>Si tu ne portes pas ta contention r\u00e9guli\u00e8rement, il y a un risque que tes dents se d\u00e9placent \u00e0 nouveau. Cela peut conduire \u00e0 ce que l&rsquo;on appelle une r\u00e9cidive, lorsque les dents reviennent partiellement ou totalement \u00e0 leur position initiale. Pour \u00e9viter cela, il est important de suivre les recommandations de port de ton orthodontiste.  <\/p>\n\n<\/div>\n<\/div>\n<div id=\"faq-question-1738087958294\" class=\"rank-math-list-item\">\n<h3 class=\"rank-math-question \"><span class=\"ez-toc-section\" id=\"Comment_nettoyer_correctement_mon_appareil_de_contention\"><\/span>Comment nettoyer correctement mon appareil de contention ?<span class=\"ez-toc-section-end\"><\/span><\/h3>\n<div class=\"rank-math-answer \">\n\n<p>Tu peux nettoyer les appareils de r\u00e9tention amovibles avec une brosse \u00e0 dents douce et du savon doux. N&rsquo;utilise pas de dentifrice, car il peut rayer la surface. Pour les appareils de r\u00e9tention fixes, utilise du fil dentaire ou des brossettes interdentaires pour bien nettoyer les zones autour du fil. Un nettoyage r\u00e9gulier emp\u00eache la formation de plaque et de tartre.   <\/p>\n\n<\/div>\n<\/div>\n<div id=\"faq-question-1738087971948\" class=\"rank-math-list-item\">\n<h3 class=\"rank-math-question \"><span class=\"ez-toc-section\" id=\"Comment_savoir_si_mon_appareil_de_contention_ne_sadapte_plus_correctement\"><\/span>Comment savoir si mon appareil de contention ne s&rsquo;adapte plus correctement ?<span class=\"ez-toc-section-end\"><\/span><\/h3>\n<div class=\"rank-math-answer \">\n\n<p>Si ton appareil de contention amovible est trop serr\u00e9 ou trop l\u00e2che, c&rsquo;est le signe que tes dents ont pu se d\u00e9placer. Dans le cas d&rsquo;une contention fixe, tu remarques souvent les probl\u00e8mes \u00e0 des points de colle d\u00e9tach\u00e9s ou \u00e0 une sensation d\u00e9sagr\u00e9able dans la bouche. Dans les deux cas, tu dois rapidement prendre rendez-vous avec ton dentiste ou ton orthodontiste ou contacter ton fournisseur d&rsquo;aligneurs.  <\/p>\n\n<\/div>\n<\/div>\n<div id=\"faq-question-1738088000394\" class=\"rank-math-list-item\">\n<h3 class=\"rank-math-question \"><span class=\"ez-toc-section\" id=\"Est-ce_que_je_peux_parler_et_dormir_avec_une_contention\"><\/span>Est-ce que je peux parler et dormir avec une contention ?<span class=\"ez-toc-section-end\"><\/span><\/h3>\n<div class=\"rank-math-answer \">\n\n<p>Oui, tu peux le faire ! Les contentions amovibles peuvent \u00eatre inhabituelles au d\u00e9but, mais la plupart s&rsquo;y habituent rapidement. Les contentions fixes ne g\u00eanent ni pour parler ni pour dormir, car elles sont plac\u00e9es \u00e0 l&rsquo;arri\u00e8re des dents et ne se remarquent pas.  <\/p>\n\n<\/div>\n<\/div>\n<div id=\"faq-question-1738088014676\" class=\"rank-math-list-item\">\n<h3 class=\"rank-math-question \"><span class=\"ez-toc-section\" id=\"Combien_coute_un_appareil_de_contention\"><\/span>Combien co\u00fbte un appareil de contention ?<span class=\"ez-toc-section-end\"><\/span><\/h3>\n<div class=\"rank-math-answer \">\n\n<p>Le co\u00fbt d&rsquo;une contention varie en fonction du type et du mat\u00e9riau. Les retainers amovibles se situent souvent entre 100 et 300 euros, tandis que les retainers fixes peuvent co\u00fbter entre 300 et 500 euros en fonction de la complexit\u00e9. Comme le retainer est une partie cruciale du traitement, cet investissement dans ton sourire en vaut la peine.  <\/p>\n\n<\/div>\n<\/div>\n<div id=\"faq-question-1738088030187\" class=\"rank-math-list-item\">\n<h3 class=\"rank-math-question \"><span class=\"ez-toc-section\" id=\"Est-ce_quun_retainer_peut_se_casser\"><\/span>Est-ce qu&rsquo;un retainer peut se casser ?<span class=\"ez-toc-section-end\"><\/span><\/h3>\n<div class=\"rank-math-answer \">\n\n<p>Oui, les contentions fixes et amovibles peuvent \u00eatre endommag\u00e9es. Les contentions fixes peuvent se d\u00e9tacher, tandis que les contentions amovibles peuvent se casser en raison d&rsquo;une mauvaise manipulation, d&rsquo;une charge \u00e9lev\u00e9e ou d&rsquo;un mauvais nettoyage. Si cela se produit, tu devrais organiser imm\u00e9diatement un remplacement.  <\/p>\n\n<\/div>\n<\/div>\n<\/div>\n<\/div>\n<h3 class=\"wp-block-heading\"><\/h3>\n\n\n<div class=\"kk-star-ratings kksr-auto kksr-align-left kksr-valign-bottom\"\n    data-payload='{&quot;align&quot;:&quot;left&quot;,&quot;id&quot;:&quot;15904&quot;,&quot;slug&quot;:&quot;default&quot;,&quot;valign&quot;:&quot;bottom&quot;,&quot;ignore&quot;:&quot;&quot;,&quot;reference&quot;:&quot;auto&quot;,&quot;class&quot;:&quot;&quot;,&quot;count&quot;:&quot;0&quot;,&quot;legendonly&quot;:&quot;&quot;,&quot;readonly&quot;:&quot;&quot;,&quot;score&quot;:&quot;0&quot;,&quot;starsonly&quot;:&quot;&quot;,&quot;best&quot;:&quot;5&quot;,&quot;gap&quot;:&quot;5&quot;,&quot;greet&quot;:&quot;Rate this post&quot;,&quot;legend&quot;:&quot;0\\\/5 - (0 vote)&quot;,&quot;size&quot;:&quot;24&quot;,&quot;title&quot;:&quot;Retenues : combien de temps doivent-elles \u00eatre port\u00e9es apr\u00e8s la correction des dents ?&quot;,&quot;width&quot;:&quot;0&quot;,&quot;_legend&quot;:&quot;{score}\\\/{best} - ({count} {votes})&quot;,&quot;font_factor&quot;:&quot;1.25&quot;}'>\n            \n<div class=\"kksr-stars\">\n    \n<div class=\"kksr-stars-inactive\">\n            <div class=\"kksr-star\" data-star=\"1\" style=\"padding-right: 5px\">\n            \n\n<div class=\"kksr-icon\" style=\"width: 24px; height: 24px;\"><\/div>\n        <\/div>\n            <div class=\"kksr-star\" data-star=\"2\" style=\"padding-right: 5px\">\n            \n\n<div class=\"kksr-icon\" style=\"width: 24px; height: 24px;\"><\/div>\n        <\/div>\n            <div class=\"kksr-star\" data-star=\"3\" style=\"padding-right: 5px\">\n            \n\n<div class=\"kksr-icon\" style=\"width: 24px; height: 24px;\"><\/div>\n        <\/div>\n            <div class=\"kksr-star\" data-star=\"4\" style=\"padding-right: 5px\">\n            \n\n<div class=\"kksr-icon\" style=\"width: 24px; height: 24px;\"><\/div>\n        <\/div>\n            <div class=\"kksr-star\" data-star=\"5\" style=\"padding-right: 5px\">\n            \n\n<div class=\"kksr-icon\" style=\"width: 24px; height: 24px;\"><\/div>\n        <\/div>\n    <\/div>\n    \n<div class=\"kksr-stars-active\" style=\"width: 0px;\">\n            <div class=\"kksr-star\" style=\"padding-right: 5px\">\n            \n\n<div class=\"kksr-icon\" style=\"width: 24px; height: 24px;\"><\/div>\n        <\/div>\n            <div class=\"kksr-star\" style=\"padding-right: 5px\">\n            \n\n<div class=\"kksr-icon\" style=\"width: 24px; height: 24px;\"><\/div>\n        <\/div>\n            <div class=\"kksr-star\" style=\"padding-right: 5px\">\n            \n\n<div class=\"kksr-icon\" style=\"width: 24px; height: 24px;\"><\/div>\n        <\/div>\n            <div class=\"kksr-star\" style=\"padding-right: 5px\">\n            \n\n<div class=\"kksr-icon\" style=\"width: 24px; height: 24px;\"><\/div>\n        <\/div>\n            <div class=\"kksr-star\" style=\"padding-right: 5px\">\n            \n\n<div class=\"kksr-icon\" style=\"width: 24px; height: 24px;\"><\/div>\n        <\/div>\n    <\/div>\n<\/div>\n                \n\n<div class=\"kksr-legend\" style=\"font-size: 19.2px;\">\n            <span class=\"kksr-muted\">Rate this post<\/span>\n    <\/div>\n    <\/div>\n","protected":false},"excerpt":{"rendered":"<p>Retenues : combien de temps doivent-elles \u00eatre port\u00e9es apr\u00e8s la correction des dents ? Conseils et infos sur le th\u00e8me&#8230;<\/p>\n","protected":false},"author":2,"featured_media":7834,"comment_status":"open","ping_status":"open","sticky":false,"template":"","format":"standard","meta":{"_kad_post_transparent":"","_kad_post_title":"","_kad_post_layout":"","_kad_post_sidebar_id":"","_kad_post_content_style":"","_kad_post_vertical_padding":"","_kad_post_feature":"","_kad_post_feature_position":"","_kad_post_header":false,"_kad_post_footer":false,"_kad_post_classname":"","footnotes":""},"categories":[78],"tags":[],"class_list":["post-15904","post","type-post","status-publish","format-standard","has-post-thumbnail","hentry","category-blog"],"_links":{"self":[{"href":"https:\/\/aboutthatsmile.com\/fr\/wp-json\/wp\/v2\/posts\/15904","targetHints":{"allow":["GET"]}}],"collection":[{"href":"https:\/\/aboutthatsmile.com\/fr\/wp-json\/wp\/v2\/posts"}],"about":[{"href":"https:\/\/aboutthatsmile.com\/fr\/wp-json\/wp\/v2\/types\/post"}],"author":[{"embeddable":true,"href":"https:\/\/aboutthatsmile.com\/fr\/wp-json\/wp\/v2\/users\/2"}],"replies":[{"embeddable":true,"href":"https:\/\/aboutthatsmile.com\/fr\/wp-json\/wp\/v2\/comments?post=15904"}],"version-history":[{"count":0,"href":"https:\/\/aboutthatsmile.com\/fr\/wp-json\/wp\/v2\/posts\/15904\/revisions"}],"wp:featuredmedia":[{"embeddable":true,"href":"https:\/\/aboutthatsmile.com\/fr\/wp-json\/wp\/v2\/media\/7834"}],"wp:attachment":[{"href":"https:\/\/aboutthatsmile.com\/fr\/wp-json\/wp\/v2\/media?parent=15904"}],"wp:term":[{"taxonomy":"category","embeddable":true,"href":"https:\/\/aboutthatsmile.com\/fr\/wp-json\/wp\/v2\/categories?post=15904"},{"taxonomy":"post_tag","embeddable":true,"href":"https:\/\/aboutthatsmile.com\/fr\/wp-json\/wp\/v2\/tags?post=15904"}],"curies":[{"name":"wp","href":"https:\/\/api.w.org\/{rel}","templated":true}]}}