{"id":3840,"date":"2023-03-28T18:16:51","date_gmt":"2023-03-28T18:16:51","guid":{"rendered":"https:\/\/aboutthatsmile.com\/sous-occlusion-quest-ce-que-cela-signifie-et-comment-peut-on-la-traiter\/"},"modified":"2023-03-30T07:59:17","modified_gmt":"2023-03-30T07:59:17","slug":"sous-occlusion-quest-ce-que-cela-signifie-et-comment-peut-on-la-traiter","status":"publish","type":"post","link":"https:\/\/aboutthatsmile.com\/fr\/sous-occlusion-quest-ce-que-cela-signifie-et-comment-peut-on-la-traiter\/","title":{"rendered":"Sous-occlusion : qu&rsquo;est-ce que cela signifie et comment peut-on la traiter ?"},"content":{"rendered":"\n<p><strong><mark style=\"background-color:rgba(0, 0, 0, 0);color:#31b3cf\" class=\"has-inline-color\">Tu souhaites faire soigner ta sous-occlusion ? Alors tu es au bon endroit. Dans cet article, tu trouveras toutes les informations importantes concernant la malocclusion dentaire en elle-m\u00eame ainsi que le traitement de la sous-occlusion.  <\/mark><\/strong><\/p>\n\n\n\n<p>Les dentistes et les orthodontistes parlent toujours d&rsquo;un mauvais alignement des dents lorsqu&rsquo;une ou plusieurs dents se trouvent en dehors de la forme id\u00e9ale de l&rsquo;arcade dentaire de la m\u00e2choire sup\u00e9rieure ou inf\u00e9rieure.<\/p>\n\n\n\n<p>Elles peuvent par exemple \u00eatre tourn\u00e9es, se dresser vers l&rsquo;avant ou l&rsquo;arri\u00e8re ou tout simplement ne pas pousser l\u00e0 o\u00f9 elles devraient.<\/p>\n\n\n\n<p>Dans la plupart des cas, les malpositions dentaires n&rsquo;ont qu&rsquo;un impact esth\u00e9tique. Ils nous g\u00eanent donc visuellement, mais n&rsquo;ont pas d&rsquo;effet n\u00e9gatif sur notre sant\u00e9.  <\/p>\n\n\n\n<div class=\"wp-block-group box is-layout-constrained wp-block-group-is-layout-constrained\">\n<figure class=\"wp-block-table\"><table class=\"has-white-color has-text-color has-background\" style=\"background-color:#31b3cf\"><tbody><tr><td class=\"has-text-align-center\" data-align=\"center\"><strong>Obtiens 150\u20ac de r\u00e9duction sur ta correction dentaire !<\/strong><\/td><\/tr><\/tbody><\/table><\/figure>\n\n\n\n<div class=\"wp-block-media-text alignwide is-stacked-on-mobile is-vertically-aligned-center is-image-fill\"><figure class=\"wp-block-media-text__media\" style=\"background-image:url(https:\/\/aboutthatsmile.com\/wp-content\/uploads\/2023\/01\/frau-haelt-aligner-in-der-hand-strahlt-mit-daumen-nach-oben-1024x683.jpg);background-position:37% 41%\"><img decoding=\"async\" width=\"1024\" height=\"683\" src=\"https:\/\/aboutthatsmile.com\/wp-content\/uploads\/2023\/01\/frau-haelt-aligner-in-der-hand-strahlt-mit-daumen-nach-oben-1024x683.jpg\" alt=\"Femme tenant un aligneur et souriant en levant le pouce\" class=\"wp-image-273 size-full\" title=\"\" srcset=\"https:\/\/aboutthatsmile.com\/wp-content\/uploads\/2023\/01\/frau-haelt-aligner-in-der-hand-strahlt-mit-daumen-nach-oben-1024x683.jpg 1024w, https:\/\/aboutthatsmile.com\/wp-content\/uploads\/2023\/01\/frau-haelt-aligner-in-der-hand-strahlt-mit-daumen-nach-oben-300x200.jpg 300w, https:\/\/aboutthatsmile.com\/wp-content\/uploads\/2023\/01\/frau-haelt-aligner-in-der-hand-strahlt-mit-daumen-nach-oben-768x512.jpg 768w, https:\/\/aboutthatsmile.com\/wp-content\/uploads\/2023\/01\/frau-haelt-aligner-in-der-hand-strahlt-mit-daumen-nach-oben-960x640.jpg 960w, https:\/\/aboutthatsmile.com\/wp-content\/uploads\/2023\/01\/frau-haelt-aligner-in-der-hand-strahlt-mit-daumen-nach-oben-1080x720.jpg 1080w, https:\/\/aboutthatsmile.com\/wp-content\/uploads\/2023\/01\/frau-haelt-aligner-in-der-hand-strahlt-mit-daumen-nach-oben.jpg 1200w\" sizes=\"(max-width: 1024px) 100vw, 1024px\" \/><\/figure><div class=\"wp-block-media-text__content\">\n<p><a href=\"https:\/\/tidd.ly\/3M5c1TG\" target=\"_blank\" rel=\"noreferrer noopener sponsored nofollow\">R\u00e9serve d\u00e8s maintenant un rendez-vous de consultation<\/a> dans un cabinet partenaire de DrSmile situ\u00e9 \u00e0 proximit\u00e9 et d\u00e9couvre si la correction des dents avec des aligneurs est une option pour toi.<\/p>\n\n\n\n<p>Le rendez-vous est totalement sans engagement et n&rsquo;implique aucun co\u00fbt.<\/p>\n\n\n\n<p>Avec le code \u00ab\u00a0THATSMILE150\u00a0\u00bb, tu b\u00e9n\u00e9ficies d&rsquo;une r\u00e9duction de 150 \u20ac sur le traitement.<\/p>\n<\/div><\/div>\n\n\n\n<div class=\"wp-block-buttons is-layout-flex wp-block-buttons-is-layout-flex\">\n<div class=\"wp-block-button aligncenter\"><a class=\"wp-block-button__link wp-element-button\" href=\"https:\/\/tidd.ly\/3M5c1TG\" target=\"_blank\" rel=\"sponsored noopener nofollow\"><mark style=\"background-color:rgba(0, 0, 0, 0)\" class=\"has-inline-color has-white-color\">R\u00e9serve maintenant un rendez-vous de conseil gratuit.<\/mark><\/a><\/div>\n<\/div>\n<\/div>\n\n\n\n<p>Mais dans certaines circonstances, les dents de travers peuvent aussi rendre le nettoyage des dents difficile ou perturber la prise de nourriture. Les troubles de la parole (comme le z\u00e9zaiement) ne sont pas rares non plus.  <\/p>\n\n\n\n<p>De graves cons\u00e9quences pour la sant\u00e9 sont \u00e9galement possibles. Mais elles sont g\u00e9n\u00e9ralement la cons\u00e9quence d&rsquo;une mauvaise position extr\u00eame des dents.  <\/p>\n\n\n\n<p>Une <strong>malformation dentaire<\/strong> relativement <strong>rare est ce qu&rsquo;on appelle la sous-occlusion<\/strong>. Il s&rsquo;agit d&rsquo;une mauvaise position de la m\u00e2choire inf\u00e9rieure.<\/p>\n\n\n\n<p>Celle-ci d\u00e9range souvent les personnes concern\u00e9es pour des raisons esth\u00e9tiques. Cependant, dans certains cas, la mauvaise position des dents doit \u00eatre trait\u00e9e pour des raisons de sant\u00e9.<\/p>\n\n\n\n<p>Tu trouveras plus d&rsquo;informations sur le th\u00e8me de la sous-occlusion ainsi que sur les possibilit\u00e9s de traitement dans cet article.<\/p>\n\n\n\n<p>Tu apprendras \u00e9galement ici si le traitement discret avec un appareil dentaire invisible (aligner) est possible.<\/p>\n\n\n\n<p>Tu veux savoir directement ?  <a href=\"https:\/\/tidd.ly\/3kM36uR\" target=\"_blank\" rel=\"noreferrer noopener nofollow\">Alors prends rendez-vous ici pour une consultation gratuite et sans engagement.<\/a><\/p>\n\n\n\n<div class=\"wp-block-group box is-layout-constrained wp-block-group-is-layout-constrained\">\n<p class=\"has-text-align-center\" style=\"font-size:22px\"><strong>Autres malformations dentaires<\/strong><\/p>\n\n\n\n<div class=\"wp-block-columns is-layout-flex wp-container-core-columns-is-layout-9d6595d7 wp-block-columns-is-layout-flex\">\n<div class=\"wp-block-column is-layout-flow wp-block-column-is-layout-flow\">\n<p><a href=\"https:\/\/aboutthatsmile.com\/deck-bite\/\">Morsure de couverture<\/a><\/p>\n\n\n\n<p><a href=\"https:\/\/aboutthatsmile.com\/tooth-gap-diastema\/\" data-type=\"post\" data-id=\"3968\">Diast\u00e8me<\/a><\/p>\n\n\n\n<p><a href=\"https:\/\/aboutthatsmile.com\/deep-bite\/\" data-type=\"post\" data-id=\"4284\">Morsure profonde<\/a><\/p>\n<\/div>\n\n\n\n<div class=\"wp-block-column is-layout-flow wp-block-column-is-layout-flow\">\n<p><a href=\"https:\/\/aboutthatsmile.com\/head-bite\/\" data-type=\"post\" data-id=\"4537\">Morsure \u00e0 la t\u00eate<\/a><\/p>\n\n\n\n<p><a href=\"https:\/\/aboutthatsmile.com\/underbite\/\" data-type=\"post\" data-id=\"3742\">Progenie<\/a><\/p>\n\n\n\n<p><a href=\"https:\/\/aboutthatsmile.com\/overbite\/\" data-type=\"post\" data-id=\"3712\">Surocclusion<\/a><\/p>\n<\/div>\n\n\n\n<div class=\"wp-block-column is-layout-flow wp-block-column-is-layout-flow\">\n<p><a href=\"https:\/\/aboutthatsmile.com\/open-bite\/\" data-type=\"post\" data-id=\"4048\">Morsure ouverte<\/a><\/p>\n\n\n\n<p><a href=\"https:\/\/aboutthatsmile.com\/crossbite\/\" data-type=\"post\" data-id=\"3817\">Morsure crois\u00e9e<\/a><\/p>\n\n\n\n<p><a href=\"https:\/\/aboutthatsmile.com\/underbite\/\" data-type=\"post\" data-id=\"3742\">Sous-occlusion<\/a><\/p>\n<\/div>\n<\/div>\n<\/div>\n\n\n\n<p><a href=\"https:\/\/aboutthatsmile.com\/fr\/malocclusion-les-appareils-dentaires-invisibles-peuvent-ils-aider\/\">Tu trouveras ici un premier aper\u00e7u de toutes les malpositions dentaires.<\/a><\/p>\n\n\n\n<p>De nombreux patients ont d\u00e9j\u00e0 fait traiter avec succ\u00e8s leur mauvaise position des dents avec des goutti\u00e8res invisibles. Regarde ici leurs photos avant\/apr\u00e8s.<\/p>\n\n\n\n<figure class=\"wp-block-image size-large\"><img decoding=\"async\" width=\"1024\" height=\"688\" src=\"https:\/\/aboutthatsmile.com\/wp-content\/uploads\/2023\/03\/junge-frau-ueberlegt-im-cafe-1024x688.jpg\" alt=\"Une jeune femme r\u00e9fl\u00e9chit dans un caf\u00e9 - traiter la sous-occlusion\" class=\"wp-image-2924\" title=\"\" srcset=\"https:\/\/aboutthatsmile.com\/wp-content\/uploads\/2023\/03\/junge-frau-ueberlegt-im-cafe-1024x688.jpg 1024w, https:\/\/aboutthatsmile.com\/wp-content\/uploads\/2023\/03\/junge-frau-ueberlegt-im-cafe-300x202.jpg 300w, https:\/\/aboutthatsmile.com\/wp-content\/uploads\/2023\/03\/junge-frau-ueberlegt-im-cafe-768x516.jpg 768w, https:\/\/aboutthatsmile.com\/wp-content\/uploads\/2023\/03\/junge-frau-ueberlegt-im-cafe-960x645.jpg 960w, https:\/\/aboutthatsmile.com\/wp-content\/uploads\/2023\/03\/junge-frau-ueberlegt-im-cafe-1080x725.jpg 1080w, https:\/\/aboutthatsmile.com\/wp-content\/uploads\/2023\/03\/junge-frau-ueberlegt-im-cafe.jpg 1200w\" sizes=\"(max-width: 1024px) 100vw, 1024px\" \/><\/figure>\n\n\n\n<div id=\"ez-toc-container\" class=\"ez-toc-v2_0_82_2 counter-hierarchy ez-toc-counter ez-toc-grey ez-toc-container-direction\">\n<div class=\"ez-toc-title-container\">\n<p class=\"ez-toc-title\" style=\"cursor:inherit\">Table of Contents<\/p>\n<span class=\"ez-toc-title-toggle\"><a href=\"#\" class=\"ez-toc-pull-right ez-toc-btn ez-toc-btn-xs ez-toc-btn-default ez-toc-toggle\" aria-label=\"Toggle Table of Content\"><span class=\"ez-toc-js-icon-con\"><span class=\"\"><span class=\"eztoc-hide\" style=\"display:none;\">Toggle<\/span><span class=\"ez-toc-icon-toggle-span\"><svg style=\"fill: #999;color:#999\" xmlns=\"http:\/\/www.w3.org\/2000\/svg\" class=\"list-377408\" width=\"20px\" height=\"20px\" viewBox=\"0 0 24 24\" fill=\"none\"><path d=\"M6 6H4v2h2V6zm14 0H8v2h12V6zM4 11h2v2H4v-2zm16 0H8v2h12v-2zM4 16h2v2H4v-2zm16 0H8v2h12v-2z\" fill=\"currentColor\"><\/path><\/svg><svg style=\"fill: #999;color:#999\" class=\"arrow-unsorted-368013\" xmlns=\"http:\/\/www.w3.org\/2000\/svg\" width=\"10px\" height=\"10px\" viewBox=\"0 0 24 24\" version=\"1.2\" baseProfile=\"tiny\"><path d=\"M18.2 9.3l-6.2-6.3-6.2 6.3c-.2.2-.3.4-.3.7s.1.5.3.7c.2.2.4.3.7.3h11c.3 0 .5-.1.7-.3.2-.2.3-.5.3-.7s-.1-.5-.3-.7zM5.8 14.7l6.2 6.3 6.2-6.3c.2-.2.3-.5.3-.7s-.1-.5-.3-.7c-.2-.2-.4-.3-.7-.3h-11c-.3 0-.5.1-.7.3-.2.2-.3.5-.3.7s.1.5.3.7z\"\/><\/svg><\/span><\/span><\/span><\/a><\/span><\/div>\n<nav><ul class='ez-toc-list ez-toc-list-level-1 eztoc-toggle-hide-by-default' ><li class='ez-toc-page-1 ez-toc-heading-level-2'><a class=\"ez-toc-link ez-toc-heading-1\" href=\"https:\/\/aboutthatsmile.com\/fr\/sous-occlusion-quest-ce-que-cela-signifie-et-comment-peut-on-la-traiter\/#Sous-occlusion_quest-ce_que_cest_exactement\" >Sous-occlusion : qu&rsquo;est-ce que c&rsquo;est exactement ?<\/a><\/li><li class='ez-toc-page-1 ez-toc-heading-level-2'><a class=\"ez-toc-link ez-toc-heading-2\" href=\"https:\/\/aboutthatsmile.com\/fr\/sous-occlusion-quest-ce-que-cela-signifie-et-comment-peut-on-la-traiter\/#Causes_de_la_sous-occlusion_Comment_se_forme_la_mauvaise_position\" >Causes de la sous-occlusion : Comment se forme la mauvaise position ?<\/a><\/li><li class='ez-toc-page-1 ez-toc-heading-level-2'><a class=\"ez-toc-link ez-toc-heading-3\" href=\"https:\/\/aboutthatsmile.com\/fr\/sous-occlusion-quest-ce-que-cela-signifie-et-comment-peut-on-la-traiter\/#Quels_peuvent_etre_les_effets_sur_la_sante_dune_sous-occlusion\" >Quels peuvent \u00eatre les effets sur la sant\u00e9 d&rsquo;une sous-occlusion ?<\/a><\/li><li class='ez-toc-page-1 ez-toc-heading-level-2'><a class=\"ez-toc-link ez-toc-heading-4\" href=\"https:\/\/aboutthatsmile.com\/fr\/sous-occlusion-quest-ce-que-cela-signifie-et-comment-peut-on-la-traiter\/#Traiter_la_sous-occlusion_Comment_proceder\" >Traiter la sous-occlusion : Comment proc\u00e9der ?<\/a><ul class='ez-toc-list-level-3' ><li class='ez-toc-heading-level-3'><a class=\"ez-toc-link ez-toc-heading-5\" href=\"https:\/\/aboutthatsmile.com\/fr\/sous-occlusion-quest-ce-que-cela-signifie-et-comment-peut-on-la-traiter\/#Sous-occlusion_dentaire_chez_lenfant_ladolescent_et_le_jeune_adulte_%E2%80%93_comment_se_soigner\" >Sous-occlusion dentaire chez l&rsquo;enfant, l&rsquo;adolescent et le jeune adulte &#8211; comment se soigner ?<\/a><\/li><li class='ez-toc-page-1 ez-toc-heading-level-3'><a class=\"ez-toc-link ez-toc-heading-6\" href=\"https:\/\/aboutthatsmile.com\/fr\/sous-occlusion-quest-ce-que-cela-signifie-et-comment-peut-on-la-traiter\/#Appareil_dentaire_sous_locclusion_chez_les_adultes\" >Appareil dentaire sous l&rsquo;occlusion chez les adultes<\/a><\/li><li class='ez-toc-page-1 ez-toc-heading-level-3'><a class=\"ez-toc-link ez-toc-heading-7\" href=\"https:\/\/aboutthatsmile.com\/fr\/sous-occlusion-quest-ce-que-cela-signifie-et-comment-peut-on-la-traiter\/#DrSmile_Traitement_Progenie_avec_des_appareils_dentaires_invisibles\" >DrSmile: Traitement Progenie avec des appareils dentaires invisibles<\/a><\/li><\/ul><\/li><li class='ez-toc-page-1 ez-toc-heading-level-2'><a class=\"ez-toc-link ez-toc-heading-8\" href=\"https:\/\/aboutthatsmile.com\/fr\/sous-occlusion-quest-ce-que-cela-signifie-et-comment-peut-on-la-traiter\/#FAQ_sur_la_correction_de_la_sous-occlusion_et_les_appareils_dentaires_pour_sous-occlusion\" >FAQ sur la correction de la sous-occlusion et les appareils dentaires pour sous-occlusion<\/a><ul class='ez-toc-list-level-3' ><li class='ez-toc-heading-level-3'><a class=\"ez-toc-link ez-toc-heading-9\" href=\"https:\/\/aboutthatsmile.com\/fr\/sous-occlusion-quest-ce-que-cela-signifie-et-comment-peut-on-la-traiter\/#A_quoi_ressemble_une_sous-occlusion\" >\u00c0 quoi ressemble une sous-occlusion ?<\/a><\/li><li class='ez-toc-page-1 ez-toc-heading-level-3'><a class=\"ez-toc-link ez-toc-heading-10\" href=\"https:\/\/aboutthatsmile.com\/fr\/sous-occlusion-quest-ce-que-cela-signifie-et-comment-peut-on-la-traiter\/#Une_sous-occlusion_est-elle_hereditaire\" >Une sous-occlusion est-elle h\u00e9r\u00e9ditaire ?<\/a><\/li><li class='ez-toc-page-1 ez-toc-heading-level-3'><a class=\"ez-toc-link ez-toc-heading-11\" href=\"https:\/\/aboutthatsmile.com\/fr\/sous-occlusion-quest-ce-que-cela-signifie-et-comment-peut-on-la-traiter\/#A_quel_age_faut-il_traiter_une_sous-occlusion\" >\u00c0 quel \u00e2ge faut-il traiter une sous-occlusion ?<\/a><\/li><\/ul><\/li><\/ul><\/nav><\/div>\n<h2 class=\"wp-block-heading\"><span class=\"ez-toc-section\" id=\"Sous-occlusion_quest-ce_que_cest_exactement\"><\/span>Sous-occlusion : qu&rsquo;est-ce que c&rsquo;est exactement ?<span class=\"ez-toc-section-end\"><\/span><\/h2>\n\n\n\n<p>On parle de sous-occlusion lorsque la m\u00e2choire inf\u00e9rieure est trop grande par rapport \u00e0 la m\u00e2choire sup\u00e9rieure, ou inversement. <strong>Le terme technique pour la sous-occlusion est \u00ab\u00a0prog\u00e9niture\u00a0\u00bb.<\/strong><\/p>\n\n\n\n<p>En orthodontie, les malformations de la m\u00e2choire sont class\u00e9es dans des <a href=\"https:\/\/flexikon.doccheck.com\/de\/Angle-Klassifikation\" target=\"_blank\" rel=\"noreferrer noopener\">classes<\/a> appel\u00e9es <a href=\"https:\/\/flexikon.doccheck.com\/de\/Angle-Klassifikation\" target=\"_blank\" rel=\"noreferrer noopener\">classes d&rsquo;angle<\/a>. Il s&rsquo;agit d&rsquo;un syst\u00e8me de classement qui uniformise l&rsquo;\u00e9valuation et le diagnostic.  <\/p>\n\n\n\n<p>Concr\u00e8tement, les classes d&rsquo;angle d\u00e9crivent la position des premi\u00e8res grandes molaires permanentes et canines de la m\u00e2choire sup\u00e9rieure et inf\u00e9rieure les unes par rapport aux autres.  <\/p>\n\n\n\n<p>Ils se basent pour cela sur l&rsquo;occlusion &#8211; c&rsquo;est-\u00e0-dire la morsure entre la m\u00e2choire inf\u00e9rieure et la m\u00e2choire sup\u00e9rieure.  <\/p>\n\n\n\n<div class=\"wp-block-buttons is-layout-flex wp-block-buttons-is-layout-flex\">\n<div class=\"wp-block-button aligncenter\"><a class=\"wp-block-button__link has-white-color has-text-color wp-element-button\" href=\"https:\/\/tidd.ly\/3M5c1TG\" target=\"_blank\" rel=\"sponsored noopener nofollow\">Corrige discr\u00e8tement ta sous-occlusion : R\u00e9serve ici ton rendez-vous de consultation gratuit !<\/a><\/div>\n<\/div>\n\n\n\n<p><strong>La sous-occlusion repr\u00e9sente la classe d&rsquo;angle III.<\/strong>  Le diagnostic se fait toujours lorsque la m\u00e2choire inf\u00e9rieure se trouve devant la m\u00e2choire sup\u00e9rieure.  <\/p>\n\n\n\n<p>Cela peut \u00eatre d\u00fb soit \u00e0 une m\u00e2choire sup\u00e9rieure trop petite, soit \u00e0 une m\u00e2choire inf\u00e9rieure trop longue.  <\/p>\n\n\n\n<p>Les patients concern\u00e9s sont souvent g\u00ean\u00e9s en premier lieu par les effets visuels, car la l\u00e8vre inf\u00e9rieure se trouve devant la l\u00e8vre sup\u00e9rieure. D&rsquo;autres caract\u00e9ristiques sont un menton dominant et une l\u00e8vre sup\u00e9rieure qui semble tr\u00e8s fine.<\/p>\n\n\n\n<p>Une <strong>forme<\/strong> particuli\u00e8re <strong>de sous-occlusion est l&rsquo;occlusion crois\u00e9e frontale<\/strong>. On en parle toujours lorsque les dents sup\u00e9rieures se trouvent \u00e0 l&rsquo;ext\u00e9rieur en temps normal.  <\/p>\n\n\n\n<p>Pour masquer l&rsquo;impact visuel de leur sous-occlusion, certains patients prennent l&rsquo;habitude de pousser d\u00e9lib\u00e9r\u00e9ment leur m\u00e2choire inf\u00e9rieure vers l&rsquo;avant.  <\/p>\n\n\n\n<p>On parle alors de compensation dentaire, mais ce n&rsquo;est \u00e9videmment pas une solution \u00e0 long terme.<\/p>\n\n\n\n<p>Contrairement \u00e0 la supraclusion, la <strong>sous-occlusion<\/strong> ne correspond en aucun <strong>cas \u00e0 une position normale de la m\u00e2choire<\/strong>. Il n&rsquo;y a donc pas de zone normale &#8211; il y a toujours une mauvaise position.  <\/p>\n\n\n\n<p>La sous-occlusion se distingue \u00e9galement de la surocclusion par le fait que la distance entre les incisives (niveau des dents de devant) est indiqu\u00e9e par le signe moins.  <\/p>\n\n\n\n<p>Celui-ci montre la disproportion qui existe dans chaque cas &#8211; un exemple serait environ -6 millim\u00e8tres.  <\/p>\n\n\n\n<p>Voici \u00e0 quoi peut ressembler une sous-occlusion, par exemple :<\/p>\n\n\n\n<figure class=\"wp-block-image aligncenter size-large is-resized\"><img decoding=\"async\" src=\"https:\/\/aboutthatsmile.com\/wp-content\/uploads\/2023\/01\/unterbiss-vorbiss-zahnfehlstellungen-1024x771.jpg\" alt=\"Sous-occlusion - Proclusion - Mauvaise position des dents\" class=\"wp-image-1031\" width=\"512\" height=\"386\" title=\"\" srcset=\"https:\/\/aboutthatsmile.com\/wp-content\/uploads\/2023\/01\/unterbiss-vorbiss-zahnfehlstellungen-1024x771.jpg 1024w, https:\/\/aboutthatsmile.com\/wp-content\/uploads\/2023\/01\/unterbiss-vorbiss-zahnfehlstellungen-300x226.jpg 300w, https:\/\/aboutthatsmile.com\/wp-content\/uploads\/2023\/01\/unterbiss-vorbiss-zahnfehlstellungen-768x579.jpg 768w, https:\/\/aboutthatsmile.com\/wp-content\/uploads\/2023\/01\/unterbiss-vorbiss-zahnfehlstellungen-960x723.jpg 960w, https:\/\/aboutthatsmile.com\/wp-content\/uploads\/2023\/01\/unterbiss-vorbiss-zahnfehlstellungen-1080x814.jpg 1080w, https:\/\/aboutthatsmile.com\/wp-content\/uploads\/2023\/01\/unterbiss-vorbiss-zahnfehlstellungen.jpg 1200w\" sizes=\"(max-width: 512px) 100vw, 512px\" \/><\/figure>\n\n\n\n<h2 class=\"wp-block-heading\"><span class=\"ez-toc-section\" id=\"Causes_de_la_sous-occlusion_Comment_se_forme_la_mauvaise_position\"><\/span>Causes de la sous-occlusion : Comment se forme la mauvaise position ?<span class=\"ez-toc-section-end\"><\/span><\/h2>\n\n\n\n<p>Une sous-occlusion peut \u00eatre soit g\u00e9n\u00e9tique, soit acquise ou favoris\u00e9e par diff\u00e9rentes habitudes prises d\u00e8s le plus jeune \u00e2ge.<\/p>\n\n\n\n<p>Parmi ces derniers, on trouve par exemple<\/p>\n\n\n\n<ul class=\"wp-block-list\">\n<li>T\u00e9tines<\/li>\n\n\n\n<li>Presse-langue<\/li>\n\n\n\n<li>Sucer son pouce<\/li>\n\n\n\n<li>Respiration par la bouche<\/li>\n<\/ul>\n\n\n\n<p>D&rsquo;autres causes, comme une d\u00e9glutition atypique, la taille de la langue et un d\u00e9s\u00e9quilibre hormonal, sont \u00e9galement associ\u00e9es \u00e0 une sous-occlusion.  <\/p>\n\n\n\n<p>Les enfants n\u00e9s avec une fente labiale ou palatine ont \u00e9galement tendance \u00e0 avoir une sous-occlusion.  <\/p>\n\n\n\n<div class=\"wp-block-group box is-layout-constrained wp-block-group-is-layout-constrained\">\n<figure class=\"wp-block-table\"><table class=\"has-white-color has-text-color has-background\" style=\"background-color:#31b3cf\"><tbody><tr><td class=\"has-text-align-center\" data-align=\"center\"><strong>Obtiens 150\u20ac de r\u00e9duction sur ta correction dentaire !<\/strong><\/td><\/tr><\/tbody><\/table><\/figure>\n\n\n\n<div class=\"wp-block-media-text alignwide is-stacked-on-mobile is-vertically-aligned-center is-image-fill\"><figure class=\"wp-block-media-text__media\" style=\"background-image:url(https:\/\/aboutthatsmile.com\/wp-content\/uploads\/2023\/01\/frau-haelt-aligner-in-der-hand-strahlt-mit-daumen-nach-oben-1024x683.jpg);background-position:37% 41%\"><img decoding=\"async\" width=\"1024\" height=\"683\" src=\"https:\/\/aboutthatsmile.com\/wp-content\/uploads\/2023\/01\/frau-haelt-aligner-in-der-hand-strahlt-mit-daumen-nach-oben-1024x683.jpg\" alt=\"Femme tenant un aligneur et souriant en levant le pouce\" class=\"wp-image-273 size-full\" title=\"\" srcset=\"https:\/\/aboutthatsmile.com\/wp-content\/uploads\/2023\/01\/frau-haelt-aligner-in-der-hand-strahlt-mit-daumen-nach-oben-1024x683.jpg 1024w, https:\/\/aboutthatsmile.com\/wp-content\/uploads\/2023\/01\/frau-haelt-aligner-in-der-hand-strahlt-mit-daumen-nach-oben-300x200.jpg 300w, https:\/\/aboutthatsmile.com\/wp-content\/uploads\/2023\/01\/frau-haelt-aligner-in-der-hand-strahlt-mit-daumen-nach-oben-768x512.jpg 768w, https:\/\/aboutthatsmile.com\/wp-content\/uploads\/2023\/01\/frau-haelt-aligner-in-der-hand-strahlt-mit-daumen-nach-oben-960x640.jpg 960w, https:\/\/aboutthatsmile.com\/wp-content\/uploads\/2023\/01\/frau-haelt-aligner-in-der-hand-strahlt-mit-daumen-nach-oben-1080x720.jpg 1080w, https:\/\/aboutthatsmile.com\/wp-content\/uploads\/2023\/01\/frau-haelt-aligner-in-der-hand-strahlt-mit-daumen-nach-oben.jpg 1200w\" sizes=\"(max-width: 1024px) 100vw, 1024px\" \/><\/figure><div class=\"wp-block-media-text__content\">\n<p><a href=\"https:\/\/tidd.ly\/3M5c1TG\" target=\"_blank\" rel=\"noreferrer noopener sponsored nofollow\">R\u00e9serve d\u00e8s maintenant un rendez-vous de consultation<\/a> dans un cabinet partenaire de DrSmile situ\u00e9 \u00e0 proximit\u00e9 et d\u00e9couvre si la correction des dents avec des aligneurs est une option pour toi.<\/p>\n\n\n\n<p>Le rendez-vous est totalement sans engagement et n&rsquo;implique aucun co\u00fbt.<\/p>\n\n\n\n<p>Avec le code \u00ab\u00a0THATSMILE150\u00a0\u00bb, tu b\u00e9n\u00e9ficies d&rsquo;une r\u00e9duction de 150 \u20ac sur le traitement.<\/p>\n<\/div><\/div>\n\n\n\n<div class=\"wp-block-buttons is-layout-flex wp-block-buttons-is-layout-flex\">\n<div class=\"wp-block-button aligncenter\"><a class=\"wp-block-button__link wp-element-button\" href=\"https:\/\/tidd.ly\/3M5c1TG\" target=\"_blank\" rel=\"sponsored noopener nofollow\"><mark style=\"background-color:rgba(0, 0, 0, 0)\" class=\"has-inline-color has-white-color\">R\u00e9serve maintenant un rendez-vous de conseil gratuit.<\/mark><\/a><\/div>\n<\/div>\n<\/div>\n\n\n\n<h2 class=\"wp-block-heading\"><span class=\"ez-toc-section\" id=\"Quels_peuvent_etre_les_effets_sur_la_sante_dune_sous-occlusion\"><\/span>Quels peuvent \u00eatre les effets sur la sant\u00e9 d&rsquo;une sous-occlusion ?<span class=\"ez-toc-section-end\"><\/span><\/h2>\n\n\n\n<p>Une sous-occlusion peut avoir une influence sur la coop\u00e9ration entre les tendons, les muscles et les articulations. Il peut avoir un effet n\u00e9gatif sur la sant\u00e9 et entra\u00eener des probl\u00e8mes d&rsquo;apparence.  <\/p>\n\n\n\n<p>Les<strong> cons\u00e9quences <\/strong>possibles<strong> sur l&rsquo;esth\u00e9tique et la sant\u00e9 <\/strong>peuvent \u00eatre les suivantes<\/p>\n\n\n\n<ul class=\"wp-block-list\">\n<li><strong>Douleurs<\/strong> dues \u00e0 la position non naturelle de la m\u00e2choire. Car elle repr\u00e9sente une charge exceptionnelle pour la bouche et les articulations environnantes.  <\/li>\n\n\n\n<li>La sous-occlusion fait en sorte que <strong>la pression exerc\u00e9e lors de la morsure<\/strong> ne soit <strong>pas r\u00e9guli\u00e8re<\/strong>. Ainsi, la morsure peut \u00eatre mise en charge.  <\/li>\n\n\n\n<li>Des probl\u00e8mes peuvent survenir lors de la <strong>mastication et de la d\u00e9glutition<\/strong> des aliments.  <\/li>\n\n\n\n<li>La position non naturelle de la m\u00e2choire <strong>affecte <\/strong>souvent <strong>l&rsquo;apparence <\/strong>du visage de mani\u00e8re n\u00e9gative, ce qui cr\u00e9e un probl\u00e8me cosm\u00e9tique.  <\/li>\n\n\n\n<li>Last but not least, la g\u00eane visuelle caus\u00e9e par la sous-occlusion peut avoir <strong>des cons\u00e9quences psychologiques<\/strong>.  <\/li>\n<\/ul>\n\n\n\n<iframe width=\"100%\" height=\"315\" src=\"https:\/\/www.youtube-nocookie.com\/embed\/jaZo3_bKsFg\" title=\"Lecteur vid\u00e9o YouTube\" frameborder=\"0\" allow=\"accelerometer; autoplay; clipboard-write; encrypted-media; gyroscope; picture-in-picture; web-share\" allowfullscreen=\"\"><\/iframe>\n\n\n\n<h2 class=\"wp-block-heading\"><span class=\"ez-toc-section\" id=\"Traiter_la_sous-occlusion_Comment_proceder\"><\/span>Traiter la sous-occlusion : Comment proc\u00e9der ?<span class=\"ez-toc-section-end\"><\/span><\/h2>\n\n\n\n<p>Comme nous l&rsquo;avons d\u00e9j\u00e0 mentionn\u00e9, il n&rsquo;existe pas de plage d&rsquo;acceptation ou de norme pour la sous-occlusion (contrairement \u00e0 la surocclusion).<\/p>\n\n\n\n<p>Un traitement est donc in\u00e9vitable pour \u00e9viter des probl\u00e8mes esth\u00e9tiques ou m\u00eame de sant\u00e9.  <\/p>\n\n\n\n<div class=\"wp-block-buttons is-layout-flex wp-block-buttons-is-layout-flex\">\n<div class=\"wp-block-button aligncenter\"><a class=\"wp-block-button__link has-white-color has-text-color wp-element-button\" href=\"https:\/\/tidd.ly\/3M5c1TG\" target=\"_blank\" rel=\"sponsored noopener nofollow\">Corriger discr\u00e8tement la surocclusion : R\u00e9serve ici un rendez-vous de consultation gratuit !<\/a><\/div>\n<\/div>\n\n\n\n<h3 class=\"wp-block-heading\"><span class=\"ez-toc-section\" id=\"Sous-occlusion_dentaire_chez_lenfant_ladolescent_et_le_jeune_adulte_%E2%80%93_comment_se_soigner\"><\/span>Sous-occlusion dentaire chez l&rsquo;enfant, l&rsquo;adolescent et le jeune adulte &#8211; comment se soigner ?<span class=\"ez-toc-section-end\"><\/span><\/h3>\n\n\n\n<p>Id\u00e9alement, la sous-occlusion est corrig\u00e9e par l&rsquo;orthodontie <strong>d\u00e8s l&rsquo;enfance<\/strong>, ou au plus tard pendant ou juste avant la pubert\u00e9.  <\/p>\n\n\n\n<p>Si la malformation est tr\u00e8s prononc\u00e9e, il est m\u00eame recommand\u00e9 de traiter la dentition de lait \u00e0 un stade pr\u00e9coce.  <\/p>\n\n\n\n<p>Les dentistes aiment travailler ici avec des extenseurs de la m\u00e2choire sup\u00e9rieure, des headgear ou des mentonni\u00e8res. D&rsquo;une part, les appareils orthodontiques doivent corriger la position des m\u00e2choires.  <\/p>\n\n\n\n<p>D&rsquo;autre part, on essaie de freiner la croissance de la m\u00e2choire inf\u00e9rieure et de favoriser celle de la m\u00e2choire sup\u00e9rieure.<\/p>\n\n\n\n<figure class=\"wp-block-image size-large\"><img decoding=\"async\" width=\"1024\" height=\"683\" src=\"https:\/\/aboutthatsmile.com\/wp-content\/uploads\/2023\/03\/junge-frau-haelt-spiegel-beim-zahnarzt-laechelt-1024x683.jpg\" alt=\"Une jeune femme sourit chez le dentiste - DrSmile vs Inman Aligner\" class=\"wp-image-2896\" title=\"\" srcset=\"https:\/\/aboutthatsmile.com\/wp-content\/uploads\/2023\/03\/junge-frau-haelt-spiegel-beim-zahnarzt-laechelt-1024x683.jpg 1024w, https:\/\/aboutthatsmile.com\/wp-content\/uploads\/2023\/03\/junge-frau-haelt-spiegel-beim-zahnarzt-laechelt-300x200.jpg 300w, https:\/\/aboutthatsmile.com\/wp-content\/uploads\/2023\/03\/junge-frau-haelt-spiegel-beim-zahnarzt-laechelt-768x512.jpg 768w, https:\/\/aboutthatsmile.com\/wp-content\/uploads\/2023\/03\/junge-frau-haelt-spiegel-beim-zahnarzt-laechelt-960x640.jpg 960w, https:\/\/aboutthatsmile.com\/wp-content\/uploads\/2023\/03\/junge-frau-haelt-spiegel-beim-zahnarzt-laechelt-1080x720.jpg 1080w, https:\/\/aboutthatsmile.com\/wp-content\/uploads\/2023\/03\/junge-frau-haelt-spiegel-beim-zahnarzt-laechelt.jpg 1200w\" sizes=\"(max-width: 1024px) 100vw, 1024px\" \/><\/figure>\n\n\n\n<h3 class=\"wp-block-heading\"><span class=\"ez-toc-section\" id=\"Appareil_dentaire_sous_locclusion_chez_les_adultes\"><\/span>Appareil dentaire sous l&rsquo;occlusion chez les adultes<span class=\"ez-toc-section-end\"><\/span><\/h3>\n\n\n\n<p>Si les mesures orthodontiques prises pendant l&rsquo;enfance n&rsquo;ont pas \u00e9t\u00e9 couronn\u00e9es de succ\u00e8s ou ont m\u00eame \u00e9t\u00e9 n\u00e9glig\u00e9es, <strong>un appareil dentaire fixe <\/strong>peut \u00eatre utilis\u00e9 <strong>chez les adultes <\/strong>.  <\/p>\n\n\n\n<p>Leur effet est souvent renforc\u00e9 en plus par des \u00e9lastiques sur les brackets du haut et du bas. Ils doivent aider \u00e0 placer la m\u00e2choire inf\u00e9rieure dans la bonne position.  <\/p>\n\n\n\n<p>L&rsquo;appareil dentaire fixe doit \u00eatre port\u00e9 pendant plusieurs mois, voire quelques ann\u00e9es dans certains cas.<\/p>\n\n\n\n<p>En cas de sous-occlusion extr\u00eame, il se peut m\u00eame qu&rsquo;une<strong> op\u00e9ration de sous-occlusion <\/strong> soit n\u00e9cessaire en plus (op\u00e9ration de prog\u00e9nie ou op\u00e9ration de sous-occlusion de la m\u00e2choire). Cependant, dans de nombreux cas, il est possible de traiter la prog\u00e9niture sans chirurgie.  <\/p>\n\n\n\n<p>Cependant, pas mal d&rsquo;adultes craignent les restrictions d&rsquo;un appareil dentaire fixe dans leur vie professionnelle et quotidienne.<\/p>\n\n\n\n<p>Pour des raisons esth\u00e9tiques \u00e9galement, les appareils dentaires fixes sont une solution de secours absolue pour la plupart des personnes majeures.<\/p>\n\n\n\n<p>A cela s&rsquo;ajoute le prix relativement \u00e9lev\u00e9. En effet, la caisse d&rsquo;assurance maladie ne prend en charge les co\u00fbts d&rsquo;un traitement de la supraclusion que dans des cas extr\u00eames.<\/p>\n\n\n\n<p>Mais en r\u00e8gle g\u00e9n\u00e9rale, la <strong>correction de la sous-occlusion pour les adultes <\/strong>doit \u00eatre pay\u00e9e par le patient lui-m\u00eame, ce qui n&rsquo;est souvent pas une sin\u00e9cure avec des co\u00fbts de traitement \u00e0 partir de 6000 euros et plus.<\/p>\n\n\n\n<div class=\"wp-block-buttons is-layout-flex wp-block-buttons-is-layout-flex\">\n<div class=\"wp-block-button aligncenter\"><a class=\"wp-block-button__link has-white-color has-text-color wp-element-button\" href=\"https:\/\/tidd.ly\/3M5c1TG\" target=\"_blank\" rel=\"sponsored noopener nofollow\">Corriger discr\u00e8tement la surocclusion : R\u00e9serve ici un rendez-vous de consultation gratuit !<\/a><\/div>\n<\/div>\n\n\n\n<h3 class=\"wp-block-heading\"><span class=\"ez-toc-section\" id=\"DrSmile_Traitement_Progenie_avec_des_appareils_dentaires_invisibles\"><\/span>DrSmile: Traitement Progenie avec des appareils dentaires invisibles<span class=\"ez-toc-section-end\"><\/span><\/h3>\n\n\n\n<p>Cependant, dans certains cas, les adultes peuvent \u00e9viter de porter un appareil dentaire fixe. En effet, lorsque la malocclusion dentaire est l\u00e9g\u00e8re \u00e0 mod\u00e9r\u00e9e, il est souvent <strong>possible de la traiter avec des goutti\u00e8res transparentes<\/strong>.<\/p>\n\n\n\n<p>Ces soi-disant aligneurs permettent une correction dentaire discr\u00e8te, car ils sont compl\u00e8tement transparents et s&rsquo;ajustent parfaitement sur les dents.<\/p>\n\n\n\n<p>Ils peuvent \u00eatre retir\u00e9s \u00e0 tout moment. Cependant, cela n&rsquo;est recommand\u00e9 que pour manger et pour les soins dentaires quotidiens, car elles doivent \u00eatre port\u00e9es au moins 22 heures par jour.<\/p>\n\n\n\n<p>Un autre point positif est le prix : les co\u00fbts des goutti\u00e8res dentaires invisibles commencent par exemple \u00e0 partir de 1790 euros ou 33 euros par mois chez le <a href=\"https:\/\/aboutthatsmile.com\/fr\/experiences-drsmile\/\">fournisseur<\/a> renomm\u00e9 <a href=\"https:\/\/aboutthatsmile.com\/fr\/experiences-drsmile\/\"> DrSmile<\/a>.<\/p>\n\n\n\n<p><a href=\"https:\/\/aboutthatsmile.com\/fr\/prix-drsmile\/\">Ici, tu trouveras plus d&rsquo;informations sur les prix DrSmile.<\/a><\/p>\n\n\n\n<p>Pour savoir si ta sous-occlusion peut \u00eatre trait\u00e9e avec des aligneurs invisibles, tu peux prendre un rendez-vous de consultation gratuit et sans engagement que <a href=\"https:\/\/tidd.ly\/3y5ZqXU\" target=\"_blank\" rel=\"noreferrer noopener nofollow\">tu peux r\u00e9server ici<\/a>.<\/p>\n\n\n\n<p>Si les aligneurs r\u00e9guliers atteignent leurs limites, les appareils dentaires invisibles de <a href=\"https:\/\/aboutthatsmile.com\/fr\/drsmile-vs-invisalign-quel-fournisseur-est-le-meilleur\/\">Invisalign<\/a> traiter une sous-occlusion plus prononc\u00e9e dans certains cas.  <\/p>\n\n\n\n<p>Ils sont cependant beaucoup plus chers que les produits de la concurrence.<\/p>\n\n\n\n<div class=\"wp-block-group box is-layout-constrained wp-block-group-is-layout-constrained\">\n<figure class=\"wp-block-table\"><table class=\"has-white-color has-text-color has-background\" style=\"background-color:#31b3cf\"><tbody><tr><td class=\"has-text-align-center\" data-align=\"center\"><strong>Obtiens 150\u20ac de r\u00e9duction sur ta correction dentaire !<\/strong><\/td><\/tr><\/tbody><\/table><\/figure>\n\n\n\n<div class=\"wp-block-media-text alignwide is-stacked-on-mobile is-vertically-aligned-center is-image-fill\"><figure class=\"wp-block-media-text__media\" style=\"background-image:url(https:\/\/aboutthatsmile.com\/wp-content\/uploads\/2023\/01\/frau-haelt-aligner-in-der-hand-strahlt-mit-daumen-nach-oben-1024x683.jpg);background-position:37% 41%\"><img decoding=\"async\" width=\"1024\" height=\"683\" src=\"https:\/\/aboutthatsmile.com\/wp-content\/uploads\/2023\/01\/frau-haelt-aligner-in-der-hand-strahlt-mit-daumen-nach-oben-1024x683.jpg\" alt=\"Femme tenant un aligneur et souriant en levant le pouce\" class=\"wp-image-273 size-full\" title=\"\" srcset=\"https:\/\/aboutthatsmile.com\/wp-content\/uploads\/2023\/01\/frau-haelt-aligner-in-der-hand-strahlt-mit-daumen-nach-oben-1024x683.jpg 1024w, https:\/\/aboutthatsmile.com\/wp-content\/uploads\/2023\/01\/frau-haelt-aligner-in-der-hand-strahlt-mit-daumen-nach-oben-300x200.jpg 300w, https:\/\/aboutthatsmile.com\/wp-content\/uploads\/2023\/01\/frau-haelt-aligner-in-der-hand-strahlt-mit-daumen-nach-oben-768x512.jpg 768w, https:\/\/aboutthatsmile.com\/wp-content\/uploads\/2023\/01\/frau-haelt-aligner-in-der-hand-strahlt-mit-daumen-nach-oben-960x640.jpg 960w, https:\/\/aboutthatsmile.com\/wp-content\/uploads\/2023\/01\/frau-haelt-aligner-in-der-hand-strahlt-mit-daumen-nach-oben-1080x720.jpg 1080w, https:\/\/aboutthatsmile.com\/wp-content\/uploads\/2023\/01\/frau-haelt-aligner-in-der-hand-strahlt-mit-daumen-nach-oben.jpg 1200w\" sizes=\"(max-width: 1024px) 100vw, 1024px\" \/><\/figure><div class=\"wp-block-media-text__content\">\n<p><a href=\"https:\/\/tidd.ly\/3M5c1TG\" target=\"_blank\" rel=\"noreferrer noopener sponsored nofollow\">R\u00e9serve d\u00e8s maintenant un rendez-vous de consultation<\/a> dans un cabinet partenaire de DrSmile situ\u00e9 \u00e0 proximit\u00e9 et d\u00e9couvre si la correction des dents avec des aligneurs est une option pour toi.<\/p>\n\n\n\n<p>Le rendez-vous est totalement sans engagement et n&rsquo;implique aucun co\u00fbt.<\/p>\n\n\n\n<p>Avec le code \u00ab\u00a0THATSMILE150\u00a0\u00bb, tu b\u00e9n\u00e9ficies d&rsquo;une r\u00e9duction de 150 \u20ac sur le traitement.<\/p>\n<\/div><\/div>\n\n\n\n<div class=\"wp-block-buttons is-layout-flex wp-block-buttons-is-layout-flex\">\n<div class=\"wp-block-button aligncenter\"><a class=\"wp-block-button__link wp-element-button\" href=\"https:\/\/tidd.ly\/3M5c1TG\" target=\"_blank\" rel=\"sponsored noopener nofollow\"><mark style=\"background-color:rgba(0, 0, 0, 0)\" class=\"has-inline-color has-white-color\">R\u00e9serve maintenant un rendez-vous de conseil gratuit.<\/mark><\/a><\/div>\n<\/div>\n<\/div>\n\n\n\n<h2 class=\"wp-block-heading\"><span class=\"ez-toc-section\" id=\"FAQ_sur_la_correction_de_la_sous-occlusion_et_les_appareils_dentaires_pour_sous-occlusion\"><\/span>FAQ sur la correction de la sous-occlusion et les appareils dentaires pour sous-occlusion<span class=\"ez-toc-section-end\"><\/span><\/h2>\n\n\n\n<p>Nous r\u00e9pondons ici \u00e0 quelques questions fr\u00e9quemment pos\u00e9es sur le traitement de la sous-occlusion et sur les appareils dentaires pour sous-occlusion.<\/p>\n\n\n<div id=\"rank-math-faq\" class=\"rank-math-block\">\n<div class=\"rank-math-list \">\n<div id=\"faq-question-1680025425188\" class=\"rank-math-list-item\">\n<h3 class=\"rank-math-question \"><span class=\"ez-toc-section\" id=\"A_quoi_ressemble_une_sous-occlusion\"><\/span>\u00c0 quoi ressemble une sous-occlusion ?<span class=\"ez-toc-section-end\"><\/span><\/h3>\n<div class=\"rank-math-answer \">\n\n<p>Les incisives inf\u00e9rieures sont trop en avant en cas de sous-occlusion. La position peu naturelle de la m\u00e2choire nuit souvent \u00e0 l&rsquo;apparence du visage : la l\u00e8vre inf\u00e9rieure est plac\u00e9e devant la l\u00e8vre sup\u00e9rieure, le menton semble dominant et la l\u00e8vre sup\u00e9rieure tr\u00e8s fine.  <\/p>\n\n<\/div>\n<\/div>\n<div id=\"faq-question-1680025592808\" class=\"rank-math-list-item\">\n<h3 class=\"rank-math-question \"><span class=\"ez-toc-section\" id=\"Une_sous-occlusion_est-elle_hereditaire\"><\/span>Une sous-occlusion est-elle h\u00e9r\u00e9ditaire ?<span class=\"ez-toc-section-end\"><\/span><\/h3>\n<div class=\"rank-math-answer \">\n\n<p>En fait, la g\u00e9n\u00e9tique joue un r\u00f4le important dans les malformations des dents et des m\u00e2choires. Mais une sous-occlusion peut aussi \u00eatre acquise ou favoris\u00e9e par diff\u00e9rentes habitudes prises d\u00e8s le plus jeune \u00e2ge.<\/p>\n\n<\/div>\n<\/div>\n<div id=\"faq-question-1680025681217\" class=\"rank-math-list-item\">\n<h3 class=\"rank-math-question \"><span class=\"ez-toc-section\" id=\"A_quel_age_faut-il_traiter_une_sous-occlusion\"><\/span>\u00c0 quel \u00e2ge faut-il traiter une sous-occlusion ?<span class=\"ez-toc-section-end\"><\/span><\/h3>\n<div class=\"rank-math-answer \">\n\n<p>Le moment id\u00e9al pour une correction de la sous-occlusion est pendant ou juste avant la pubert\u00e9. Cependant, pour les malformations particuli\u00e8rement prononc\u00e9es, il est souvent recommand\u00e9 de commencer le traitement plus t\u00f4t dans l&rsquo;enfance.<\/p>\n\n<\/div>\n<\/div>\n<\/div>\n<\/div>\n\n\n<figure class=\"wp-block-image size-large\"><img decoding=\"async\" width=\"1024\" height=\"682\" src=\"https:\/\/aboutthatsmile.com\/wp-content\/uploads\/2023\/01\/frau-haelt-zwei-aligner-in-der-hand-in-herzform-1024x682.jpg\" alt=\"Exp\u00e9rience PlusDentaire : Le dentiste tient un aligneur vers le haut\" class=\"wp-image-275\" title=\"\" srcset=\"https:\/\/aboutthatsmile.com\/wp-content\/uploads\/2023\/01\/frau-haelt-zwei-aligner-in-der-hand-in-herzform-1024x682.jpg 1024w, https:\/\/aboutthatsmile.com\/wp-content\/uploads\/2023\/01\/frau-haelt-zwei-aligner-in-der-hand-in-herzform-300x200.jpg 300w, https:\/\/aboutthatsmile.com\/wp-content\/uploads\/2023\/01\/frau-haelt-zwei-aligner-in-der-hand-in-herzform-768x511.jpg 768w, https:\/\/aboutthatsmile.com\/wp-content\/uploads\/2023\/01\/frau-haelt-zwei-aligner-in-der-hand-in-herzform-960x639.jpg 960w, https:\/\/aboutthatsmile.com\/wp-content\/uploads\/2023\/01\/frau-haelt-zwei-aligner-in-der-hand-in-herzform-1080x719.jpg 1080w, https:\/\/aboutthatsmile.com\/wp-content\/uploads\/2023\/01\/frau-haelt-zwei-aligner-in-der-hand-in-herzform.jpg 1200w\" sizes=\"(max-width: 1024px) 100vw, 1024px\" \/><\/figure>\n\n\n<div class=\"kk-star-ratings kksr-auto kksr-align-left kksr-valign-bottom\"\n    data-payload='{&quot;align&quot;:&quot;left&quot;,&quot;id&quot;:&quot;3840&quot;,&quot;slug&quot;:&quot;default&quot;,&quot;valign&quot;:&quot;bottom&quot;,&quot;ignore&quot;:&quot;&quot;,&quot;reference&quot;:&quot;auto&quot;,&quot;class&quot;:&quot;&quot;,&quot;count&quot;:&quot;0&quot;,&quot;legendonly&quot;:&quot;&quot;,&quot;readonly&quot;:&quot;&quot;,&quot;score&quot;:&quot;0&quot;,&quot;starsonly&quot;:&quot;&quot;,&quot;best&quot;:&quot;5&quot;,&quot;gap&quot;:&quot;5&quot;,&quot;greet&quot;:&quot;Rate this post&quot;,&quot;legend&quot;:&quot;0\\\/5 - (0 vote)&quot;,&quot;size&quot;:&quot;24&quot;,&quot;title&quot;:&quot;Sous-occlusion : qu\\u0026#039;est-ce que cela signifie et comment peut-on la traiter ?&quot;,&quot;width&quot;:&quot;0&quot;,&quot;_legend&quot;:&quot;{score}\\\/{best} - ({count} {votes})&quot;,&quot;font_factor&quot;:&quot;1.25&quot;}'>\n            \n<div class=\"kksr-stars\">\n    \n<div class=\"kksr-stars-inactive\">\n            <div class=\"kksr-star\" data-star=\"1\" style=\"padding-right: 5px\">\n            \n\n<div class=\"kksr-icon\" style=\"width: 24px; height: 24px;\"><\/div>\n        <\/div>\n            <div class=\"kksr-star\" data-star=\"2\" style=\"padding-right: 5px\">\n            \n\n<div class=\"kksr-icon\" style=\"width: 24px; height: 24px;\"><\/div>\n        <\/div>\n            <div class=\"kksr-star\" data-star=\"3\" style=\"padding-right: 5px\">\n            \n\n<div class=\"kksr-icon\" style=\"width: 24px; height: 24px;\"><\/div>\n        <\/div>\n            <div class=\"kksr-star\" data-star=\"4\" style=\"padding-right: 5px\">\n            \n\n<div class=\"kksr-icon\" style=\"width: 24px; height: 24px;\"><\/div>\n        <\/div>\n            <div class=\"kksr-star\" data-star=\"5\" style=\"padding-right: 5px\">\n            \n\n<div class=\"kksr-icon\" style=\"width: 24px; height: 24px;\"><\/div>\n        <\/div>\n    <\/div>\n    \n<div class=\"kksr-stars-active\" style=\"width: 0px;\">\n            <div class=\"kksr-star\" style=\"padding-right: 5px\">\n            \n\n<div class=\"kksr-icon\" style=\"width: 24px; height: 24px;\"><\/div>\n        <\/div>\n            <div class=\"kksr-star\" style=\"padding-right: 5px\">\n            \n\n<div class=\"kksr-icon\" style=\"width: 24px; height: 24px;\"><\/div>\n        <\/div>\n            <div class=\"kksr-star\" style=\"padding-right: 5px\">\n            \n\n<div class=\"kksr-icon\" style=\"width: 24px; height: 24px;\"><\/div>\n        <\/div>\n            <div class=\"kksr-star\" style=\"padding-right: 5px\">\n            \n\n<div class=\"kksr-icon\" style=\"width: 24px; height: 24px;\"><\/div>\n        <\/div>\n            <div class=\"kksr-star\" style=\"padding-right: 5px\">\n            \n\n<div class=\"kksr-icon\" style=\"width: 24px; height: 24px;\"><\/div>\n        <\/div>\n    <\/div>\n<\/div>\n                \n\n<div class=\"kksr-legend\" style=\"font-size: 19.2px;\">\n            <span class=\"kksr-muted\">Rate this post<\/span>\n    <\/div>\n    <\/div>\n","protected":false},"excerpt":{"rendered":"<p>Tu souhaites faire soigner ta sous-occlusion ? Alors tu es au bon endroit. Dans cet article, tu trouveras toutes les&#8230;<\/p>\n","protected":false},"author":2,"featured_media":2927,"comment_status":"open","ping_status":"open","sticky":false,"template":"","format":"standard","meta":{"_kad_post_transparent":"","_kad_post_title":"","_kad_post_layout":"","_kad_post_sidebar_id":"","_kad_post_content_style":"","_kad_post_vertical_padding":"","_kad_post_feature":"","_kad_post_feature_position":"","_kad_post_header":false,"_kad_post_footer":false,"_kad_post_classname":"","footnotes":""},"categories":[78],"tags":[],"class_list":["post-3840","post","type-post","status-publish","format-standard","has-post-thumbnail","hentry","category-blog"],"_links":{"self":[{"href":"https:\/\/aboutthatsmile.com\/fr\/wp-json\/wp\/v2\/posts\/3840","targetHints":{"allow":["GET"]}}],"collection":[{"href":"https:\/\/aboutthatsmile.com\/fr\/wp-json\/wp\/v2\/posts"}],"about":[{"href":"https:\/\/aboutthatsmile.com\/fr\/wp-json\/wp\/v2\/types\/post"}],"author":[{"embeddable":true,"href":"https:\/\/aboutthatsmile.com\/fr\/wp-json\/wp\/v2\/users\/2"}],"replies":[{"embeddable":true,"href":"https:\/\/aboutthatsmile.com\/fr\/wp-json\/wp\/v2\/comments?post=3840"}],"version-history":[{"count":3,"href":"https:\/\/aboutthatsmile.com\/fr\/wp-json\/wp\/v2\/posts\/3840\/revisions"}],"predecessor-version":[{"id":3861,"href":"https:\/\/aboutthatsmile.com\/fr\/wp-json\/wp\/v2\/posts\/3840\/revisions\/3861"}],"wp:featuredmedia":[{"embeddable":true,"href":"https:\/\/aboutthatsmile.com\/fr\/wp-json\/wp\/v2\/media\/2927"}],"wp:attachment":[{"href":"https:\/\/aboutthatsmile.com\/fr\/wp-json\/wp\/v2\/media?parent=3840"}],"wp:term":[{"taxonomy":"category","embeddable":true,"href":"https:\/\/aboutthatsmile.com\/fr\/wp-json\/wp\/v2\/categories?post=3840"},{"taxonomy":"post_tag","embeddable":true,"href":"https:\/\/aboutthatsmile.com\/fr\/wp-json\/wp\/v2\/tags?post=3840"}],"curies":[{"name":"wp","href":"https:\/\/api.w.org\/{rel}","templated":true}]}}