{"id":5019,"date":"2023-04-28T13:21:02","date_gmt":"2023-04-28T13:21:02","guid":{"rendered":"https:\/\/aboutthatsmile.com\/assurance-dentaire-complementaire-invisalign-les-frais-daligner-sont-ils-pris-en-charge\/"},"modified":"2023-05-13T16:03:12","modified_gmt":"2023-05-13T16:03:12","slug":"assurance-dentaire-complementaire-invisalign-les-frais-daligner-sont-ils-pris-en-charge","status":"publish","type":"post","link":"https:\/\/aboutthatsmile.com\/fr\/assurance-dentaire-complementaire-invisalign-les-frais-daligner-sont-ils-pris-en-charge\/","title":{"rendered":"Assurance dentaire compl\u00e9mentaire Invisalign : les frais d&rsquo;Aligner sont-ils pris en charge ?"},"content":{"rendered":"\n<p><strong><mark style=\"background-color:rgba(0, 0, 0, 0);color:#31b3cf\" class=\"has-inline-color\">Assurance dentaire compl\u00e9mentaire Invisalign : les co\u00fbts de la th\u00e9rapie Aligner sont-ils pris en charge et \u00e0 quoi faut-il faire attention lors du choix du tarif ?<\/mark><\/strong><\/p>\n\n\n\n<p>Aujourd&rsquo;hui, les aligneurs sont litt\u00e9ralement sur toutes les l\u00e8vres. Ce n&rsquo;est pas \u00e9tonnant, car ils repr\u00e9sentent une alternative discr\u00e8te, <a href=\"https:\/\/aboutthatsmile.com\/fr\/comprendre-et-traiter-la-douleur-invisalign\/\" data-type=\"post\" data-id=\"1155\">indolore<\/a> et \u00e9conomique aux appareils dentaires fixes.<\/p>\n\n\n\n<p>Les adultes en particulier ne peuvent tout simplement plus imaginer avoir des fils et des brackets disgracieux dans leur bouche au quotidien et dans leur vie professionnelle et pr\u00e9f\u00e8rent donc une correction dentaire avec des appareils invisibles.  <\/p>\n\n\n\n<div class=\"wp-block-group box is-layout-constrained wp-block-group-is-layout-constrained\">\n<figure class=\"wp-block-table\"><table class=\"has-white-color has-text-color has-background\" style=\"background-color:#31b3cf\"><tbody><tr><td class=\"has-text-align-center\" data-align=\"center\"><strong>Obtiens 150\u20ac de r\u00e9duction sur ta correction dentaire !<\/strong><\/td><\/tr><\/tbody><\/table><\/figure>\n\n\n\n<div class=\"wp-block-media-text alignwide is-stacked-on-mobile is-vertically-aligned-center is-image-fill\"><figure class=\"wp-block-media-text__media\" style=\"background-image:url(https:\/\/aboutthatsmile.com\/wp-content\/uploads\/2023\/01\/frau-haelt-aligner-in-der-hand-strahlt-mit-daumen-nach-oben-1024x683.jpg);background-position:37% 41%\"><img decoding=\"async\" width=\"1024\" height=\"683\" src=\"https:\/\/aboutthatsmile.com\/wp-content\/uploads\/2023\/01\/frau-haelt-aligner-in-der-hand-strahlt-mit-daumen-nach-oben-1024x683.jpg\" alt=\"Femme tenant un aligneur et souriant en levant le pouce\" class=\"wp-image-273 size-full\" title=\"\" srcset=\"https:\/\/aboutthatsmile.com\/wp-content\/uploads\/2023\/01\/frau-haelt-aligner-in-der-hand-strahlt-mit-daumen-nach-oben-1024x683.jpg 1024w, https:\/\/aboutthatsmile.com\/wp-content\/uploads\/2023\/01\/frau-haelt-aligner-in-der-hand-strahlt-mit-daumen-nach-oben-300x200.jpg 300w, https:\/\/aboutthatsmile.com\/wp-content\/uploads\/2023\/01\/frau-haelt-aligner-in-der-hand-strahlt-mit-daumen-nach-oben-768x512.jpg 768w, https:\/\/aboutthatsmile.com\/wp-content\/uploads\/2023\/01\/frau-haelt-aligner-in-der-hand-strahlt-mit-daumen-nach-oben-960x640.jpg 960w, https:\/\/aboutthatsmile.com\/wp-content\/uploads\/2023\/01\/frau-haelt-aligner-in-der-hand-strahlt-mit-daumen-nach-oben-1080x720.jpg 1080w, https:\/\/aboutthatsmile.com\/wp-content\/uploads\/2023\/01\/frau-haelt-aligner-in-der-hand-strahlt-mit-daumen-nach-oben.jpg 1200w\" sizes=\"(max-width: 1024px) 100vw, 1024px\" \/><\/figure><div class=\"wp-block-media-text__content\">\n<p><a href=\"https:\/\/tidd.ly\/3Hig5ws\" target=\"_blank\" rel=\"noreferrer noopener sponsored nofollow\">R\u00e9serve d\u00e8s maintenant un rendez-vous de consultation<\/a> dans un cabinet partenaire de DrSmile situ\u00e9 \u00e0 proximit\u00e9 et d\u00e9couvre si la correction des dents avec des aligneurs est une option pour toi.<\/p>\n\n\n\n<p>Le rendez-vous est totalement sans engagement et n&rsquo;implique aucun co\u00fbt.<\/p>\n\n\n\n<p>Avec le code \u00ab\u00a0THATSMILE150\u00a0\u00bb, tu b\u00e9n\u00e9ficies d&rsquo;une r\u00e9duction de 150 \u20ac sur le traitement.<\/p>\n<\/div><\/div>\n\n\n\n<div class=\"wp-block-buttons is-layout-flex wp-block-buttons-is-layout-flex\">\n<div class=\"wp-block-button aligncenter\"><a class=\"wp-block-button__link wp-element-button\" href=\"https:\/\/tidd.ly\/3Hig5ws\" target=\"_blank\" rel=\"sponsored noopener nofollow\"><mark style=\"background-color:rgba(0, 0, 0, 0)\" class=\"has-inline-color has-white-color\">R\u00e9serve maintenant un rendez-vous de conseil gratuit.<\/mark><\/a><\/div>\n<\/div>\n<\/div>\n\n\n\n<p>Mais bien qu&rsquo;ils soient g\u00e9n\u00e9ralement beaucoup moins chers que les appareils fixes, les aligneurs ne sont \u00e9videmment pas une bonne affaire.  <\/p>\n\n\n\n<p>C&rsquo;est particuli\u00e8rement vrai pour les goutti\u00e8res invisibles d&rsquo;Invisalign, qui appartiennent plut\u00f4t au segment haut de gamme sur le march\u00e9 des aligneurs.  <\/p>\n\n\n\n<p>Elles sont compos\u00e9es de mat\u00e9riaux de haute qualit\u00e9 et doivent \u00eatre fabriqu\u00e9es individuellement. A cela s&rsquo;ajoutent un grand travail d&rsquo;organisation autour du traitement et des visites r\u00e9guli\u00e8res chez le dentiste ou l&rsquo;orthodontiste.  <\/p>\n\n\n\n<p>Une assurance dentaire compl\u00e9mentaire semble \u00eatre une solution simple dans ce cas. En effet, de nombreux fournisseurs annoncent qu&rsquo;ils prennent en charge les co\u00fbts d&rsquo;une correction dentaire m\u00eame pour les adultes.  <\/p>\n\n\n\n<p>Malheureusement, dans la plupart des cas, ce n&rsquo;est pas aussi simple. Dans cet article, nous r\u00e9pondons donc \u00e0 la question : <strong>\u00ab\u00a0Assurance dentaire compl\u00e9mentaire Invisalign &#8211; les aligners sont-ils rembours\u00e9s ?\u00a0\u00bb<\/strong><\/p>\n\n\n\n<p><a href=\"https:\/\/aboutthatsmile.com\/fr\/revue-dinvisalign-les-gouttieres-valent-elles-leur-prix\/\">Tu trouveras plus d&rsquo;informations sur Invisalign dans cet article.<\/a><\/p>\n\n\n\n<figure class=\"wp-block-image size-large\"><img decoding=\"async\" width=\"1024\" height=\"683\" src=\"https:\/\/aboutthatsmile.com\/wp-content\/uploads\/2023\/03\/junge-frau-setzt-unsichtbare-zahnspange-ein-1024x683.jpg\" alt=\"Assurance dentaire compl\u00e9mentaire Invisalign - Une femme met une goutti\u00e8re\" class=\"wp-image-2917\" title=\"\" srcset=\"https:\/\/aboutthatsmile.com\/wp-content\/uploads\/2023\/03\/junge-frau-setzt-unsichtbare-zahnspange-ein-1024x683.jpg 1024w, https:\/\/aboutthatsmile.com\/wp-content\/uploads\/2023\/03\/junge-frau-setzt-unsichtbare-zahnspange-ein-300x200.jpg 300w, https:\/\/aboutthatsmile.com\/wp-content\/uploads\/2023\/03\/junge-frau-setzt-unsichtbare-zahnspange-ein-768x512.jpg 768w, https:\/\/aboutthatsmile.com\/wp-content\/uploads\/2023\/03\/junge-frau-setzt-unsichtbare-zahnspange-ein-960x640.jpg 960w, https:\/\/aboutthatsmile.com\/wp-content\/uploads\/2023\/03\/junge-frau-setzt-unsichtbare-zahnspange-ein-1080x720.jpg 1080w, https:\/\/aboutthatsmile.com\/wp-content\/uploads\/2023\/03\/junge-frau-setzt-unsichtbare-zahnspange-ein.jpg 1200w\" sizes=\"(max-width: 1024px) 100vw, 1024px\" \/><\/figure>\n\n\n\n<div id=\"ez-toc-container\" class=\"ez-toc-v2_0_82_2 counter-hierarchy ez-toc-counter ez-toc-grey ez-toc-container-direction\">\n<div class=\"ez-toc-title-container\">\n<p class=\"ez-toc-title\" style=\"cursor:inherit\">Table of Contents<\/p>\n<span class=\"ez-toc-title-toggle\"><a href=\"#\" class=\"ez-toc-pull-right ez-toc-btn ez-toc-btn-xs ez-toc-btn-default ez-toc-toggle\" aria-label=\"Toggle Table of Content\"><span class=\"ez-toc-js-icon-con\"><span class=\"\"><span class=\"eztoc-hide\" style=\"display:none;\">Toggle<\/span><span class=\"ez-toc-icon-toggle-span\"><svg style=\"fill: #999;color:#999\" xmlns=\"http:\/\/www.w3.org\/2000\/svg\" class=\"list-377408\" width=\"20px\" height=\"20px\" viewBox=\"0 0 24 24\" fill=\"none\"><path d=\"M6 6H4v2h2V6zm14 0H8v2h12V6zM4 11h2v2H4v-2zm16 0H8v2h12v-2zM4 16h2v2H4v-2zm16 0H8v2h12v-2z\" fill=\"currentColor\"><\/path><\/svg><svg style=\"fill: #999;color:#999\" class=\"arrow-unsorted-368013\" xmlns=\"http:\/\/www.w3.org\/2000\/svg\" width=\"10px\" height=\"10px\" viewBox=\"0 0 24 24\" version=\"1.2\" baseProfile=\"tiny\"><path d=\"M18.2 9.3l-6.2-6.3-6.2 6.3c-.2.2-.3.4-.3.7s.1.5.3.7c.2.2.4.3.7.3h11c.3 0 .5-.1.7-.3.2-.2.3-.5.3-.7s-.1-.5-.3-.7zM5.8 14.7l6.2 6.3 6.2-6.3c.2-.2.3-.5.3-.7s-.1-.5-.3-.7c-.2-.2-.4-.3-.7-.3h-11c-.3 0-.5.1-.7.3-.2.2-.3.5-.3.7s.1.5.3.7z\"\/><\/svg><\/span><\/span><\/span><\/a><\/span><\/div>\n<nav><ul class='ez-toc-list ez-toc-list-level-1 eztoc-toggle-hide-by-default' ><li class='ez-toc-page-1 ez-toc-heading-level-2'><a class=\"ez-toc-link ez-toc-heading-1\" href=\"https:\/\/aboutthatsmile.com\/fr\/assurance-dentaire-complementaire-invisalign-les-frais-daligner-sont-ils-pris-en-charge\/#Combien_coutent_les_aligners_invisibles_dInvisalign\" >Combien co\u00fbtent les aligners invisibles d&rsquo;Invisalign ?<\/a><\/li><li class='ez-toc-page-1 ez-toc-heading-level-2'><a class=\"ez-toc-link ez-toc-heading-2\" href=\"https:\/\/aboutthatsmile.com\/fr\/assurance-dentaire-complementaire-invisalign-les-frais-daligner-sont-ils-pris-en-charge\/#Que_paient_les_caisses_de_maladie\" >Que paient les caisses de maladie ?<\/a><\/li><li class='ez-toc-page-1 ez-toc-heading-level-2'><a class=\"ez-toc-link ez-toc-heading-3\" href=\"https:\/\/aboutthatsmile.com\/fr\/assurance-dentaire-complementaire-invisalign-les-frais-daligner-sont-ils-pris-en-charge\/#Assurance_dentaire_complementaire_Quest-ce_que_cest_et_quest-ce_quelle_couvre\" >Assurance dentaire compl\u00e9mentaire : Qu&rsquo;est-ce que c&rsquo;est et qu&rsquo;est-ce qu&rsquo;elle couvre ?<\/a><\/li><li class='ez-toc-page-1 ez-toc-heading-level-2'><a class=\"ez-toc-link ez-toc-heading-4\" href=\"https:\/\/aboutthatsmile.com\/fr\/assurance-dentaire-complementaire-invisalign-les-frais-daligner-sont-ils-pris-en-charge\/#Assurance_dentaire_complementaire_Invisalign_les_couts_sont-ils_pris_en_charge\" >Assurance dentaire compl\u00e9mentaire Invisalign : les co\u00fbts sont-ils pris en charge ?<\/a><\/li><li class='ez-toc-page-1 ez-toc-heading-level-2'><a class=\"ez-toc-link ez-toc-heading-5\" href=\"https:\/\/aboutthatsmile.com\/fr\/assurance-dentaire-complementaire-invisalign-les-frais-daligner-sont-ils-pris-en-charge\/#Assurance_dentaire_complementaire_Invisalign_pour_les_enfants_et_les_adolescents\" >Assurance dentaire compl\u00e9mentaire Invisalign pour les enfants et les adolescents<\/a><\/li><li class='ez-toc-page-1 ez-toc-heading-level-2'><a class=\"ez-toc-link ez-toc-heading-6\" href=\"https:\/\/aboutthatsmile.com\/fr\/assurance-dentaire-complementaire-invisalign-les-frais-daligner-sont-ils-pris-en-charge\/#Assurance_dentaire_complementaire_Invisalign_Quel_est_le_bon_tarif\" >Assurance dentaire compl\u00e9mentaire Invisalign : Quel est le bon tarif ?<\/a><\/li><li class='ez-toc-page-1 ez-toc-heading-level-2'><a class=\"ez-toc-link ez-toc-heading-7\" href=\"https:\/\/aboutthatsmile.com\/fr\/assurance-dentaire-complementaire-invisalign-les-frais-daligner-sont-ils-pris-en-charge\/#DrSmile_Lalternative_moins_chere\" >DrSmile : L&rsquo;alternative moins ch\u00e8re<\/a><\/li><li class='ez-toc-page-1 ez-toc-heading-level-2'><a class=\"ez-toc-link ez-toc-heading-8\" href=\"https:\/\/aboutthatsmile.com\/fr\/assurance-dentaire-complementaire-invisalign-les-frais-daligner-sont-ils-pris-en-charge\/#FAQ_sur_lassurance_dentaire_complementaire_Invisalign\" >FAQ sur l&rsquo;assurance dentaire compl\u00e9mentaire Invisalign<\/a><ul class='ez-toc-list-level-3' ><li class='ez-toc-heading-level-3'><a class=\"ez-toc-link ez-toc-heading-9\" href=\"https:\/\/aboutthatsmile.com\/fr\/assurance-dentaire-complementaire-invisalign-les-frais-daligner-sont-ils-pris-en-charge\/#Les_gouttieres_dentaires_sont-elles_prises_en_charge_par_lassurance_dentaire_complementaire\" >Les goutti\u00e8res dentaires sont-elles prises en charge par l&rsquo;assurance dentaire compl\u00e9mentaire ?<\/a><\/li><li class='ez-toc-page-1 ez-toc-heading-level-3'><a class=\"ez-toc-link ez-toc-heading-10\" href=\"https:\/\/aboutthatsmile.com\/fr\/assurance-dentaire-complementaire-invisalign-les-frais-daligner-sont-ils-pris-en-charge\/#Quelles_sont_les_caisses_dassurance_maladie_qui_prennent_en_charge_Invisalign\" >Quelles sont les caisses d&rsquo;assurance maladie qui prennent en charge Invisalign ?<\/a><\/li><li class='ez-toc-page-1 ez-toc-heading-level-3'><a class=\"ez-toc-link ez-toc-heading-11\" href=\"https:\/\/aboutthatsmile.com\/fr\/assurance-dentaire-complementaire-invisalign-les-frais-daligner-sont-ils-pris-en-charge\/#Invisalign_peut-il_etre_deduit_des_impots\" >Invisalign peut-il \u00eatre d\u00e9duit des imp\u00f4ts ?<\/a><\/li><li class='ez-toc-page-1 ez-toc-heading-level-3'><a class=\"ez-toc-link ez-toc-heading-12\" href=\"https:\/\/aboutthatsmile.com\/fr\/assurance-dentaire-complementaire-invisalign-les-frais-daligner-sont-ils-pris-en-charge\/#Quest-ce_qui_est_le_mieux_Invisalign_ou_DrSmile\" >Qu&rsquo;est-ce qui est le mieux : Invisalign ou DrSmile ?<\/a><\/li><\/ul><\/li><\/ul><\/nav><\/div>\n<h2 class=\"wp-block-heading\"><span class=\"ez-toc-section\" id=\"Combien_coutent_les_aligners_invisibles_dInvisalign\"><\/span>Combien co\u00fbtent les aligners invisibles d&rsquo;Invisalign ?<span class=\"ez-toc-section-end\"><\/span><\/h2>\n\n\n\n<p>Le co\u00fbt d&rsquo;une correction dentaire avec Invisalign d\u00e9pend des facteurs suivants :  <\/p>\n\n\n\n<ul class=\"wp-block-list\">\n<li>la <strong>gravit\u00e9 de la malposition des dents<\/strong><\/li>\n\n\n\n<li>la <a href=\"https:\/\/aboutthatsmile.com\/fr\/invisalign-raccourcir-le-temps-de-port-est-ce-possible\/\">dur\u00e9e du traitement<\/a> et le nombre de goutti\u00e8res n\u00e9cessaires qui en d\u00e9coule<\/li>\n\n\n\n<li>le <strong>type de correction souhait\u00e9e<\/strong><\/li>\n\n\n\n<li>les <strong>honoraires individuels <\/strong>du dentiste ou de l&rsquo;orthodontiste<\/li>\n<\/ul>\n\n\n\n<p>Tu conna\u00eetras le prix final de ton traitement d\u00e8s qu&rsquo;un plan de traitement aura \u00e9t\u00e9 \u00e9tabli lors de ton rendez-vous initial.  <\/p>\n\n\n\n<p>Voici les co\u00fbts approximatifs que tu dois pr\u00e9voir :  <\/p>\n\n\n<div class=\"wptb-container-legacy\" data-table-id=\"1527\">\n    <table class=\"wptb-preview-table wptb-element-main-table_setting-1527 edit-active\" data-reconstraction=\"1\" style=\"border: 1px solid rgb(209, 209, 209);\" data-wptb-table-tds-sum-max-width=\"263\" data-wptb-cells-width-auto-count=\"2\" data-wptb-horizontal-scroll-status=\"false\" data-wptb-extra-styles=\"LyogRW50ZXIgeW91ciBjdXN0b20gQ1NTIHJ1bGVzIGhlcmUgKi8=\" role=\"table\" data-wptb-header-background-color=\"#5ADFE5FF\" data-table-columns=\"2\"><tbody><tr class=\"wptb-row\" style=\"--hover-bg-color:undefined; background-color: rgb(90, 223, 229);\"><td class=\"wptb-cell\" style=\"border: 1px solid rgb(209, 209, 209);\" data-x-index=\"0\" data-y-index=\"0\" data-wptb-css-td-auto-width=\"true\"><div class=\"wptb-text-container wptb-ph-element wptb-element-text-607\" style=\"color: rgb(74, 85, 104); font-size: 15px;\"><div class=\"\" style=\"position: relative;\"><p class=\"\"><strong>Invisalign Behandlungsart<\/strong><\/p><\/div><\/div><\/td><td class=\"wptb-cell\" style=\"border: 1px solid rgb(209, 209, 209);\" data-x-index=\"1\" data-y-index=\"0\" data-wptb-css-td-auto-width=\"true\"><div class=\"wptb-text-container wptb-ph-element wptb-element-text-608\" style=\"color: rgb(74, 85, 104); font-size: 15px;\"><div class=\"\" style=\"position: relative;\"><p><strong>Beispielpreis<\/strong><\/p><\/div><\/div><\/td><\/tr><tr class=\"wptb-row\" style=\"--hover-bg-color:undefined;\"><td class=\"wptb-cell\" data-y-index=\"1\" data-x-index=\"0\" style=\"border: 1px solid rgb(209, 209, 209);\" data-wptb-css-td-auto-width=\"true\"><div class=\"wptb-text-container wptb-ph-element wptb-element-text-597\" style=\"color: rgb(74, 85, 104); font-size: 15px;\"><div class=\"\" style=\"position: relative;\"><p>Invisalign i7<\/p><\/div><\/div><\/td><td class=\"wptb-cell\" data-y-index=\"1\" data-x-index=\"1\" style=\"border: 1px solid rgb(209, 209, 209);\" data-wptb-css-td-auto-width=\"true\"><div class=\"wptb-text-container wptb-ph-element wptb-element-text-598\" style=\"color: rgb(74, 85, 104); font-size: 15px;\"><div class=\"\" style=\"position: relative;\"><p>ab ca. 1600\u20ac<\/p><\/div><\/div><\/td><\/tr><tr class=\"wptb-row\" style=\"--hover-bg-color:undefined;\"><td class=\"wptb-cell\" data-y-index=\"2\" data-x-index=\"0\" style=\"border: 1px solid rgb(209, 209, 209);\" data-wptb-css-td-auto-width=\"true\"><div class=\"wptb-text-container wptb-ph-element wptb-element-text-599\" style=\"color: rgb(74, 85, 104); font-size: 15px;\"><div class=\"\" style=\"position: relative;\"><p>Invisalign Lite<\/p><\/div><\/div><\/td><td class=\"wptb-cell\" data-y-index=\"2\" data-x-index=\"1\" style=\"border: 1px solid rgb(209, 209, 209);\" data-wptb-css-td-auto-width=\"true\"><div class=\"wptb-text-container wptb-ph-element wptb-element-text-600\" style=\"color: rgb(74, 85, 104); font-size: 15px;\"><div class=\"\" style=\"position: relative;\"><p>ab ca. 2500\u20ac<\/p><\/div><\/div><\/td><\/tr><tr class=\"wptb-row\" style=\"--hover-bg-color:undefined;\"><td class=\"wptb-cell\" data-y-index=\"3\" data-x-index=\"0\" style=\"border: 1px solid rgb(209, 209, 209);\" data-wptb-css-td-auto-width=\"true\"><div class=\"wptb-text-container wptb-ph-element wptb-element-text-601\" style=\"color: rgb(74, 85, 104); font-size: 15px;\"><div class=\"\" style=\"position: relative;\"><p>Invisalign Full<\/p><\/div><\/div><\/td><td class=\"wptb-cell\" data-y-index=\"3\" data-x-index=\"1\" style=\"border: 1px solid rgb(209, 209, 209);\" data-wptb-css-td-auto-width=\"true\"><div class=\"wptb-text-container wptb-ph-element wptb-element-text-602\" style=\"color: rgb(74, 85, 104); font-size: 15px;\"><div class=\"\" style=\"position: relative;\"><p>ab ca. 6000\u20ac<\/p><\/div><\/div><\/td><\/tr><tr class=\"wptb-row\" style=\"--hover-bg-color:undefined;\"><td class=\"wptb-cell\" data-y-index=\"4\" data-x-index=\"0\" style=\"border: 1px solid rgb(209, 209, 209);\" data-wptb-css-td-auto-width=\"true\"><div class=\"wptb-text-container wptb-ph-element wptb-element-text-603\" style=\"color: rgb(74, 85, 104); font-size: 15px;\"><div class=\"\" style=\"position: relative;\"><p>Invisalign Teen<\/p><\/div><\/div><\/td><td class=\"wptb-cell\" data-y-index=\"4\" data-x-index=\"1\" style=\"border: 1px solid rgb(209, 209, 209);\" data-wptb-css-td-auto-width=\"true\"><div class=\"wptb-text-container wptb-ph-element wptb-element-text-604\" style=\"color: rgb(74, 85, 104); font-size: 15px;\"><div class=\"\" style=\"position: relative;\"><p>ab ca. 3000\u20ac<\/p><\/div><\/div><\/td><\/tr><\/tbody><\/table>\n<\/div>\n\n\n\n\n<p><a href=\"https:\/\/aboutthatsmile.com\/fr\/cout-dinvisalign\/\">Tu trouveras ici des informations plus d\u00e9taill\u00e9es sur le th\u00e8me des co\u00fbts d&rsquo;Invisalign.  <\/a><\/p>\n\n\n\n<p><strong>Astuce pour \u00e9conomiser :<\/strong> tu n&rsquo;as besoin que d&rsquo;une correction esth\u00e9tique des dents de devant ou tu n&rsquo;as qu&rsquo;une malocclusion l\u00e9g\u00e8re \u00e0 moyenne ?<\/p>\n\n\n\n<p><strong>Dans ce cas, nous te recommandons le fournisseur DrSmile, moins cher.  <\/strong><a href=\"https:\/\/tidd.ly\/3Hig5ws\" target=\"_blank\" rel=\"noreferrer noopener nofollow sponsored\">D\u00e9couvre ici si ta malformation dentaire est adapt\u00e9e \u00e0 la th\u00e9rapie Aligner. <\/a><\/p>\n\n\n\n<div class=\"wp-block-buttons is-layout-flex wp-block-buttons-is-layout-flex\">\n<div class=\"wp-block-button aligncenter\"><a class=\"wp-block-button__link has-white-color has-text-color wp-element-button\" href=\"https:\/\/tidd.ly\/3Hig5ws\" target=\"_blank\" rel=\"sponsored noopener nofollow\">Obtiens maintenant 150\u20ac de r\u00e9duction : DrSmile est l&rsquo;alternative la moins ch\u00e8re !<\/a><\/div>\n<\/div>\n\n\n\n<h2 class=\"wp-block-heading\"><span class=\"ez-toc-section\" id=\"Que_paient_les_caisses_de_maladie\"><\/span>Que paient les caisses de maladie ?<span class=\"ez-toc-section-end\"><\/span><\/h2>\n\n\n\n<p>En cas de malocclusion dentaire grave, les caisses d&rsquo;assurance maladie prennent g\u00e9n\u00e9ralement en charge les frais d&rsquo;un appareil dentaire chez les enfants et les adolescents.  <\/p>\n\n\n\n<p>En revanche, contrairement aux mineurs, les malpositions <a href=\"https:\/\/aboutthatsmile.com\/fr\/malocclusion-les-appareils-dentaires-invisibles-peuvent-ils-aider\/\">dentaires<\/a> et les malformations de la m\u00e2choire chez les adultes doivent entra\u00eener de graves probl\u00e8mes de sant\u00e9 pour que les caisses d&rsquo;assurance maladie participent aux frais de correction des dents, voire les prennent enti\u00e8rement en charge.  <\/p>\n\n\n\n<p>Il s&rsquo;agit notamment d&rsquo;une malformation cong\u00e9nitale du visage et de la m\u00e2choire ou d&rsquo;une dysgnathie squelettique. De plus, les caisses d&rsquo;assurance maladie interviennent si la malposition de la m\u00e2choire est la cons\u00e9quence d&rsquo;un accident.<\/p>\n\n\n\n<p>Mais m\u00eame dans ces cas, seuls les soins minimums sont pris en charge dans le cadre des prestations habituelles. Ainsi, un traitement avec des aligneurs invisibles est en principe exclu.  <\/p>\n\n\n\n<div class=\"wp-block-group box is-layout-constrained wp-block-group-is-layout-constrained\">\n<figure class=\"wp-block-table\"><table class=\"has-white-color has-text-color has-background\" style=\"background-color:#31b3cf\"><tbody><tr><td class=\"has-text-align-center\" data-align=\"center\"><strong>Obtiens 150\u20ac de r\u00e9duction sur ta correction dentaire !<\/strong><\/td><\/tr><\/tbody><\/table><\/figure>\n\n\n\n<div class=\"wp-block-media-text alignwide is-stacked-on-mobile is-vertically-aligned-center is-image-fill\"><figure class=\"wp-block-media-text__media\" style=\"background-image:url(https:\/\/aboutthatsmile.com\/wp-content\/uploads\/2023\/01\/frau-haelt-aligner-in-der-hand-strahlt-mit-daumen-nach-oben-1024x683.jpg);background-position:37% 41%\"><img decoding=\"async\" width=\"1024\" height=\"683\" src=\"https:\/\/aboutthatsmile.com\/wp-content\/uploads\/2023\/01\/frau-haelt-aligner-in-der-hand-strahlt-mit-daumen-nach-oben-1024x683.jpg\" alt=\"Femme tenant un aligneur et souriant en levant le pouce\" class=\"wp-image-273 size-full\" title=\"\" srcset=\"https:\/\/aboutthatsmile.com\/wp-content\/uploads\/2023\/01\/frau-haelt-aligner-in-der-hand-strahlt-mit-daumen-nach-oben-1024x683.jpg 1024w, https:\/\/aboutthatsmile.com\/wp-content\/uploads\/2023\/01\/frau-haelt-aligner-in-der-hand-strahlt-mit-daumen-nach-oben-300x200.jpg 300w, https:\/\/aboutthatsmile.com\/wp-content\/uploads\/2023\/01\/frau-haelt-aligner-in-der-hand-strahlt-mit-daumen-nach-oben-768x512.jpg 768w, https:\/\/aboutthatsmile.com\/wp-content\/uploads\/2023\/01\/frau-haelt-aligner-in-der-hand-strahlt-mit-daumen-nach-oben-960x640.jpg 960w, https:\/\/aboutthatsmile.com\/wp-content\/uploads\/2023\/01\/frau-haelt-aligner-in-der-hand-strahlt-mit-daumen-nach-oben-1080x720.jpg 1080w, https:\/\/aboutthatsmile.com\/wp-content\/uploads\/2023\/01\/frau-haelt-aligner-in-der-hand-strahlt-mit-daumen-nach-oben.jpg 1200w\" sizes=\"(max-width: 1024px) 100vw, 1024px\" \/><\/figure><div class=\"wp-block-media-text__content\">\n<p><a href=\"https:\/\/tidd.ly\/3Hig5ws\" target=\"_blank\" rel=\"noreferrer noopener sponsored nofollow\">R\u00e9serve d\u00e8s maintenant un rendez-vous de consultation<\/a> dans un cabinet partenaire de DrSmile situ\u00e9 \u00e0 proximit\u00e9 et d\u00e9couvre si la correction des dents avec des aligneurs est une option pour toi.<\/p>\n\n\n\n<p>Le rendez-vous est totalement sans engagement et n&rsquo;implique aucun co\u00fbt.<\/p>\n\n\n\n<p>Avec le code \u00ab\u00a0THATSMILE150\u00a0\u00bb, tu b\u00e9n\u00e9ficies d&rsquo;une r\u00e9duction de 150 \u20ac sur le traitement.<\/p>\n<\/div><\/div>\n\n\n\n<div class=\"wp-block-buttons is-layout-flex wp-block-buttons-is-layout-flex\">\n<div class=\"wp-block-button aligncenter\"><a class=\"wp-block-button__link wp-element-button\" href=\"https:\/\/tidd.ly\/3Hig5ws\" target=\"_blank\" rel=\"sponsored noopener nofollow\"><mark style=\"background-color:rgba(0, 0, 0, 0)\" class=\"has-inline-color has-white-color\">R\u00e9serve maintenant un rendez-vous de conseil gratuit.<\/mark><\/a><\/div>\n<\/div>\n<\/div>\n\n\n\n<h2 class=\"wp-block-heading\"><span class=\"ez-toc-section\" id=\"Assurance_dentaire_complementaire_Quest-ce_que_cest_et_quest-ce_quelle_couvre\"><\/span>Assurance dentaire compl\u00e9mentaire : Qu&rsquo;est-ce que c&rsquo;est et qu&rsquo;est-ce qu&rsquo;elle couvre ?<span class=\"ez-toc-section-end\"><\/span><\/h2>\n\n\n\n<p>Comme les caisses d&rsquo;assurance maladie n&rsquo;interviennent pas dans la plupart des cas, de nombreux patients esp\u00e8rent obtenir un soutien de leur assurance dentaire compl\u00e9mentaire priv\u00e9e.  <\/p>\n\n\n\n<p>L&rsquo;assurance dentaire compl\u00e9mentaire est ind\u00e9pendante du revenu et vise \u00e0 prot\u00e9ger les patients contre les paiements priv\u00e9s \u00e9lev\u00e9s chez le dentiste ou l&rsquo;orthodontiste.  <\/p>\n\n\n\n<p>Les domaines de risque couverts varient d&rsquo;un fournisseur \u00e0 l&rsquo;autre et d&rsquo;un tarif \u00e0 l&rsquo;autre.  <\/p>\n\n\n\n<p>Mais en r\u00e8gle g\u00e9n\u00e9rale, les co\u00fbts des traitements dentaires tels que la prophylaxie (par exemple, le nettoyage des dents), l&rsquo;orthodontie (par exemple, les appareils dentaires) ou les proth\u00e8ses dentaires (par exemple, les facettes, les proth\u00e8ses ou les couronnes) sont couverts.  <\/p>\n\n\n\n<p>Mais l\u00e0 encore, la question se pose : <strong>\u00ab\u00a0Assurance dentaire compl\u00e9mentaire Invisalign &#8211; les co\u00fbts des aligners sont-ils pris en charge ?\u00a0\u00bb<\/strong><\/p>\n\n\n\n<div class=\"wp-block-buttons is-layout-flex wp-block-buttons-is-layout-flex\">\n<div class=\"wp-block-button aligncenter\"><a class=\"wp-block-button__link has-white-color has-text-color wp-element-button\" href=\"https:\/\/tidd.ly\/3Hig5ws\" target=\"_blank\" rel=\"sponsored noopener nofollow\">Obtiens maintenant 150\u20ac de r\u00e9duction : DrSmile est l&rsquo;alternative la moins ch\u00e8re !<\/a><\/div>\n<\/div>\n\n\n\n<figure class=\"wp-block-image size-large\"><img decoding=\"async\" width=\"1024\" height=\"684\" src=\"https:\/\/aboutthatsmile.com\/wp-content\/uploads\/2023\/03\/junge-frau-begeistert-beim-zahnarzt-1024x684.jpg\" alt=\"Jeune femme souriante chez le dentiste\" class=\"wp-image-2882\" title=\"\" srcset=\"https:\/\/aboutthatsmile.com\/wp-content\/uploads\/2023\/03\/junge-frau-begeistert-beim-zahnarzt-1024x684.jpg 1024w, https:\/\/aboutthatsmile.com\/wp-content\/uploads\/2023\/03\/junge-frau-begeistert-beim-zahnarzt-300x200.jpg 300w, https:\/\/aboutthatsmile.com\/wp-content\/uploads\/2023\/03\/junge-frau-begeistert-beim-zahnarzt-768x513.jpg 768w, https:\/\/aboutthatsmile.com\/wp-content\/uploads\/2023\/03\/junge-frau-begeistert-beim-zahnarzt-960x641.jpg 960w, https:\/\/aboutthatsmile.com\/wp-content\/uploads\/2023\/03\/junge-frau-begeistert-beim-zahnarzt-1080x721.jpg 1080w, https:\/\/aboutthatsmile.com\/wp-content\/uploads\/2023\/03\/junge-frau-begeistert-beim-zahnarzt.jpg 1200w\" sizes=\"(max-width: 1024px) 100vw, 1024px\" \/><\/figure>\n\n\n\n<h2 class=\"wp-block-heading\" id=\"block-f0ea38cd-4dd1-47dd-85af-29e4e8839172\"><span class=\"ez-toc-section\" id=\"Assurance_dentaire_complementaire_Invisalign_les_couts_sont-ils_pris_en_charge\"><\/span>Assurance dentaire compl\u00e9mentaire Invisalign : les co\u00fbts sont-ils pris en charge ?<span class=\"ez-toc-section-end\"><\/span><\/h2>\n\n\n\n<p>Certaines assurances dentaires compl\u00e9mentaires couvrent tout ou partie des co\u00fbts des aligneurs invisibles. Mais pour cela, il faut que le contrat ait \u00e9t\u00e9 conclu \u00e0 temps.  <\/p>\n\n\n\n<p>Pour \u00e9viter que leurs clients ne souscrivent \u00e0 l&rsquo;assurance dentaire compl\u00e9mentaire exclusivement pour un service sp\u00e9cifique (par exemple, la correction des dents avec des aligneurs), la plupart des assureurs fixent des p\u00e9riodes de blocage.  <\/p>\n\n\n\n<p>Ils sont g\u00e9n\u00e9ralement d&rsquo;environ six mois \u00e0 partir du d\u00e9but du contrat &#8211; pendant cette p\u00e9riode, aucun frais n&rsquo;est pris en charge.  <\/p>\n\n\n\n<p>D&rsquo;autres compagnies \u00e9chelonnent \u00e0 leur tour les montants maximaux de leurs prestations au cours des premi\u00e8res ann\u00e9es apr\u00e8s la conclusion de l&rsquo;assurance.  <\/p>\n\n\n\n<p><strong>Il est donc important de savoir : <\/strong>L&rsquo;assurance dentaire compl\u00e9mentaire doit toujours \u00eatre souscrite bien avant le d\u00e9but de la th\u00e9rapie Aligner.  <\/p>\n\n\n\n<p>En effet, les compagnies d&rsquo;assurance peuvent avoir acc\u00e8s au dossier m\u00e9dical. De plus, les questions sur la sant\u00e9 doivent toujours \u00eatre r\u00e9pondues correctement.<\/p>\n\n\n\n<p>De plus, la correction dentaire doit \u00eatre une n\u00e9cessit\u00e9 m\u00e9dicale. En revanche, les traitements pour des raisons purement esth\u00e9tiques (par exemple, insatisfaction quant \u00e0 l&rsquo;apparence des dents de travers) ne sont pas pris en charge.  <\/p>\n\n\n\n<p>Il n&rsquo;y a donc pas de r\u00e9ponse toute faite <strong>\u00e0 la question : \u00ab\u00a0Assurance dentaire compl\u00e9mentaire Invisalign &#8211; les co\u00fbts des aligners sont-ils pris en charge ? <\/strong> <\/p>\n\n\n\n<div class=\"wp-block-buttons is-layout-flex wp-block-buttons-is-layout-flex\">\n<div class=\"wp-block-button aligncenter\"><a class=\"wp-block-button__link has-white-color has-text-color wp-element-button\" href=\"https:\/\/tidd.ly\/3Hig5ws\" target=\"_blank\" rel=\"sponsored noopener nofollow\">Obtiens maintenant 150\u20ac de r\u00e9duction : DrSmile est l&rsquo;alternative la moins ch\u00e8re !<\/a><\/div>\n<\/div>\n\n\n\n<figure class=\"wp-block-image size-large\"><img decoding=\"async\" width=\"1024\" height=\"683\" src=\"https:\/\/aboutthatsmile.com\/wp-content\/uploads\/2023\/01\/mann-haelt-aligner-in-der-hand-macht-grimasse-1024x683.jpg\" alt=\"Un homme tient un aligneur dans la main et fait une grimace\" class=\"wp-image-277\" title=\"\" srcset=\"https:\/\/aboutthatsmile.com\/wp-content\/uploads\/2023\/01\/mann-haelt-aligner-in-der-hand-macht-grimasse-1024x683.jpg 1024w, https:\/\/aboutthatsmile.com\/wp-content\/uploads\/2023\/01\/mann-haelt-aligner-in-der-hand-macht-grimasse-300x200.jpg 300w, https:\/\/aboutthatsmile.com\/wp-content\/uploads\/2023\/01\/mann-haelt-aligner-in-der-hand-macht-grimasse-768x512.jpg 768w, https:\/\/aboutthatsmile.com\/wp-content\/uploads\/2023\/01\/mann-haelt-aligner-in-der-hand-macht-grimasse-960x640.jpg 960w, https:\/\/aboutthatsmile.com\/wp-content\/uploads\/2023\/01\/mann-haelt-aligner-in-der-hand-macht-grimasse-1080x720.jpg 1080w, https:\/\/aboutthatsmile.com\/wp-content\/uploads\/2023\/01\/mann-haelt-aligner-in-der-hand-macht-grimasse.jpg 1200w\" sizes=\"(max-width: 1024px) 100vw, 1024px\" \/><\/figure>\n\n\n\n<h2 class=\"wp-block-heading\"><span class=\"ez-toc-section\" id=\"Assurance_dentaire_complementaire_Invisalign_pour_les_enfants_et_les_adolescents\"><\/span>Assurance dentaire compl\u00e9mentaire Invisalign pour les enfants et les adolescents  <span class=\"ez-toc-section-end\"><\/span><\/h2>\n\n\n\n<p>M\u00eame pour les enfants et les adolescents, les parents peuvent souscrire une assurance dentaire compl\u00e9mentaire avec des tarifs qui couvrent les traitements orthodontiques.  <\/p>\n\n\n\n<p>\u00c9tant donn\u00e9 que plus de la moiti\u00e9 des enfants et des adolescents portent aujourd&rsquo;hui des appareils dentaires, cela peut tout \u00e0 fait valoir la peine.  <\/p>\n\n\n\n<p>Ici aussi, il est tr\u00e8s important de ne pas rater le bon moment pour conclure un contrat. La police devrait toujours exister avant que la malposition dentaire de l&rsquo;enfant ou de l&rsquo;adolescent ne soit diagnostiqu\u00e9e par le dentiste ou l&rsquo;orthodontiste.  <\/p>\n\n\n\n<p>Certes, les caisses d&rsquo;assurance maladie remboursent elles aussi les corrections dentaires chez les mineurs, en r\u00e8gle g\u00e9n\u00e9rale, lorsqu&rsquo;il existe une indication m\u00e9dicale.  <\/p>\n\n\n\n<p>Cependant, comme nous l&rsquo;avons d\u00e9j\u00e0 mentionn\u00e9, seuls les soins minimums sont pris en charge dans le cadre des prestations habituelles.  <\/p>\n\n\n\n<p>Par cons\u00e9quent, seuls les appareils dentaires simples sont pay\u00e9s. En revanche, les co\u00fbts suppl\u00e9mentaires pour des diagnostics innovants, une dur\u00e9e de port plus courte ou le confort et l&rsquo;esth\u00e9tique (par exemple, des aligneurs au lieu d&rsquo;un appareil dentaire fixe) sont factur\u00e9s comme des prestations priv\u00e9es et doivent \u00eatre pay\u00e9s par le patient.  <\/p>\n\n\n\n<p>M\u00eame les enfants plus \u00e2g\u00e9s et les adolescents souhaitent d\u00e9sormais une correction dentaire discr\u00e8te. Un traitement avec Invisalign Teen est par exemple possible avant l&rsquo;\u00e9ruption de toutes les dents d\u00e9finitives et \u00e0 partir de l&rsquo;\u00e2ge de 11 ans.<\/p>\n\n\n\n<div class=\"wp-block-group box is-layout-constrained wp-block-group-is-layout-constrained\">\n<figure class=\"wp-block-table\"><table class=\"has-white-color has-text-color has-background\" style=\"background-color:#31b3cf\"><tbody><tr><td class=\"has-text-align-center\" data-align=\"center\"><strong>Obtiens 150\u20ac de r\u00e9duction sur ta correction dentaire !<\/strong><\/td><\/tr><\/tbody><\/table><\/figure>\n\n\n\n<div class=\"wp-block-media-text alignwide is-stacked-on-mobile is-vertically-aligned-center is-image-fill\"><figure class=\"wp-block-media-text__media\" style=\"background-image:url(https:\/\/aboutthatsmile.com\/wp-content\/uploads\/2023\/01\/frau-haelt-aligner-in-der-hand-strahlt-mit-daumen-nach-oben-1024x683.jpg);background-position:37% 41%\"><img decoding=\"async\" width=\"1024\" height=\"683\" src=\"https:\/\/aboutthatsmile.com\/wp-content\/uploads\/2023\/01\/frau-haelt-aligner-in-der-hand-strahlt-mit-daumen-nach-oben-1024x683.jpg\" alt=\"Femme tenant un aligneur et souriant en levant le pouce\" class=\"wp-image-273 size-full\" title=\"\" srcset=\"https:\/\/aboutthatsmile.com\/wp-content\/uploads\/2023\/01\/frau-haelt-aligner-in-der-hand-strahlt-mit-daumen-nach-oben-1024x683.jpg 1024w, https:\/\/aboutthatsmile.com\/wp-content\/uploads\/2023\/01\/frau-haelt-aligner-in-der-hand-strahlt-mit-daumen-nach-oben-300x200.jpg 300w, https:\/\/aboutthatsmile.com\/wp-content\/uploads\/2023\/01\/frau-haelt-aligner-in-der-hand-strahlt-mit-daumen-nach-oben-768x512.jpg 768w, https:\/\/aboutthatsmile.com\/wp-content\/uploads\/2023\/01\/frau-haelt-aligner-in-der-hand-strahlt-mit-daumen-nach-oben-960x640.jpg 960w, https:\/\/aboutthatsmile.com\/wp-content\/uploads\/2023\/01\/frau-haelt-aligner-in-der-hand-strahlt-mit-daumen-nach-oben-1080x720.jpg 1080w, https:\/\/aboutthatsmile.com\/wp-content\/uploads\/2023\/01\/frau-haelt-aligner-in-der-hand-strahlt-mit-daumen-nach-oben.jpg 1200w\" sizes=\"(max-width: 1024px) 100vw, 1024px\" \/><\/figure><div class=\"wp-block-media-text__content\">\n<p><a href=\"https:\/\/tidd.ly\/3Hig5ws\" target=\"_blank\" rel=\"noreferrer noopener sponsored nofollow\">R\u00e9serve d\u00e8s maintenant un rendez-vous de consultation<\/a> dans un cabinet partenaire de DrSmile situ\u00e9 \u00e0 proximit\u00e9 et d\u00e9couvre si la correction des dents avec des aligneurs est une option pour toi.<\/p>\n\n\n\n<p>Le rendez-vous est totalement sans engagement et n&rsquo;implique aucun co\u00fbt.<\/p>\n\n\n\n<p>Avec le code \u00ab\u00a0THATSMILE150\u00a0\u00bb, tu b\u00e9n\u00e9ficies d&rsquo;une r\u00e9duction de 150 \u20ac sur le traitement.<\/p>\n<\/div><\/div>\n\n\n\n<div class=\"wp-block-buttons is-layout-flex wp-block-buttons-is-layout-flex\">\n<div class=\"wp-block-button aligncenter\"><a class=\"wp-block-button__link wp-element-button\" href=\"https:\/\/tidd.ly\/3Hig5ws\" target=\"_blank\" rel=\"sponsored noopener nofollow\"><mark style=\"background-color:rgba(0, 0, 0, 0)\" class=\"has-inline-color has-white-color\">R\u00e9serve maintenant un rendez-vous de conseil gratuit.<\/mark><\/a><\/div>\n<\/div>\n<\/div>\n\n\n\n<h2 class=\"wp-block-heading\"><span class=\"ez-toc-section\" id=\"Assurance_dentaire_complementaire_Invisalign_Quel_est_le_bon_tarif\"><\/span>Assurance dentaire compl\u00e9mentaire Invisalign : Quel est le bon tarif ?<span class=\"ez-toc-section-end\"><\/span><\/h2>\n\n\n\n<p>Aujourd&rsquo;hui, d&rsquo;innombrables compagnies d&rsquo;assurance proposent des assurances dentaires compl\u00e9mentaires. En plus, chacune d&rsquo;entre elles propose aussi des tarifs diff\u00e9rents \u00e0 des prix diff\u00e9rents.  <\/p>\n\n\n\n<p>Les fournisseurs qui ne posent pas de questions sur l&rsquo;\u00e9tat de sant\u00e9 et qui n&rsquo;ont pas de d\u00e9lais d&rsquo;attente peuvent \u00eatre s\u00e9duisants. Cependant, ces tarifs sont tr\u00e8s chers et offrent souvent aussi un niveau de prestations relativement faible.  <\/p>\n\n\n\n<p>En principe, il faut peser le pour et le contre pour savoir s&rsquo;il vaut mieux, par exemple, opter pour un tarif relativement cher avec une prise en charge \u00e0 100 % ou pour un tarif moins cher dont seule une partie, entre 50 et 70 %, est prise en charge.  <\/p>\n\n\n\n<p><strong>Mais en r\u00e8gle g\u00e9n\u00e9rale, <\/strong>nous ne te recommandons pas une assurance dentaire compl\u00e9mentaire uniquement si tu pr\u00e9vois une correction dentaire.  <\/p>\n\n\n\n<p>En effet, les prestations telles que les implants, les facettes, les proth\u00e8ses compl\u00e8tes, les traitements de racines avec couronnes ou les anesth\u00e9sies g\u00e9n\u00e9rales doivent presque toujours \u00eatre pay\u00e9es par le patient &#8211; il n&rsquo;est pas rare que la part personnelle s&rsquo;\u00e9l\u00e8ve \u00e0 quatre chiffres.  <\/p>\n\n\n\n<p>Il vaut donc la peine de souscrire \u00e0 temps une couverture d&rsquo;assurance avantageuse, avant que les soins dentaires ne deviennent vraiment chers en cas de coup dur.  <\/p>\n\n\n\n<p><strong>D&rsquo;ailleurs <\/strong>, plus tu le fais t\u00f4t, plus les cotisations sont avantageuses. Avec l&rsquo;\u00e2ge, ils deviennent plus chers, car le risque augmente pour les compagnies d&rsquo;assurance.  <\/p>\n\n\n\n<div class=\"wp-block-buttons is-layout-flex wp-block-buttons-is-layout-flex\">\n<div class=\"wp-block-button aligncenter\"><a class=\"wp-block-button__link has-white-color has-text-color wp-element-button\" href=\"https:\/\/tidd.ly\/3Hig5ws\" target=\"_blank\" rel=\"sponsored noopener nofollow\">Obtiens maintenant 150\u20ac de r\u00e9duction : DrSmile est l&rsquo;alternative la moins ch\u00e8re !<\/a><\/div>\n<\/div>\n\n\n\n<figure class=\"wp-block-image size-large\"><img decoding=\"async\" width=\"1024\" height=\"683\" src=\"https:\/\/aboutthatsmile.com\/wp-content\/uploads\/2023\/03\/aelteres-lachendes-paar-1024x683.jpg\" alt=\"Couple \u00e2g\u00e9 rit \u00e0 la cam\u00e9ra\" class=\"wp-image-2854\" title=\"\" srcset=\"https:\/\/aboutthatsmile.com\/wp-content\/uploads\/2023\/03\/aelteres-lachendes-paar-1024x683.jpg 1024w, https:\/\/aboutthatsmile.com\/wp-content\/uploads\/2023\/03\/aelteres-lachendes-paar-300x200.jpg 300w, https:\/\/aboutthatsmile.com\/wp-content\/uploads\/2023\/03\/aelteres-lachendes-paar-768x512.jpg 768w, https:\/\/aboutthatsmile.com\/wp-content\/uploads\/2023\/03\/aelteres-lachendes-paar-960x640.jpg 960w, https:\/\/aboutthatsmile.com\/wp-content\/uploads\/2023\/03\/aelteres-lachendes-paar-1080x720.jpg 1080w, https:\/\/aboutthatsmile.com\/wp-content\/uploads\/2023\/03\/aelteres-lachendes-paar.jpg 1200w\" sizes=\"(max-width: 1024px) 100vw, 1024px\" \/><\/figure>\n\n\n\n<h2 class=\"wp-block-heading\"><span class=\"ez-toc-section\" id=\"DrSmile_Lalternative_moins_chere\"><\/span>DrSmile : L&rsquo;alternative moins ch\u00e8re  <span class=\"ez-toc-section-end\"><\/span><\/h2>\n\n\n\n<p>Tu as simplement besoin d&rsquo;une correction esth\u00e9tique des dents de devant ou tu n&rsquo;as qu&rsquo;une malposition dentaire l\u00e9g\u00e8re \u00e0 moyenne ?<\/p>\n\n\n\n<p><strong>Dans ce cas, nous te recommandons le fournisseur DrSmile, moins cher.  <\/strong>Car l&rsquo;entreprise offre un tr\u00e8s bon rapport qualit\u00e9-prix et communique ses prix de mani\u00e8re transparente.<\/p>\n\n\n\n<p>La fabrication \u00ab\u00a0made in Germany &amp; USA\u00a0\u00bb n&rsquo;utilise que des mat\u00e9riaux de haute qualit\u00e9 et des technologies de pointe.<\/p>\n\n\n\n<p>Gr\u00e2ce \u00e0 l&rsquo;application, le d\u00e9roulement du traitement est r\u00e9guli\u00e8rement contr\u00f4l\u00e9 et les dentistes et orthodontistes le gardent \u00e0 l&rsquo;\u0153il. Last but not least, DrSmile offre une promesse de satisfaction.<\/p>\n\n\n\n<p>Dans cet article, nous comparons les deux fournisseurs plus en d\u00e9tail : <a href=\"https:\/\/aboutthatsmile.com\/fr\/drsmile-vs-invisalign-quel-fournisseur-est-le-meilleur\/\">DrSmile vs Invisalign<\/a>.<\/p>\n\n\n\n<p><a href=\"https:\/\/tidd.ly\/3Hig5ws\" target=\"_blank\" rel=\"noreferrer noopener nofollow sponsored\">D\u00e9couvre ici si ta malformation dentaire est adapt\u00e9e \u00e0 la th\u00e9rapie Aligner. <\/a><\/p>\n\n\n\n<div class=\"wp-block-group box is-layout-constrained wp-block-group-is-layout-constrained\">\n<figure class=\"wp-block-table\"><table class=\"has-white-color has-text-color has-background\" style=\"background-color:#31b3cf\"><tbody><tr><td class=\"has-text-align-center\" data-align=\"center\"><strong>Obtiens 150\u20ac de r\u00e9duction sur ta correction dentaire !<\/strong><\/td><\/tr><\/tbody><\/table><\/figure>\n\n\n\n<div class=\"wp-block-media-text alignwide is-stacked-on-mobile is-vertically-aligned-center is-image-fill\"><figure class=\"wp-block-media-text__media\" style=\"background-image:url(https:\/\/aboutthatsmile.com\/wp-content\/uploads\/2023\/01\/frau-haelt-aligner-in-der-hand-strahlt-mit-daumen-nach-oben-1024x683.jpg);background-position:37% 41%\"><img decoding=\"async\" width=\"1024\" height=\"683\" src=\"https:\/\/aboutthatsmile.com\/wp-content\/uploads\/2023\/01\/frau-haelt-aligner-in-der-hand-strahlt-mit-daumen-nach-oben-1024x683.jpg\" alt=\"Femme tenant un aligneur et souriant en levant le pouce\" class=\"wp-image-273 size-full\" title=\"\" srcset=\"https:\/\/aboutthatsmile.com\/wp-content\/uploads\/2023\/01\/frau-haelt-aligner-in-der-hand-strahlt-mit-daumen-nach-oben-1024x683.jpg 1024w, https:\/\/aboutthatsmile.com\/wp-content\/uploads\/2023\/01\/frau-haelt-aligner-in-der-hand-strahlt-mit-daumen-nach-oben-300x200.jpg 300w, https:\/\/aboutthatsmile.com\/wp-content\/uploads\/2023\/01\/frau-haelt-aligner-in-der-hand-strahlt-mit-daumen-nach-oben-768x512.jpg 768w, https:\/\/aboutthatsmile.com\/wp-content\/uploads\/2023\/01\/frau-haelt-aligner-in-der-hand-strahlt-mit-daumen-nach-oben-960x640.jpg 960w, https:\/\/aboutthatsmile.com\/wp-content\/uploads\/2023\/01\/frau-haelt-aligner-in-der-hand-strahlt-mit-daumen-nach-oben-1080x720.jpg 1080w, https:\/\/aboutthatsmile.com\/wp-content\/uploads\/2023\/01\/frau-haelt-aligner-in-der-hand-strahlt-mit-daumen-nach-oben.jpg 1200w\" sizes=\"(max-width: 1024px) 100vw, 1024px\" \/><\/figure><div class=\"wp-block-media-text__content\">\n<p><a href=\"https:\/\/tidd.ly\/3Hig5ws\" target=\"_blank\" rel=\"noreferrer noopener sponsored nofollow\">R\u00e9serve d\u00e8s maintenant un rendez-vous de consultation<\/a> dans un cabinet partenaire de DrSmile situ\u00e9 \u00e0 proximit\u00e9 et d\u00e9couvre si la correction des dents avec des aligneurs est une option pour toi.<\/p>\n\n\n\n<p>Le rendez-vous est totalement sans engagement et n&rsquo;implique aucun co\u00fbt.<\/p>\n\n\n\n<p>Avec le code \u00ab\u00a0THATSMILE150\u00a0\u00bb, tu b\u00e9n\u00e9ficies d&rsquo;une r\u00e9duction de 150 \u20ac sur le traitement.<\/p>\n<\/div><\/div>\n\n\n\n<div class=\"wp-block-buttons is-layout-flex wp-block-buttons-is-layout-flex\">\n<div class=\"wp-block-button aligncenter\"><a class=\"wp-block-button__link wp-element-button\" href=\"https:\/\/tidd.ly\/3Hig5ws\" target=\"_blank\" rel=\"sponsored noopener nofollow\"><mark style=\"background-color:rgba(0, 0, 0, 0)\" class=\"has-inline-color has-white-color\">R\u00e9serve maintenant un rendez-vous de conseil gratuit.<\/mark><\/a><\/div>\n<\/div>\n<\/div>\n\n\n\n<h2 class=\"wp-block-heading\"><span class=\"ez-toc-section\" id=\"FAQ_sur_lassurance_dentaire_complementaire_Invisalign\"><\/span>FAQ sur l&rsquo;assurance dentaire compl\u00e9mentaire Invisalign<span class=\"ez-toc-section-end\"><\/span><\/h2>\n\n\n\n<p>Ici, nous r\u00e9pondons encore \u00e0 quelques questions fr\u00e9quemment pos\u00e9es sur le th\u00e8me de l&rsquo;assurance dentaire compl\u00e9mentaire Invisalign.<\/p>\n\n\n\n<p><a href=\"https:\/\/aboutthatsmile.com\/fr\/appareils-dentaires\/invisalign\/\">Tu trouveras d&rsquo;autres articles et informations sur Invisalign ici.<\/a><\/p>\n\n\n<div id=\"rank-math-faq\" class=\"rank-math-block\">\n<div class=\"rank-math-list \">\n<div id=\"faq-question-1682684251254\" class=\"rank-math-list-item\">\n<h3 class=\"rank-math-question \"><span class=\"ez-toc-section\" id=\"Les_gouttieres_dentaires_sont-elles_prises_en_charge_par_lassurance_dentaire_complementaire\"><\/span>Les goutti\u00e8res dentaires sont-elles prises en charge par l&rsquo;assurance dentaire compl\u00e9mentaire ?<span class=\"ez-toc-section-end\"><\/span><\/h3>\n<div class=\"rank-math-answer \">\n\n<p>La plupart des assurances dentaires compl\u00e9mentaires priv\u00e9es couvrent au moins une partie des co\u00fbts d&rsquo;une th\u00e9rapie avec des aligneurs. Le montant du paiement suppl\u00e9mentaire d\u00e9pend de l&rsquo;\u00e9tendue des prestations du tarif. Chez les enfants et les adolescents, les traitements orthodontiques font presque toujours partie des prestations de l&rsquo;assurance dentaire compl\u00e9mentaire.<\/p>\n\n<\/div>\n<\/div>\n<div id=\"faq-question-1682684317240\" class=\"rank-math-list-item\">\n<h3 class=\"rank-math-question \"><span class=\"ez-toc-section\" id=\"Quelles_sont_les_caisses_dassurance_maladie_qui_prennent_en_charge_Invisalign\"><\/span>Quelles sont les caisses d&rsquo;assurance maladie qui prennent en charge Invisalign ?<span class=\"ez-toc-section-end\"><\/span><\/h3>\n<div class=\"rank-math-answer \">\n\n<p>Malheureusement, les caisses d&rsquo;assurance maladie ne couvrent les frais de traitement Invisalign que dans des cas extr\u00eamement exceptionnels. Par exemple, lorsqu&rsquo;une correction dentaire est absolument n\u00e9cessaire pour des raisons de sant\u00e9, mais que le patient souffre d&rsquo;une forte allergie aux m\u00e9taux.  <\/p>\n\n<\/div>\n<\/div>\n<div id=\"faq-question-1682684391653\" class=\"rank-math-list-item\">\n<h3 class=\"rank-math-question \"><span class=\"ez-toc-section\" id=\"Invisalign_peut-il_etre_deduit_des_impots\"><\/span>Invisalign peut-il \u00eatre d\u00e9duit des imp\u00f4ts ?<span class=\"ez-toc-section-end\"><\/span><\/h3>\n<div class=\"rank-math-answer \">\n\n<p>Un traitement orthodontique pour des raisons m\u00e9dicales est d\u00e9ductible des imp\u00f4ts. Le traitement peut \u00eatre indiqu\u00e9 comme charge exceptionnelle dans la d\u00e9claration d&rsquo;imp\u00f4t sur le revenu.<\/p>\n\n<\/div>\n<\/div>\n<div id=\"faq-question-1682684468369\" class=\"rank-math-list-item\">\n<h3 class=\"rank-math-question \"><span class=\"ez-toc-section\" id=\"Quest-ce_qui_est_le_mieux_Invisalign_ou_DrSmile\"><\/span>Qu&rsquo;est-ce qui est le mieux : Invisalign ou DrSmile ?<span class=\"ez-toc-section-end\"><\/span><\/h3>\n<div class=\"rank-math-answer \">\n\n<p>Les appareils dentaires invisibles de DrSmile permettent avant tout une correction esth\u00e9tique des dents de devant &#8211; mais ils sont moins chers et offrent un bon rapport qualit\u00e9-prix. Le champ d&rsquo;application d&rsquo;Invisalign est un peu plus large. Les aligneurs permettent de corriger jusqu&rsquo;\u00e0 90% des cas d&rsquo;orthodontie, y compris les malpositions les plus complexes.  <\/p>\n\n<\/div>\n<\/div>\n<\/div>\n<\/div>\n\n\n<figure class=\"wp-block-image size-large\"><img decoding=\"async\" width=\"1024\" height=\"684\" src=\"https:\/\/aboutthatsmile.com\/wp-content\/uploads\/2023\/01\/junge-frau-haelt-aligner-1024x684.jpg\" alt=\"Une femme tient un aligneur dans la main et sourit\" class=\"wp-image-733\" title=\"\" srcset=\"https:\/\/aboutthatsmile.com\/wp-content\/uploads\/2023\/01\/junge-frau-haelt-aligner-1024x684.jpg 1024w, https:\/\/aboutthatsmile.com\/wp-content\/uploads\/2023\/01\/junge-frau-haelt-aligner-300x200.jpg 300w, https:\/\/aboutthatsmile.com\/wp-content\/uploads\/2023\/01\/junge-frau-haelt-aligner-768x513.jpg 768w, https:\/\/aboutthatsmile.com\/wp-content\/uploads\/2023\/01\/junge-frau-haelt-aligner-960x641.jpg 960w, https:\/\/aboutthatsmile.com\/wp-content\/uploads\/2023\/01\/junge-frau-haelt-aligner-1080x721.jpg 1080w, https:\/\/aboutthatsmile.com\/wp-content\/uploads\/2023\/01\/junge-frau-haelt-aligner.jpg 1200w\" sizes=\"(max-width: 1024px) 100vw, 1024px\" \/><\/figure>\n\n\n<div class=\"kk-star-ratings kksr-auto kksr-align-left kksr-valign-bottom\"\n    data-payload='{&quot;align&quot;:&quot;left&quot;,&quot;id&quot;:&quot;5019&quot;,&quot;slug&quot;:&quot;default&quot;,&quot;valign&quot;:&quot;bottom&quot;,&quot;ignore&quot;:&quot;&quot;,&quot;reference&quot;:&quot;auto&quot;,&quot;class&quot;:&quot;&quot;,&quot;count&quot;:&quot;0&quot;,&quot;legendonly&quot;:&quot;&quot;,&quot;readonly&quot;:&quot;&quot;,&quot;score&quot;:&quot;0&quot;,&quot;starsonly&quot;:&quot;&quot;,&quot;best&quot;:&quot;5&quot;,&quot;gap&quot;:&quot;5&quot;,&quot;greet&quot;:&quot;Rate this post&quot;,&quot;legend&quot;:&quot;0\\\/5 - (0 vote)&quot;,&quot;size&quot;:&quot;24&quot;,&quot;title&quot;:&quot;Assurance dentaire compl\u00e9mentaire Invisalign : les frais d\\u0026#039;Aligner sont-ils pris en charge ?&quot;,&quot;width&quot;:&quot;0&quot;,&quot;_legend&quot;:&quot;{score}\\\/{best} - ({count} {votes})&quot;,&quot;font_factor&quot;:&quot;1.25&quot;}'>\n            \n<div class=\"kksr-stars\">\n    \n<div class=\"kksr-stars-inactive\">\n            <div class=\"kksr-star\" data-star=\"1\" style=\"padding-right: 5px\">\n            \n\n<div class=\"kksr-icon\" style=\"width: 24px; height: 24px;\"><\/div>\n        <\/div>\n            <div class=\"kksr-star\" data-star=\"2\" style=\"padding-right: 5px\">\n            \n\n<div class=\"kksr-icon\" style=\"width: 24px; height: 24px;\"><\/div>\n        <\/div>\n            <div class=\"kksr-star\" data-star=\"3\" style=\"padding-right: 5px\">\n            \n\n<div class=\"kksr-icon\" style=\"width: 24px; height: 24px;\"><\/div>\n        <\/div>\n            <div class=\"kksr-star\" data-star=\"4\" style=\"padding-right: 5px\">\n            \n\n<div class=\"kksr-icon\" style=\"width: 24px; height: 24px;\"><\/div>\n        <\/div>\n            <div class=\"kksr-star\" data-star=\"5\" style=\"padding-right: 5px\">\n            \n\n<div class=\"kksr-icon\" style=\"width: 24px; height: 24px;\"><\/div>\n        <\/div>\n    <\/div>\n    \n<div class=\"kksr-stars-active\" style=\"width: 0px;\">\n            <div class=\"kksr-star\" style=\"padding-right: 5px\">\n            \n\n<div class=\"kksr-icon\" style=\"width: 24px; height: 24px;\"><\/div>\n        <\/div>\n            <div class=\"kksr-star\" style=\"padding-right: 5px\">\n            \n\n<div class=\"kksr-icon\" style=\"width: 24px; height: 24px;\"><\/div>\n        <\/div>\n            <div class=\"kksr-star\" style=\"padding-right: 5px\">\n            \n\n<div class=\"kksr-icon\" style=\"width: 24px; height: 24px;\"><\/div>\n        <\/div>\n            <div class=\"kksr-star\" style=\"padding-right: 5px\">\n            \n\n<div class=\"kksr-icon\" style=\"width: 24px; height: 24px;\"><\/div>\n        <\/div>\n            <div class=\"kksr-star\" style=\"padding-right: 5px\">\n            \n\n<div class=\"kksr-icon\" style=\"width: 24px; height: 24px;\"><\/div>\n        <\/div>\n    <\/div>\n<\/div>\n                \n\n<div class=\"kksr-legend\" style=\"font-size: 19.2px;\">\n            <span class=\"kksr-muted\">Rate this post<\/span>\n    <\/div>\n    <\/div>\n","protected":false},"excerpt":{"rendered":"<p>Assurance dentaire compl\u00e9mentaire Invisalign : les co\u00fbts de la th\u00e9rapie Aligner sont-ils pris en charge et \u00e0 quoi faut-il faire&#8230;<\/p>\n","protected":false},"author":2,"featured_media":2920,"comment_status":"open","ping_status":"open","sticky":false,"template":"","format":"standard","meta":{"_kad_post_transparent":"","_kad_post_title":"","_kad_post_layout":"","_kad_post_sidebar_id":"","_kad_post_content_style":"","_kad_post_vertical_padding":"","_kad_post_feature":"","_kad_post_feature_position":"","_kad_post_header":false,"_kad_post_footer":false,"_kad_post_classname":"","footnotes":""},"categories":[80],"tags":[],"class_list":["post-5019","post","type-post","status-publish","format-standard","has-post-thumbnail","hentry","category-invisalign"],"_links":{"self":[{"href":"https:\/\/aboutthatsmile.com\/fr\/wp-json\/wp\/v2\/posts\/5019","targetHints":{"allow":["GET"]}}],"collection":[{"href":"https:\/\/aboutthatsmile.com\/fr\/wp-json\/wp\/v2\/posts"}],"about":[{"href":"https:\/\/aboutthatsmile.com\/fr\/wp-json\/wp\/v2\/types\/post"}],"author":[{"embeddable":true,"href":"https:\/\/aboutthatsmile.com\/fr\/wp-json\/wp\/v2\/users\/2"}],"replies":[{"embeddable":true,"href":"https:\/\/aboutthatsmile.com\/fr\/wp-json\/wp\/v2\/comments?post=5019"}],"version-history":[{"count":4,"href":"https:\/\/aboutthatsmile.com\/fr\/wp-json\/wp\/v2\/posts\/5019\/revisions"}],"predecessor-version":[{"id":5845,"href":"https:\/\/aboutthatsmile.com\/fr\/wp-json\/wp\/v2\/posts\/5019\/revisions\/5845"}],"wp:featuredmedia":[{"embeddable":true,"href":"https:\/\/aboutthatsmile.com\/fr\/wp-json\/wp\/v2\/media\/2920"}],"wp:attachment":[{"href":"https:\/\/aboutthatsmile.com\/fr\/wp-json\/wp\/v2\/media?parent=5019"}],"wp:term":[{"taxonomy":"category","embeddable":true,"href":"https:\/\/aboutthatsmile.com\/fr\/wp-json\/wp\/v2\/categories?post=5019"},{"taxonomy":"post_tag","embeddable":true,"href":"https:\/\/aboutthatsmile.com\/fr\/wp-json\/wp\/v2\/tags?post=5019"}],"curies":[{"name":"wp","href":"https:\/\/api.w.org\/{rel}","templated":true}]}}