{"id":5030,"date":"2023-04-28T13:21:02","date_gmt":"2023-04-28T13:21:02","guid":{"rendered":"https:\/\/aboutthatsmile.com\/assicurazione-dentale-integrativa-invisalign-i-costi-degli-allineatori-sono-coperti\/"},"modified":"2023-05-13T15:55:17","modified_gmt":"2023-05-13T15:55:17","slug":"assicurazione-dentale-integrativa-invisalign-i-costi-degli-allineatori-sono-coperti","status":"publish","type":"post","link":"https:\/\/aboutthatsmile.com\/it\/assicurazione-dentale-integrativa-invisalign-i-costi-degli-allineatori-sono-coperti\/","title":{"rendered":"Assicurazione dentale integrativa Invisalign: i costi degli allineatori sono coperti?"},"content":{"rendered":"\n<p><strong><mark style=\"background-color:rgba(0, 0, 0, 0);color:#31b3cf\" class=\"has-inline-color\">Assicurazione dentale integrativa Invisalign: i costi della terapia con allineatori sono coperti e cosa bisogna considerare quando si sceglie una tariffa?<\/mark><\/strong><\/p>\n\n\n\n<p>Nel frattempo, gli allineatori sono letteralmente sulla bocca di tutti. Non c&#8217;\u00e8 da stupirsi, perch\u00e9 sono un&#8217;alternativa discreta, <a href=\"https:\/\/aboutthatsmile.com\/it\/capire-e-trattare-il-dolore-da-invisalign\/\" data-type=\"post\" data-id=\"1155\">indolore<\/a> ed economica agli apparecchi fissi.<\/p>\n\n\n\n<p>Gli adulti, in particolare, non riescono a immaginare fili e staffe antiestetiche nella loro bocca durante la vita quotidiana e professionale e quindi preferiscono raddrizzare i denti con un apparecchio invisibile.  <\/p>\n\n\n\n<div class=\"wp-block-group box is-layout-constrained wp-block-group-is-layout-constrained\">\n<figure class=\"wp-block-table\"><table class=\"has-white-color has-text-color has-background\" style=\"background-color:#31b3cf\"><tbody><tr><td class=\"has-text-align-center\" data-align=\"center\"><strong>Gratuitamente e senza impegno: prenota qui il tuo appuntamento di consulenza!<\/strong><\/td><\/tr><\/tbody><\/table><\/figure>\n\n\n\n<div class=\"wp-block-media-text alignwide is-stacked-on-mobile is-vertically-aligned-center is-image-fill\"><figure class=\"wp-block-media-text__media\" style=\"background-image:url(https:\/\/aboutthatsmile.com\/wp-content\/uploads\/2023\/01\/frau-haelt-aligner-in-der-hand-strahlt-mit-daumen-nach-oben-1024x683.jpg);background-position:37% 41%\"><img decoding=\"async\" width=\"1024\" height=\"683\" src=\"https:\/\/aboutthatsmile.com\/wp-content\/uploads\/2023\/01\/frau-haelt-aligner-in-der-hand-strahlt-mit-daumen-nach-oben-1024x683.jpg\" alt=\"Una donna tiene in mano l&#039;allineatore e sorride con il pollice in su\" class=\"wp-image-273 size-full\" title=\"\" srcset=\"https:\/\/aboutthatsmile.com\/wp-content\/uploads\/2023\/01\/frau-haelt-aligner-in-der-hand-strahlt-mit-daumen-nach-oben-1024x683.jpg 1024w, https:\/\/aboutthatsmile.com\/wp-content\/uploads\/2023\/01\/frau-haelt-aligner-in-der-hand-strahlt-mit-daumen-nach-oben-300x200.jpg 300w, https:\/\/aboutthatsmile.com\/wp-content\/uploads\/2023\/01\/frau-haelt-aligner-in-der-hand-strahlt-mit-daumen-nach-oben-768x512.jpg 768w, https:\/\/aboutthatsmile.com\/wp-content\/uploads\/2023\/01\/frau-haelt-aligner-in-der-hand-strahlt-mit-daumen-nach-oben-960x640.jpg 960w, https:\/\/aboutthatsmile.com\/wp-content\/uploads\/2023\/01\/frau-haelt-aligner-in-der-hand-strahlt-mit-daumen-nach-oben-1080x720.jpg 1080w, https:\/\/aboutthatsmile.com\/wp-content\/uploads\/2023\/01\/frau-haelt-aligner-in-der-hand-strahlt-mit-daumen-nach-oben.jpg 1200w\" sizes=\"(max-width: 1024px) 100vw, 1024px\" \/><\/figure><div class=\"wp-block-media-text__content\">\n<p><a href=\"https:\/\/tidd.ly\/3LhgHDB\" target=\"_blank\" rel=\"noreferrer noopener sponsored nofollow\">Prenota subito una consulenza<\/a> presso uno studio partner DrSmile nelle vicinanze e scopri se il raddrizzamento dei denti con gli allineatori fa per te.<\/p>\n\n\n\n<p>L&#8217;appuntamento \u00e8 assolutamente non vincolante e non comporta alcun costo.<\/p>\n\n\n\n<p> <\/p>\n<\/div><\/div>\n\n\n\n<div class=\"wp-block-buttons is-layout-flex wp-block-buttons-is-layout-flex\">\n<div class=\"wp-block-button aligncenter\"><a class=\"wp-block-button__link wp-element-button\" href=\"https:\/\/tidd.ly\/3LhgHDB\" target=\"_blank\" rel=\"sponsored noopener nofollow\"><mark style=\"background-color:rgba(0, 0, 0, 0)\" class=\"has-inline-color has-white-color\">Prenota subito una consulenza gratuita.<\/mark><\/a><\/div>\n<\/div>\n<\/div>\n\n\n\n<p>Ma anche se di solito sono molto pi\u00f9 economici degli apparecchi fissi, gli allineatori non sono certo un affare.  <\/p>\n\n\n\n<p>Questo vale soprattutto per le mascherine dentali Invisalign, che tendono ad appartenere al segmento pi\u00f9 costoso del mercato degli aligner.  <\/p>\n\n\n\n<p>Sono realizzati con materiali di alta qualit\u00e0 e devono essere fatti su misura. Inoltre, c&#8217;\u00e8 molto lavoro organizzativo intorno al trattamento e visite regolari dal dentista o dall&#8217;ortodontista.  <\/p>\n\n\n\n<p>L&#8217;assicurazione dentale integrativa sembra essere una soluzione semplice. Questo perch\u00e9 molti fornitori pubblicizzano che copriranno anche i costi di correzione dei denti degli adulti.  <\/p>\n\n\n\n<p>Purtroppo nella maggior parte dei casi non \u00e8 cos\u00ec semplice. <strong> Invisalign<\/strong> questo articolo rispondiamo quindi alla domanda: <strong>&#8220;Assicurazione dentale integrativa Invisalign &#8211; i costi per gli allineatori sono coperti?&#8221;<\/strong>.<\/p>\n\n\n\n<p><a href=\"https:\/\/aboutthatsmile.com\/it\/apparecchio-invisibile-opinioni-invisalign-recensioni\/\">Puoi trovare maggiori informazioni su Invisalign questo articolo.<\/a><\/p>\n\n\n\n<figure class=\"wp-block-image size-large\"><img decoding=\"async\" width=\"1024\" height=\"683\" src=\"https:\/\/aboutthatsmile.com\/wp-content\/uploads\/2023\/03\/junge-frau-setzt-unsichtbare-zahnspange-ein-1024x683.jpg\" alt=\"Assicurazione dentale integrativa Invisalign - la donna inserisce il bite\" class=\"wp-image-2917\" title=\"\" srcset=\"https:\/\/aboutthatsmile.com\/wp-content\/uploads\/2023\/03\/junge-frau-setzt-unsichtbare-zahnspange-ein-1024x683.jpg 1024w, https:\/\/aboutthatsmile.com\/wp-content\/uploads\/2023\/03\/junge-frau-setzt-unsichtbare-zahnspange-ein-300x200.jpg 300w, https:\/\/aboutthatsmile.com\/wp-content\/uploads\/2023\/03\/junge-frau-setzt-unsichtbare-zahnspange-ein-768x512.jpg 768w, https:\/\/aboutthatsmile.com\/wp-content\/uploads\/2023\/03\/junge-frau-setzt-unsichtbare-zahnspange-ein-960x640.jpg 960w, https:\/\/aboutthatsmile.com\/wp-content\/uploads\/2023\/03\/junge-frau-setzt-unsichtbare-zahnspange-ein-1080x720.jpg 1080w, https:\/\/aboutthatsmile.com\/wp-content\/uploads\/2023\/03\/junge-frau-setzt-unsichtbare-zahnspange-ein.jpg 1200w\" sizes=\"(max-width: 1024px) 100vw, 1024px\" \/><\/figure>\n\n\n\n<div id=\"ez-toc-container\" class=\"ez-toc-v2_0_82_2 counter-hierarchy ez-toc-counter ez-toc-grey ez-toc-container-direction\">\n<div class=\"ez-toc-title-container\">\n<p class=\"ez-toc-title\" style=\"cursor:inherit\">Table of Contents<\/p>\n<span class=\"ez-toc-title-toggle\"><a href=\"#\" class=\"ez-toc-pull-right ez-toc-btn ez-toc-btn-xs ez-toc-btn-default ez-toc-toggle\" aria-label=\"Toggle Table of Content\"><span class=\"ez-toc-js-icon-con\"><span class=\"\"><span class=\"eztoc-hide\" style=\"display:none;\">Toggle<\/span><span class=\"ez-toc-icon-toggle-span\"><svg style=\"fill: #999;color:#999\" xmlns=\"http:\/\/www.w3.org\/2000\/svg\" class=\"list-377408\" width=\"20px\" height=\"20px\" viewBox=\"0 0 24 24\" fill=\"none\"><path d=\"M6 6H4v2h2V6zm14 0H8v2h12V6zM4 11h2v2H4v-2zm16 0H8v2h12v-2zM4 16h2v2H4v-2zm16 0H8v2h12v-2z\" fill=\"currentColor\"><\/path><\/svg><svg style=\"fill: #999;color:#999\" class=\"arrow-unsorted-368013\" xmlns=\"http:\/\/www.w3.org\/2000\/svg\" width=\"10px\" height=\"10px\" viewBox=\"0 0 24 24\" version=\"1.2\" baseProfile=\"tiny\"><path d=\"M18.2 9.3l-6.2-6.3-6.2 6.3c-.2.2-.3.4-.3.7s.1.5.3.7c.2.2.4.3.7.3h11c.3 0 .5-.1.7-.3.2-.2.3-.5.3-.7s-.1-.5-.3-.7zM5.8 14.7l6.2 6.3 6.2-6.3c.2-.2.3-.5.3-.7s-.1-.5-.3-.7c-.2-.2-.4-.3-.7-.3h-11c-.3 0-.5.1-.7.3-.2.2-.3.5-.3.7s.1.5.3.7z\"\/><\/svg><\/span><\/span><\/span><\/a><\/span><\/div>\n<nav><ul class='ez-toc-list ez-toc-list-level-1 eztoc-toggle-hide-by-default' ><li class='ez-toc-page-1 ez-toc-heading-level-2'><a class=\"ez-toc-link ez-toc-heading-1\" href=\"https:\/\/aboutthatsmile.com\/it\/assicurazione-dentale-integrativa-invisalign-i-costi-degli-allineatori-sono-coperti\/#Quanto_costano_effettivamente_gli_aligner_invisibili_Invisalign\" >Quanto costano effettivamente gli aligner invisibili Invisalign?<\/a><\/li><li class='ez-toc-page-1 ez-toc-heading-level-2'><a class=\"ez-toc-link ez-toc-heading-2\" href=\"https:\/\/aboutthatsmile.com\/it\/assicurazione-dentale-integrativa-invisalign-i-costi-degli-allineatori-sono-coperti\/#Cosa_pagano_le_compagnie_di_assicurazione_sanitaria\" >Cosa pagano le compagnie di assicurazione sanitaria?<\/a><\/li><li class='ez-toc-page-1 ez-toc-heading-level-2'><a class=\"ez-toc-link ez-toc-heading-3\" href=\"https:\/\/aboutthatsmile.com\/it\/assicurazione-dentale-integrativa-invisalign-i-costi-degli-allineatori-sono-coperti\/#Assicurazione_dentale_integrativa_cose_e_cosa_copre\" >Assicurazione dentale integrativa: cos&#8217;\u00e8 e cosa copre?<\/a><\/li><li class='ez-toc-page-1 ez-toc-heading-level-2'><a class=\"ez-toc-link ez-toc-heading-4\" href=\"https:\/\/aboutthatsmile.com\/it\/assicurazione-dentale-integrativa-invisalign-i-costi-degli-allineatori-sono-coperti\/#Assicurazione_dentale_integrativa_Invisalign_i_costi_sono_coperti\" >Assicurazione dentale integrativa Invisalign: i costi sono coperti?<\/a><\/li><li class='ez-toc-page-1 ez-toc-heading-level-2'><a class=\"ez-toc-link ez-toc-heading-5\" href=\"https:\/\/aboutthatsmile.com\/it\/assicurazione-dentale-integrativa-invisalign-i-costi-degli-allineatori-sono-coperti\/#Assicurazione_dentale_integrativa_Invisalign_per_bambini_e_adolescenti\" >Assicurazione dentale integrativa Invisalign per bambini e adolescenti<\/a><\/li><li class='ez-toc-page-1 ez-toc-heading-level-2'><a class=\"ez-toc-link ez-toc-heading-6\" href=\"https:\/\/aboutthatsmile.com\/it\/assicurazione-dentale-integrativa-invisalign-i-costi-degli-allineatori-sono-coperti\/#Assicurazione_dentale_integrativa_Invisalign_qual_e_la_tariffa_giusta\" >Assicurazione dentale integrativa Invisalign: qual \u00e8 la tariffa giusta?<\/a><\/li><li class='ez-toc-page-1 ez-toc-heading-level-2'><a class=\"ez-toc-link ez-toc-heading-7\" href=\"https:\/\/aboutthatsmile.com\/it\/assicurazione-dentale-integrativa-invisalign-i-costi-degli-allineatori-sono-coperti\/#DrSmile_Lalternativa_piu_economica\" >DrSmile: L&#8217;alternativa pi\u00f9 economica<\/a><\/li><li class='ez-toc-page-1 ez-toc-heading-level-2'><a class=\"ez-toc-link ez-toc-heading-8\" href=\"https:\/\/aboutthatsmile.com\/it\/assicurazione-dentale-integrativa-invisalign-i-costi-degli-allineatori-sono-coperti\/#Domande_frequenti_sullassicurazione_dentale_integrativa_Invisalign\" >Domande frequenti sull&#8217;assicurazione dentale integrativa Invisalign<\/a><ul class='ez-toc-list-level-3' ><li class='ez-toc-heading-level-3'><a class=\"ez-toc-link ez-toc-heading-9\" href=\"https:\/\/aboutthatsmile.com\/it\/assicurazione-dentale-integrativa-invisalign-i-costi-degli-allineatori-sono-coperti\/#I_bite_dentali_sono_coperti_dallassicurazione_dentale_integrativa\" >I bite dentali sono coperti dall&#8217;assicurazione dentale integrativa?<\/a><\/li><li class='ez-toc-page-1 ez-toc-heading-level-3'><a class=\"ez-toc-link ez-toc-heading-10\" href=\"https:\/\/aboutthatsmile.com\/it\/assicurazione-dentale-integrativa-invisalign-i-costi-degli-allineatori-sono-coperti\/#Quali_compagnie_di_assicurazione_sanitaria_coprono_Invisalign\" >Quali compagnie di assicurazione sanitaria coprono Invisalign?<\/a><\/li><li class='ez-toc-page-1 ez-toc-heading-level-3'><a class=\"ez-toc-link ez-toc-heading-11\" href=\"https:\/\/aboutthatsmile.com\/it\/assicurazione-dentale-integrativa-invisalign-i-costi-degli-allineatori-sono-coperti\/#Invisalign_puo_essere_deducibile_dalle_tasse\" >Invisalign pu\u00f2 essere deducibile dalle tasse?<\/a><\/li><li class='ez-toc-page-1 ez-toc-heading-level-3'><a class=\"ez-toc-link ez-toc-heading-12\" href=\"https:\/\/aboutthatsmile.com\/it\/assicurazione-dentale-integrativa-invisalign-i-costi-degli-allineatori-sono-coperti\/#Cosa_e_meglio_Invisalign_o_DrSmile\" >Cosa \u00e8 meglio: Invisalign o DrSmile?<\/a><\/li><\/ul><\/li><\/ul><\/nav><\/div>\n<h2 class=\"wp-block-heading\"><span class=\"ez-toc-section\" id=\"Quanto_costano_effettivamente_gli_aligner_invisibili_Invisalign\"><\/span>Quanto costano effettivamente gli aligner invisibili Invisalign?<span class=\"ez-toc-section-end\"><\/span><\/h2>\n\n\n\n<p>I costi di una correzione dentale con Invisalign si basano sui seguenti fattori:  <\/p>\n\n\n\n<ul class=\"wp-block-list\">\n<li>la <strong>gravit\u00e0 della malocclusione<\/strong><\/li>\n\n\n\n<li>la <a href=\"https:\/\/aboutthatsmile.com\/it\/invisalign-accorciare-il-tempo-di-utilizzo-e-possibile\/\">durata del trattamento<\/a> e il relativo numero di stecche necessarie<\/li>\n\n\n\n<li>il <strong>tipo di correzione desiderata<\/strong><\/li>\n\n\n\n<li>l&#8217;<strong>onorario individuale <\/strong>del dentista o dell&#8217;ortodontista<\/li>\n<\/ul>\n\n\n\n<p>Ti verr\u00e0 comunicato il prezzo finale del tuo trattamento non appena verr\u00e0 stilato un piano di trattamento durante il tuo appuntamento iniziale.  <\/p>\n\n\n\n<p>Questi sono i costi approssimativi che devi aspettarti:  <\/p>\n\n\n<div class=\"wptb-container-legacy\" data-table-id=\"1527\">\n    <table class=\"wptb-preview-table wptb-element-main-table_setting-1527 edit-active\" data-reconstraction=\"1\" style=\"border: 1px solid rgb(209, 209, 209);\" data-wptb-table-tds-sum-max-width=\"263\" data-wptb-cells-width-auto-count=\"2\" data-wptb-horizontal-scroll-status=\"false\" data-wptb-extra-styles=\"LyogRW50ZXIgeW91ciBjdXN0b20gQ1NTIHJ1bGVzIGhlcmUgKi8=\" role=\"table\" data-wptb-header-background-color=\"#5ADFE5FF\" data-table-columns=\"2\"><tbody><tr class=\"wptb-row\" style=\"--hover-bg-color:undefined; background-color: rgb(90, 223, 229);\"><td class=\"wptb-cell\" style=\"border: 1px solid rgb(209, 209, 209);\" data-x-index=\"0\" data-y-index=\"0\" data-wptb-css-td-auto-width=\"true\"><div class=\"wptb-text-container wptb-ph-element wptb-element-text-607\" style=\"color: rgb(74, 85, 104); font-size: 15px;\"><div class=\"\" style=\"position: relative;\"><p class=\"\"><strong>Invisalign Behandlungsart<\/strong><\/p><\/div><\/div><\/td><td class=\"wptb-cell\" style=\"border: 1px solid rgb(209, 209, 209);\" data-x-index=\"1\" data-y-index=\"0\" data-wptb-css-td-auto-width=\"true\"><div class=\"wptb-text-container wptb-ph-element wptb-element-text-608\" style=\"color: rgb(74, 85, 104); font-size: 15px;\"><div class=\"\" style=\"position: relative;\"><p><strong>Beispielpreis<\/strong><\/p><\/div><\/div><\/td><\/tr><tr class=\"wptb-row\" style=\"--hover-bg-color:undefined;\"><td class=\"wptb-cell\" data-y-index=\"1\" data-x-index=\"0\" style=\"border: 1px solid rgb(209, 209, 209);\" data-wptb-css-td-auto-width=\"true\"><div class=\"wptb-text-container wptb-ph-element wptb-element-text-597\" style=\"color: rgb(74, 85, 104); font-size: 15px;\"><div class=\"\" style=\"position: relative;\"><p>Invisalign i7<\/p><\/div><\/div><\/td><td class=\"wptb-cell\" data-y-index=\"1\" data-x-index=\"1\" style=\"border: 1px solid rgb(209, 209, 209);\" data-wptb-css-td-auto-width=\"true\"><div class=\"wptb-text-container wptb-ph-element wptb-element-text-598\" style=\"color: rgb(74, 85, 104); font-size: 15px;\"><div class=\"\" style=\"position: relative;\"><p>ab ca. 1600\u20ac<\/p><\/div><\/div><\/td><\/tr><tr class=\"wptb-row\" style=\"--hover-bg-color:undefined;\"><td class=\"wptb-cell\" data-y-index=\"2\" data-x-index=\"0\" style=\"border: 1px solid rgb(209, 209, 209);\" data-wptb-css-td-auto-width=\"true\"><div class=\"wptb-text-container wptb-ph-element wptb-element-text-599\" style=\"color: rgb(74, 85, 104); font-size: 15px;\"><div class=\"\" style=\"position: relative;\"><p>Invisalign Lite<\/p><\/div><\/div><\/td><td class=\"wptb-cell\" data-y-index=\"2\" data-x-index=\"1\" style=\"border: 1px solid rgb(209, 209, 209);\" data-wptb-css-td-auto-width=\"true\"><div class=\"wptb-text-container wptb-ph-element wptb-element-text-600\" style=\"color: rgb(74, 85, 104); font-size: 15px;\"><div class=\"\" style=\"position: relative;\"><p>ab ca. 2500\u20ac<\/p><\/div><\/div><\/td><\/tr><tr class=\"wptb-row\" style=\"--hover-bg-color:undefined;\"><td class=\"wptb-cell\" data-y-index=\"3\" data-x-index=\"0\" style=\"border: 1px solid rgb(209, 209, 209);\" data-wptb-css-td-auto-width=\"true\"><div class=\"wptb-text-container wptb-ph-element wptb-element-text-601\" style=\"color: rgb(74, 85, 104); font-size: 15px;\"><div class=\"\" style=\"position: relative;\"><p>Invisalign Full<\/p><\/div><\/div><\/td><td class=\"wptb-cell\" data-y-index=\"3\" data-x-index=\"1\" style=\"border: 1px solid rgb(209, 209, 209);\" data-wptb-css-td-auto-width=\"true\"><div class=\"wptb-text-container wptb-ph-element wptb-element-text-602\" style=\"color: rgb(74, 85, 104); font-size: 15px;\"><div class=\"\" style=\"position: relative;\"><p>ab ca. 6000\u20ac<\/p><\/div><\/div><\/td><\/tr><tr class=\"wptb-row\" style=\"--hover-bg-color:undefined;\"><td class=\"wptb-cell\" data-y-index=\"4\" data-x-index=\"0\" style=\"border: 1px solid rgb(209, 209, 209);\" data-wptb-css-td-auto-width=\"true\"><div class=\"wptb-text-container wptb-ph-element wptb-element-text-603\" style=\"color: rgb(74, 85, 104); font-size: 15px;\"><div class=\"\" style=\"position: relative;\"><p>Invisalign Teen<\/p><\/div><\/div><\/td><td class=\"wptb-cell\" data-y-index=\"4\" data-x-index=\"1\" style=\"border: 1px solid rgb(209, 209, 209);\" data-wptb-css-td-auto-width=\"true\"><div class=\"wptb-text-container wptb-ph-element wptb-element-text-604\" style=\"color: rgb(74, 85, 104); font-size: 15px;\"><div class=\"\" style=\"position: relative;\"><p>ab ca. 3000\u20ac<\/p><\/div><\/div><\/td><\/tr><\/tbody><\/table>\n<\/div>\n\n\n\n\n<p><a href=\"https:\/\/aboutthatsmile.com\/it\/costi-di-invisalign\/\">Qui puoi trovare informazioni pi\u00f9 dettagliate sui costi di Invisalign.  <\/a><\/p>\n\n\n\n<p><strong>Consiglio per il risparmio:<\/strong> hai bisogno solo di una correzione estetica dei denti anteriori o hai solo una malocclusione lieve o moderata?<\/p>\n\n\n\n<p><strong>Allora ti consigliamo il fornitore pi\u00f9 economico DrSmile.  <\/strong><a href=\"https:\/\/tidd.ly\/3LhgHDB\" target=\"_blank\" rel=\"noreferrer noopener nofollow sponsored\">Qui puoi scoprire se la tua malocclusione \u00e8 adatta alla terapia con allineatori. <\/a><\/p>\n\n\n\n<div class=\"wp-block-buttons is-layout-flex wp-block-buttons-is-layout-flex\">\n<div class=\"wp-block-button aligncenter\"><a class=\"wp-block-button__link has-white-color has-text-color wp-element-button\" href=\"https:\/\/tidd.ly\/3LhgHDB\" target=\"_blank\" rel=\"sponsored noopener nofollow\">Assicurati subito uno sconto di 150\u20ac: DrSmile \u00e8 l&#8217;alternativa pi\u00f9 economica!<\/a><\/div>\n<\/div>\n\n\n\n<h2 class=\"wp-block-heading\"><span class=\"ez-toc-section\" id=\"Cosa_pagano_le_compagnie_di_assicurazione_sanitaria\"><\/span>Cosa pagano le compagnie di assicurazione sanitaria?<span class=\"ez-toc-section-end\"><\/span><\/h2>\n\n\n\n<p>In caso di malocclusioni gravi, le compagnie di assicurazione sanitaria di solito coprono i costi degli apparecchi ortodontici per bambini e adolescenti.  <\/p>\n\n\n\n<p>A differenza dei minori, le <a href=\"https:\/\/aboutthatsmile.com\/it\/denti-disallineati\/\">malocclusioni<\/a> e i disallineamenti mascellari negli adulti devono comportare gravi limitazioni di salute affinch\u00e9 le compagnie di assicurazione sanitaria contribuiscano ai costi di correzione dei denti o addirittura li coprano interamente.  <\/p>\n\n\n\n<p>Queste includono una malformazione congenita del viso e della mascella o una disgnazia scheletrica. Inoltre, le compagnie di assicurazione sanitaria pagheranno se il disallineamento della mascella \u00e8 il risultato di un incidente.<\/p>\n\n\n\n<p>Tuttavia, anche in questi casi, solo le prestazioni minime sono coperte nell&#8217;ambito delle prestazioni standard. Questo significa che il trattamento con allineatori invisibili \u00e8 praticamente escluso.  <\/p>\n\n\n\n<div class=\"wp-block-group box is-layout-constrained wp-block-group-is-layout-constrained\">\n<figure class=\"wp-block-table\"><table class=\"has-white-color has-text-color has-background\" style=\"background-color:#31b3cf\"><tbody><tr><td class=\"has-text-align-center\" data-align=\"center\"><strong>Gratuitamente e senza impegno: prenota qui il tuo appuntamento di consulenza!<\/strong><\/td><\/tr><\/tbody><\/table><\/figure>\n\n\n\n<div class=\"wp-block-media-text alignwide is-stacked-on-mobile is-vertically-aligned-center is-image-fill\"><figure class=\"wp-block-media-text__media\" style=\"background-image:url(https:\/\/aboutthatsmile.com\/wp-content\/uploads\/2023\/01\/frau-haelt-aligner-in-der-hand-strahlt-mit-daumen-nach-oben-1024x683.jpg);background-position:37% 41%\"><img decoding=\"async\" width=\"1024\" height=\"683\" src=\"https:\/\/aboutthatsmile.com\/wp-content\/uploads\/2023\/01\/frau-haelt-aligner-in-der-hand-strahlt-mit-daumen-nach-oben-1024x683.jpg\" alt=\"Una donna tiene in mano l&#039;allineatore e sorride con il pollice in su\" class=\"wp-image-273 size-full\" title=\"\" srcset=\"https:\/\/aboutthatsmile.com\/wp-content\/uploads\/2023\/01\/frau-haelt-aligner-in-der-hand-strahlt-mit-daumen-nach-oben-1024x683.jpg 1024w, https:\/\/aboutthatsmile.com\/wp-content\/uploads\/2023\/01\/frau-haelt-aligner-in-der-hand-strahlt-mit-daumen-nach-oben-300x200.jpg 300w, https:\/\/aboutthatsmile.com\/wp-content\/uploads\/2023\/01\/frau-haelt-aligner-in-der-hand-strahlt-mit-daumen-nach-oben-768x512.jpg 768w, https:\/\/aboutthatsmile.com\/wp-content\/uploads\/2023\/01\/frau-haelt-aligner-in-der-hand-strahlt-mit-daumen-nach-oben-960x640.jpg 960w, https:\/\/aboutthatsmile.com\/wp-content\/uploads\/2023\/01\/frau-haelt-aligner-in-der-hand-strahlt-mit-daumen-nach-oben-1080x720.jpg 1080w, https:\/\/aboutthatsmile.com\/wp-content\/uploads\/2023\/01\/frau-haelt-aligner-in-der-hand-strahlt-mit-daumen-nach-oben.jpg 1200w\" sizes=\"(max-width: 1024px) 100vw, 1024px\" \/><\/figure><div class=\"wp-block-media-text__content\">\n<p><a href=\"https:\/\/tidd.ly\/3LhgHDB\" target=\"_blank\" rel=\"noreferrer noopener sponsored nofollow\">Prenota subito una consulenza<\/a> presso uno studio partner DrSmile nelle vicinanze e scopri se il raddrizzamento dei denti con gli allineatori fa per te.<\/p>\n\n\n\n<p>L&#8217;appuntamento \u00e8 assolutamente non vincolante e non comporta alcun costo.<\/p>\n\n\n\n<p> <\/p>\n<\/div><\/div>\n\n\n\n<div class=\"wp-block-buttons is-layout-flex wp-block-buttons-is-layout-flex\">\n<div class=\"wp-block-button aligncenter\"><a class=\"wp-block-button__link wp-element-button\" href=\"https:\/\/tidd.ly\/3LhgHDB\" target=\"_blank\" rel=\"sponsored noopener nofollow\"><mark style=\"background-color:rgba(0, 0, 0, 0)\" class=\"has-inline-color has-white-color\">Prenota subito una consulenza gratuita.<\/mark><\/a><\/div>\n<\/div>\n<\/div>\n\n\n\n<h2 class=\"wp-block-heading\"><span class=\"ez-toc-section\" id=\"Assicurazione_dentale_integrativa_cose_e_cosa_copre\"><\/span>Assicurazione dentale integrativa: cos&#8217;\u00e8 e cosa copre?<span class=\"ez-toc-section-end\"><\/span><\/h2>\n\n\n\n<p>Poich\u00e9 nella maggior parte dei casi le compagnie di assicurazione sanitaria non coprono i costi, molti pazienti sperano in un sostegno da parte della loro assicurazione dentale integrativa privata.  <\/p>\n\n\n\n<p>L&#8217;assicurazione dentistica integrativa \u00e8 indipendente dal reddito ed \u00e8 pensata per proteggere i pazienti da elevati ticket privati presso il dentista o l&#8217;ortodontista.  <\/p>\n\n\n\n<p>Le aree di rischio coperte variano da fornitore a fornitore e, a loro volta, da tariffa a tariffa.  <\/p>\n\n\n\n<p>Di norma, tuttavia, sono coperti i costi di trattamenti odontoiatrici come la profilassi (ad es. pulizia dentale), l&#8217;ortodonzia (ad es. apparecchi ortodontici) o le protesi (ad es. faccette, dentiere o corone).  <\/p>\n\n\n\n<p>Anche in questo caso, per\u00f2, sorge la domanda: <strong>&#8220;Assicurazione dentale integrativa Invisalign &#8211; i costi per gli allineatori saranno coperti?&#8221;<\/strong>.<\/p>\n\n\n\n<figure class=\"wp-block-image size-large\"><img decoding=\"async\" width=\"1024\" height=\"684\" src=\"https:\/\/aboutthatsmile.com\/wp-content\/uploads\/2023\/03\/junge-frau-begeistert-beim-zahnarzt-1024x684.jpg\" alt=\"Giovane donna che sorride dal dentista\" class=\"wp-image-2882\" title=\"\" srcset=\"https:\/\/aboutthatsmile.com\/wp-content\/uploads\/2023\/03\/junge-frau-begeistert-beim-zahnarzt-1024x684.jpg 1024w, https:\/\/aboutthatsmile.com\/wp-content\/uploads\/2023\/03\/junge-frau-begeistert-beim-zahnarzt-300x200.jpg 300w, https:\/\/aboutthatsmile.com\/wp-content\/uploads\/2023\/03\/junge-frau-begeistert-beim-zahnarzt-768x513.jpg 768w, https:\/\/aboutthatsmile.com\/wp-content\/uploads\/2023\/03\/junge-frau-begeistert-beim-zahnarzt-960x641.jpg 960w, https:\/\/aboutthatsmile.com\/wp-content\/uploads\/2023\/03\/junge-frau-begeistert-beim-zahnarzt-1080x721.jpg 1080w, https:\/\/aboutthatsmile.com\/wp-content\/uploads\/2023\/03\/junge-frau-begeistert-beim-zahnarzt.jpg 1200w\" sizes=\"(max-width: 1024px) 100vw, 1024px\" \/><\/figure>\n\n\n\n<h2 class=\"wp-block-heading\" id=\"block-f0ea38cd-4dd1-47dd-85af-29e4e8839172\"><span class=\"ez-toc-section\" id=\"Assicurazione_dentale_integrativa_Invisalign_i_costi_sono_coperti\"><\/span>Assicurazione dentale integrativa Invisalign: i costi sono coperti?<span class=\"ez-toc-section-end\"><\/span><\/h2>\n\n\n\n<p>Alcune assicurazioni dentistiche complementari coprono in tutto o in parte i costi degli allineatori invisibili. Tuttavia, un prerequisito \u00e8 che il contratto sia stato concluso in tempo utile.  <\/p>\n\n\n\n<p>Per evitare che i loro clienti sottoscrivano un&#8217;assicurazione dentale integrativa esclusivamente per un servizio specifico (ad esempio la correzione dei denti con gli allineatori), la maggior parte degli assicuratori stabilisce dei periodi di blocco.  <\/p>\n\n\n\n<p>In genere si tratta di circa sei mesi dall&#8217;inizio del contratto: durante questo periodo non sono coperti i costi.  <\/p>\n\n\n\n<p>Altre compagnie, a loro volta, scaglionano gli importi massimi delle prestazioni nei primi anni successivi alla sottoscrizione dell&#8217;assicurazione.  <\/p>\n\n\n\n<p><strong>\u00c8 quindi importante saperlo: <\/strong>L&#8217;assicurazione dentale integrativa deve sempre essere stipulata in tempo utile prima di iniziare la terapia con allineatori.  <\/p>\n\n\n\n<p>Questo perch\u00e9 le compagnie assicurative possono ispezionare le cartelle cliniche. Inoltre, alle domande sulla salute bisogna sempre rispondere correttamente.<\/p>\n\n\n\n<p>Inoltre, deve esserci una necessit\u00e0 medica per la correzione dei denti. I trattamenti per motivi puramente estetici (ad esempio l&#8217;insoddisfazione per l&#8217;aspetto dei denti storti), invece, non sono coperti.  <\/p>\n\n\n\n<p>Alla <strong>domanda: &#8220;Assicurazione dentale integrativa Invisalign &#8211; i costi per gli allineatori sono coperti?&#8221; <\/strong>non si pu\u00f2 quindi rispondere in modo generico.  <\/p>\n\n\n\n<div class=\"wp-block-buttons is-layout-flex wp-block-buttons-is-layout-flex\">\n<div class=\"wp-block-button aligncenter\"><a class=\"wp-block-button__link has-white-color has-text-color wp-element-button\" href=\"https:\/\/tidd.ly\/3LhgHDB\" target=\"_blank\" rel=\"sponsored noopener nofollow\">DrSmile \u00e8 l&#8217;alternativa pi\u00f9 economica!<\/a><\/div>\n<\/div>\n\n\n\n<figure class=\"wp-block-image size-large\"><img decoding=\"async\" width=\"1024\" height=\"683\" src=\"https:\/\/aboutthatsmile.com\/wp-content\/uploads\/2023\/01\/mann-haelt-aligner-in-der-hand-macht-grimasse-1024x683.jpg\" alt=\"Un uomo tiene l&#039;allineatore in mano e fa una smorfia\" class=\"wp-image-277\" title=\"\" srcset=\"https:\/\/aboutthatsmile.com\/wp-content\/uploads\/2023\/01\/mann-haelt-aligner-in-der-hand-macht-grimasse-1024x683.jpg 1024w, https:\/\/aboutthatsmile.com\/wp-content\/uploads\/2023\/01\/mann-haelt-aligner-in-der-hand-macht-grimasse-300x200.jpg 300w, https:\/\/aboutthatsmile.com\/wp-content\/uploads\/2023\/01\/mann-haelt-aligner-in-der-hand-macht-grimasse-768x512.jpg 768w, https:\/\/aboutthatsmile.com\/wp-content\/uploads\/2023\/01\/mann-haelt-aligner-in-der-hand-macht-grimasse-960x640.jpg 960w, https:\/\/aboutthatsmile.com\/wp-content\/uploads\/2023\/01\/mann-haelt-aligner-in-der-hand-macht-grimasse-1080x720.jpg 1080w, https:\/\/aboutthatsmile.com\/wp-content\/uploads\/2023\/01\/mann-haelt-aligner-in-der-hand-macht-grimasse.jpg 1200w\" sizes=\"(max-width: 1024px) 100vw, 1024px\" \/><\/figure>\n\n\n\n<h2 class=\"wp-block-heading\"><span class=\"ez-toc-section\" id=\"Assicurazione_dentale_integrativa_Invisalign_per_bambini_e_adolescenti\"><\/span>Assicurazione dentale integrativa Invisalign per bambini e adolescenti  <span class=\"ez-toc-section-end\"><\/span><\/h2>\n\n\n\n<p>I genitori possono anche stipulare un&#8217;assicurazione dentale integrativa per bambini e ragazzi con tariffe che coprono il trattamento ortodontico.  <\/p>\n\n\n\n<p>Con oltre la met\u00e0 dei bambini e degli adolescenti che oggi portano l&#8217;apparecchio, pu\u00f2 valerne la pena.  <\/p>\n\n\n\n<p>In questo caso \u00e8 molto importante non perdere il momento giusto per concludere il contratto. La polizza deve sempre essere applicata prima che la malocclusione del bambino o del ragazzo venga diagnosticata dal dentista o dall&#8217;ortodontista.  <\/p>\n\n\n\n<p>\u00c8 vero che le compagnie di assicurazione sanitaria di solito pagano le correzioni dentali per i minori se c&#8217;\u00e8 un&#8217;indicazione medica.  <\/p>\n\n\n\n<p>Come gi\u00e0 accennato, tuttavia, solo le disposizioni minime sono coperte nell&#8217;ambito delle prestazioni standard.  <\/p>\n\n\n\n<p>Di conseguenza, vengono pagati solo gli apparecchi ortodontici semplici. I costi aggiuntivi per la diagnostica innovativa, la riduzione del tempo di utilizzo o il comfort e l&#8217;estetica (ad esempio gli allineatori al posto degli apparecchi fissi), invece, sono fatturati come servizi privati e devono essere pagati dal paziente.  <\/p>\n\n\n\n<p>Anche i bambini pi\u00f9 grandi e gli adolescenti vogliono correggere i loro denti in modo discreto. Il trattamento con Invisalign Teen \u00e8 possibile, ad esempio, prima dell&#8217;eruzione di tutti i denti permanenti e a partire dall&#8217;et\u00e0 di 11 anni.<\/p>\n\n\n\n<div class=\"wp-block-group box is-layout-constrained wp-block-group-is-layout-constrained\">\n<figure class=\"wp-block-table\"><table class=\"has-white-color has-text-color has-background\" style=\"background-color:#31b3cf\"><tbody><tr><td class=\"has-text-align-center\" data-align=\"center\"><strong>Gratuitamente e senza impegno: prenota qui il tuo appuntamento di consulenza!<\/strong><\/td><\/tr><\/tbody><\/table><\/figure>\n\n\n\n<div class=\"wp-block-media-text alignwide is-stacked-on-mobile is-vertically-aligned-center is-image-fill\"><figure class=\"wp-block-media-text__media\" style=\"background-image:url(https:\/\/aboutthatsmile.com\/wp-content\/uploads\/2023\/01\/frau-haelt-aligner-in-der-hand-strahlt-mit-daumen-nach-oben-1024x683.jpg);background-position:37% 41%\"><img decoding=\"async\" width=\"1024\" height=\"683\" src=\"https:\/\/aboutthatsmile.com\/wp-content\/uploads\/2023\/01\/frau-haelt-aligner-in-der-hand-strahlt-mit-daumen-nach-oben-1024x683.jpg\" alt=\"Una donna tiene in mano l&#039;allineatore e sorride con il pollice in su\" class=\"wp-image-273 size-full\" title=\"\" srcset=\"https:\/\/aboutthatsmile.com\/wp-content\/uploads\/2023\/01\/frau-haelt-aligner-in-der-hand-strahlt-mit-daumen-nach-oben-1024x683.jpg 1024w, https:\/\/aboutthatsmile.com\/wp-content\/uploads\/2023\/01\/frau-haelt-aligner-in-der-hand-strahlt-mit-daumen-nach-oben-300x200.jpg 300w, https:\/\/aboutthatsmile.com\/wp-content\/uploads\/2023\/01\/frau-haelt-aligner-in-der-hand-strahlt-mit-daumen-nach-oben-768x512.jpg 768w, https:\/\/aboutthatsmile.com\/wp-content\/uploads\/2023\/01\/frau-haelt-aligner-in-der-hand-strahlt-mit-daumen-nach-oben-960x640.jpg 960w, https:\/\/aboutthatsmile.com\/wp-content\/uploads\/2023\/01\/frau-haelt-aligner-in-der-hand-strahlt-mit-daumen-nach-oben-1080x720.jpg 1080w, https:\/\/aboutthatsmile.com\/wp-content\/uploads\/2023\/01\/frau-haelt-aligner-in-der-hand-strahlt-mit-daumen-nach-oben.jpg 1200w\" sizes=\"(max-width: 1024px) 100vw, 1024px\" \/><\/figure><div class=\"wp-block-media-text__content\">\n<p><a href=\"https:\/\/tidd.ly\/3LhgHDB\" target=\"_blank\" rel=\"noreferrer noopener sponsored nofollow\">Prenota subito una consulenza<\/a> presso uno studio partner DrSmile nelle vicinanze e scopri se il raddrizzamento dei denti con gli allineatori fa per te.<\/p>\n\n\n\n<p>L&#8217;appuntamento \u00e8 assolutamente non vincolante e non comporta alcun costo.<\/p>\n\n\n\n<p> <\/p>\n<\/div><\/div>\n\n\n\n<div class=\"wp-block-buttons is-layout-flex wp-block-buttons-is-layout-flex\">\n<div class=\"wp-block-button aligncenter\"><a class=\"wp-block-button__link wp-element-button\" href=\"https:\/\/tidd.ly\/3LhgHDB\" target=\"_blank\" rel=\"sponsored noopener nofollow\"><mark style=\"background-color:rgba(0, 0, 0, 0)\" class=\"has-inline-color has-white-color\">Prenota subito una consulenza gratuita.<\/mark><\/a><\/div>\n<\/div>\n<\/div>\n\n\n\n<h2 class=\"wp-block-heading\"><span class=\"ez-toc-section\" id=\"Assicurazione_dentale_integrativa_Invisalign_qual_e_la_tariffa_giusta\"><\/span>Assicurazione dentale integrativa Invisalign: qual \u00e8 la tariffa giusta?<span class=\"ez-toc-section-end\"><\/span><\/h2>\n\n\n\n<p>Nel frattempo, numerose compagnie assicurative offrono un&#8217;assicurazione dentale integrativa. Inoltre, ognuna di esse offre anche tariffe diverse a prezzi differenti.  <\/p>\n\n\n\n<p>All&#8217;inizio, i fornitori che non fanno domande sulla salute e non hanno periodi di blocco sembrano allettanti. Tuttavia, queste tariffe sono molto costose e spesso offrono anche una gamma di servizi relativamente bassa.  <\/p>\n\n\n\n<p>In sostanza, devi valutare se ti conviene, ad esempio, una tariffa relativamente costosa con copertura dei costi al 100% o una tariffa pi\u00f9 economica che copre solo un importo parziale tra il 50 e il 70%.  <\/p>\n\n\n\n<p><strong>In linea di massima, per\u00f2, vale quanto segue: <\/strong>non consigliamo un&#8217;assicurazione dentale integrativa solo se hai intenzione di farti correggere i denti.  <\/p>\n\n\n\n<p>Infatti, servizi come impianti, faccette, protesi totali, trattamento canalare con corone o anestesia generale sono quasi sempre a carico del paziente: il ticket \u00e8 spesso a quattro cifre.  <\/p>\n\n\n\n<p>Vale quindi la pena di stipulare per tempo una copertura assicurativa conveniente, prima che le cure dentistiche possano diventare davvero costose in caso di emergenza.  <\/p>\n\n\n\n<p><strong>Tra l&#8217;altro, <\/strong>prima lo farai, meno saranno i premi. Diventano pi\u00f9 costose con l&#8217;aumentare dell&#8217;et\u00e0, poich\u00e9 il rischio per le compagnie assicurative aumenta.  <\/p>\n\n\n\n<div class=\"wp-block-buttons is-layout-flex wp-block-buttons-is-layout-flex\">\n<div class=\"wp-block-button aligncenter\"><a class=\"wp-block-button__link has-white-color has-text-color wp-element-button\" href=\"https:\/\/tidd.ly\/3LhgHDB\" target=\"_blank\" rel=\"sponsored noopener nofollow\">DrSmile \u00e8 l&#8217;alternativa pi\u00f9 economica!<\/a><\/div>\n<\/div>\n\n\n\n<figure class=\"wp-block-image size-large\"><img decoding=\"async\" width=\"1024\" height=\"683\" src=\"https:\/\/aboutthatsmile.com\/wp-content\/uploads\/2023\/03\/aelteres-lachendes-paar-1024x683.jpg\" alt=\"Una coppia di anziani ride davanti alla telecamera\" class=\"wp-image-2854\" title=\"\" srcset=\"https:\/\/aboutthatsmile.com\/wp-content\/uploads\/2023\/03\/aelteres-lachendes-paar-1024x683.jpg 1024w, https:\/\/aboutthatsmile.com\/wp-content\/uploads\/2023\/03\/aelteres-lachendes-paar-300x200.jpg 300w, https:\/\/aboutthatsmile.com\/wp-content\/uploads\/2023\/03\/aelteres-lachendes-paar-768x512.jpg 768w, https:\/\/aboutthatsmile.com\/wp-content\/uploads\/2023\/03\/aelteres-lachendes-paar-960x640.jpg 960w, https:\/\/aboutthatsmile.com\/wp-content\/uploads\/2023\/03\/aelteres-lachendes-paar-1080x720.jpg 1080w, https:\/\/aboutthatsmile.com\/wp-content\/uploads\/2023\/03\/aelteres-lachendes-paar.jpg 1200w\" sizes=\"(max-width: 1024px) 100vw, 1024px\" \/><\/figure>\n\n\n\n<h2 class=\"wp-block-heading\"><span class=\"ez-toc-section\" id=\"DrSmile_Lalternativa_piu_economica\"><\/span>DrSmile: L&#8217;alternativa pi\u00f9 economica  <span class=\"ez-toc-section-end\"><\/span><\/h2>\n\n\n\n<p>Hai bisogno solo di una correzione estetica dei denti anteriori o hai solo una malocclusione lieve o moderata?<\/p>\n\n\n\n<p><strong>Allora ti consigliamo il fornitore pi\u00f9 economico DrSmile.  <\/strong>Questo perch\u00e9 l&#8217;azienda offre un ottimo rapporto qualit\u00e0-prezzo e comunica i suoi prezzi in modo trasparente.<\/p>\n\n\n\n<p>Per la produzione &#8220;made in Germany &amp; USA&#8221; vengono utilizzati solo materiali di alta qualit\u00e0 e tecnologie all&#8217;avanguardia.<\/p>\n\n\n\n<p>Attraverso l&#8217;app, il corso del trattamento viene regolarmente monitorato e tenuto sotto controllo da dentisti e ortodontisti. Infine, ma non meno importante, DrSmile offre una promessa di soddisfazione.<\/p>\n\n\n\n<p>In questo articolo mettiamo a confronto i due fornitori in modo pi\u00f9 dettagliato: <a href=\"https:\/\/aboutthatsmile.com\/it\/drsmile-vs-invisalign-quale-fornitore-e-migliore\/\">DrSmile vs Invisalign<\/a>.<\/p>\n\n\n\n<p><a href=\"https:\/\/tidd.ly\/3LhgHDB\" target=\"_blank\" rel=\"noreferrer noopener nofollow sponsored\">Qui puoi scoprire se la tua malocclusione \u00e8 adatta alla terapia con allineatori. <\/a><\/p>\n\n\n\n<div class=\"wp-block-group box is-layout-constrained wp-block-group-is-layout-constrained\">\n<figure class=\"wp-block-table\"><table class=\"has-white-color has-text-color has-background\" style=\"background-color:#31b3cf\"><tbody><tr><td class=\"has-text-align-center\" data-align=\"center\"><strong>Gratuitamente e senza impegno: prenota qui il tuo appuntamento di consulenza!<\/strong><\/td><\/tr><\/tbody><\/table><\/figure>\n\n\n\n<div class=\"wp-block-media-text alignwide is-stacked-on-mobile is-vertically-aligned-center is-image-fill\"><figure class=\"wp-block-media-text__media\" style=\"background-image:url(https:\/\/aboutthatsmile.com\/wp-content\/uploads\/2023\/01\/frau-haelt-aligner-in-der-hand-strahlt-mit-daumen-nach-oben-1024x683.jpg);background-position:37% 41%\"><img decoding=\"async\" width=\"1024\" height=\"683\" src=\"https:\/\/aboutthatsmile.com\/wp-content\/uploads\/2023\/01\/frau-haelt-aligner-in-der-hand-strahlt-mit-daumen-nach-oben-1024x683.jpg\" alt=\"Una donna tiene in mano l&#039;allineatore e sorride con il pollice in su\" class=\"wp-image-273 size-full\" title=\"\" srcset=\"https:\/\/aboutthatsmile.com\/wp-content\/uploads\/2023\/01\/frau-haelt-aligner-in-der-hand-strahlt-mit-daumen-nach-oben-1024x683.jpg 1024w, https:\/\/aboutthatsmile.com\/wp-content\/uploads\/2023\/01\/frau-haelt-aligner-in-der-hand-strahlt-mit-daumen-nach-oben-300x200.jpg 300w, https:\/\/aboutthatsmile.com\/wp-content\/uploads\/2023\/01\/frau-haelt-aligner-in-der-hand-strahlt-mit-daumen-nach-oben-768x512.jpg 768w, https:\/\/aboutthatsmile.com\/wp-content\/uploads\/2023\/01\/frau-haelt-aligner-in-der-hand-strahlt-mit-daumen-nach-oben-960x640.jpg 960w, https:\/\/aboutthatsmile.com\/wp-content\/uploads\/2023\/01\/frau-haelt-aligner-in-der-hand-strahlt-mit-daumen-nach-oben-1080x720.jpg 1080w, https:\/\/aboutthatsmile.com\/wp-content\/uploads\/2023\/01\/frau-haelt-aligner-in-der-hand-strahlt-mit-daumen-nach-oben.jpg 1200w\" sizes=\"(max-width: 1024px) 100vw, 1024px\" \/><\/figure><div class=\"wp-block-media-text__content\">\n<p><a href=\"https:\/\/tidd.ly\/3LhgHDB\" target=\"_blank\" rel=\"noreferrer noopener sponsored nofollow\">Prenota subito una consulenza<\/a> presso uno studio partner DrSmile nelle vicinanze e scopri se il raddrizzamento dei denti con gli allineatori fa per te.<\/p>\n\n\n\n<p>L&#8217;appuntamento \u00e8 assolutamente non vincolante e non comporta alcun costo.<\/p>\n\n\n\n<p> <\/p>\n<\/div><\/div>\n\n\n\n<div class=\"wp-block-buttons is-layout-flex wp-block-buttons-is-layout-flex\">\n<div class=\"wp-block-button aligncenter\"><a class=\"wp-block-button__link wp-element-button\" href=\"https:\/\/tidd.ly\/3LhgHDB\" target=\"_blank\" rel=\"sponsored noopener nofollow\"><mark style=\"background-color:rgba(0, 0, 0, 0)\" class=\"has-inline-color has-white-color\">Prenota subito una consulenza gratuita.<\/mark><\/a><\/div>\n<\/div>\n<\/div>\n\n\n\n<h2 class=\"wp-block-heading\"><span class=\"ez-toc-section\" id=\"Domande_frequenti_sullassicurazione_dentale_integrativa_Invisalign\"><\/span>Domande frequenti sull&#8217;assicurazione dentale integrativa Invisalign<span class=\"ez-toc-section-end\"><\/span><\/h2>\n\n\n\n<p>Qui rispondiamo ad alcune domande frequenti sull&#8217;assicurazione dentale integrativa Invisalign.<\/p>\n\n\n\n<p><a href=\"https:\/\/aboutthatsmile.com\/it\/apparecchio-per-i-denti\/invisalign\/\">Puoi trovare altri articoli e informazioni su Invisalign qui.<\/a><\/p>\n\n\n<div id=\"rank-math-faq\" class=\"rank-math-block\">\n<div class=\"rank-math-list \">\n<div id=\"faq-question-1682684251254\" class=\"rank-math-list-item\">\n<h3 class=\"rank-math-question \"><span class=\"ez-toc-section\" id=\"I_bite_dentali_sono_coperti_dallassicurazione_dentale_integrativa\"><\/span>I bite dentali sono coperti dall&#8217;assicurazione dentale integrativa?<span class=\"ez-toc-section-end\"><\/span><\/h3>\n<div class=\"rank-math-answer \">\n\n<p>La maggior parte delle assicurazioni dentistiche integrative private copre almeno in parte i costi della terapia con gli allineatori. L&#8217;importo del ticket dipende dall&#8217;entit\u00e0 dei benefici della tariffa. Per i bambini e gli adolescenti, il trattamento ortodontico \u00e8 quasi sempre incluso nei benefici dell&#8217;assicurazione dentistica integrativa.<\/p>\n\n<\/div>\n<\/div>\n<div id=\"faq-question-1682684317240\" class=\"rank-math-list-item\">\n<h3 class=\"rank-math-question \"><span class=\"ez-toc-section\" id=\"Quali_compagnie_di_assicurazione_sanitaria_coprono_Invisalign\"><\/span>Quali compagnie di assicurazione sanitaria coprono Invisalign?<span class=\"ez-toc-section-end\"><\/span><\/h3>\n<div class=\"rank-math-answer \">\n\n<p>Purtroppo le compagnie di assicurazione sanitaria coprono i costi dei trattamenti Invisalign solo in casi estremamente eccezionali. Ad esempio, se la correzione di un dente \u00e8 assolutamente necessaria per motivi di salute, ma il paziente soffre di una forte allergia ai metalli.  <\/p>\n\n<\/div>\n<\/div>\n<div id=\"faq-question-1682684391653\" class=\"rank-math-list-item\">\n<h3 class=\"rank-math-question \"><span class=\"ez-toc-section\" id=\"Invisalign_puo_essere_deducibile_dalle_tasse\"><\/span>Invisalign pu\u00f2 essere deducibile dalle tasse?<span class=\"ez-toc-section-end\"><\/span><\/h3>\n<div class=\"rank-math-answer \">\n\n<p>Il trattamento ortodontico per motivi medici \u00e8 deducibile dalle tasse. Il trattamento pu\u00f2 essere dichiarato come onere straordinario nella dichiarazione dei redditi.<\/p>\n\n<\/div>\n<\/div>\n<div id=\"faq-question-1682684468369\" class=\"rank-math-list-item\">\n<h3 class=\"rank-math-question \"><span class=\"ez-toc-section\" id=\"Cosa_e_meglio_Invisalign_o_DrSmile\"><\/span>Cosa \u00e8 meglio: Invisalign o DrSmile?<span class=\"ez-toc-section-end\"><\/span><\/h3>\n<div class=\"rank-math-answer \">\n\n<p>Gli apparecchi invisibili di DrSmile permettono principalmente di correggere i denti anteriori in modo estetico: per questo sono pi\u00f9 economici e offrono un buon rapporto qualit\u00e0-prezzo. Il campo di applicazione di Invisalign \u00e8 pi\u00f9 ampio. Gli allineatori possono correggere fino al 90% di tutti i casi ortodontici, comprese le malposizioni pi\u00f9 complesse.  <\/p>\n\n<\/div>\n<\/div>\n<\/div>\n<\/div>\n\n\n<figure class=\"wp-block-image size-large\"><img decoding=\"async\" width=\"1024\" height=\"684\" src=\"https:\/\/aboutthatsmile.com\/wp-content\/uploads\/2023\/01\/junge-frau-haelt-aligner-1024x684.jpg\" alt=\"Una donna tiene in mano l&#039;allineatore e sorride\" class=\"wp-image-733\" title=\"\" srcset=\"https:\/\/aboutthatsmile.com\/wp-content\/uploads\/2023\/01\/junge-frau-haelt-aligner-1024x684.jpg 1024w, https:\/\/aboutthatsmile.com\/wp-content\/uploads\/2023\/01\/junge-frau-haelt-aligner-300x200.jpg 300w, https:\/\/aboutthatsmile.com\/wp-content\/uploads\/2023\/01\/junge-frau-haelt-aligner-768x513.jpg 768w, https:\/\/aboutthatsmile.com\/wp-content\/uploads\/2023\/01\/junge-frau-haelt-aligner-960x641.jpg 960w, https:\/\/aboutthatsmile.com\/wp-content\/uploads\/2023\/01\/junge-frau-haelt-aligner-1080x721.jpg 1080w, https:\/\/aboutthatsmile.com\/wp-content\/uploads\/2023\/01\/junge-frau-haelt-aligner.jpg 1200w\" sizes=\"(max-width: 1024px) 100vw, 1024px\" \/><\/figure>\n\n\n<div class=\"kk-star-ratings kksr-auto kksr-align-left kksr-valign-bottom\"\n    data-payload='{&quot;align&quot;:&quot;left&quot;,&quot;id&quot;:&quot;5030&quot;,&quot;slug&quot;:&quot;default&quot;,&quot;valign&quot;:&quot;bottom&quot;,&quot;ignore&quot;:&quot;&quot;,&quot;reference&quot;:&quot;auto&quot;,&quot;class&quot;:&quot;&quot;,&quot;count&quot;:&quot;0&quot;,&quot;legendonly&quot;:&quot;&quot;,&quot;readonly&quot;:&quot;&quot;,&quot;score&quot;:&quot;0&quot;,&quot;starsonly&quot;:&quot;&quot;,&quot;best&quot;:&quot;5&quot;,&quot;gap&quot;:&quot;5&quot;,&quot;greet&quot;:&quot;Rate this post&quot;,&quot;legend&quot;:&quot;0\\\/5 - (0 votes)&quot;,&quot;size&quot;:&quot;24&quot;,&quot;title&quot;:&quot;Assicurazione dentale integrativa Invisalign: i costi degli allineatori sono coperti?&quot;,&quot;width&quot;:&quot;0&quot;,&quot;_legend&quot;:&quot;{score}\\\/{best} - ({count} {votes})&quot;,&quot;font_factor&quot;:&quot;1.25&quot;}'>\n            \n<div class=\"kksr-stars\">\n    \n<div class=\"kksr-stars-inactive\">\n            <div class=\"kksr-star\" data-star=\"1\" style=\"padding-right: 5px\">\n            \n\n<div class=\"kksr-icon\" style=\"width: 24px; height: 24px;\"><\/div>\n        <\/div>\n            <div class=\"kksr-star\" data-star=\"2\" style=\"padding-right: 5px\">\n            \n\n<div class=\"kksr-icon\" style=\"width: 24px; height: 24px;\"><\/div>\n        <\/div>\n            <div class=\"kksr-star\" data-star=\"3\" style=\"padding-right: 5px\">\n            \n\n<div class=\"kksr-icon\" style=\"width: 24px; height: 24px;\"><\/div>\n        <\/div>\n            <div class=\"kksr-star\" data-star=\"4\" style=\"padding-right: 5px\">\n            \n\n<div class=\"kksr-icon\" style=\"width: 24px; height: 24px;\"><\/div>\n        <\/div>\n            <div class=\"kksr-star\" data-star=\"5\" style=\"padding-right: 5px\">\n            \n\n<div class=\"kksr-icon\" style=\"width: 24px; height: 24px;\"><\/div>\n        <\/div>\n    <\/div>\n    \n<div class=\"kksr-stars-active\" style=\"width: 0px;\">\n            <div class=\"kksr-star\" style=\"padding-right: 5px\">\n            \n\n<div class=\"kksr-icon\" style=\"width: 24px; height: 24px;\"><\/div>\n        <\/div>\n            <div class=\"kksr-star\" style=\"padding-right: 5px\">\n            \n\n<div class=\"kksr-icon\" style=\"width: 24px; height: 24px;\"><\/div>\n        <\/div>\n            <div class=\"kksr-star\" style=\"padding-right: 5px\">\n            \n\n<div class=\"kksr-icon\" style=\"width: 24px; height: 24px;\"><\/div>\n        <\/div>\n            <div class=\"kksr-star\" style=\"padding-right: 5px\">\n            \n\n<div class=\"kksr-icon\" style=\"width: 24px; height: 24px;\"><\/div>\n        <\/div>\n            <div class=\"kksr-star\" style=\"padding-right: 5px\">\n            \n\n<div class=\"kksr-icon\" style=\"width: 24px; height: 24px;\"><\/div>\n        <\/div>\n    <\/div>\n<\/div>\n                \n\n<div class=\"kksr-legend\" style=\"font-size: 19.2px;\">\n            <span class=\"kksr-muted\">Rate this post<\/span>\n    <\/div>\n    <\/div>\n","protected":false},"excerpt":{"rendered":"<p>Assicurazione dentale integrativa Invisalign: i costi della terapia con allineatori sono coperti e cosa bisogna considerare quando si sceglie una&#8230;<\/p>\n","protected":false},"author":2,"featured_media":2921,"comment_status":"open","ping_status":"open","sticky":false,"template":"","format":"standard","meta":{"_kad_post_transparent":"","_kad_post_title":"","_kad_post_layout":"","_kad_post_sidebar_id":"","_kad_post_content_style":"","_kad_post_vertical_padding":"","_kad_post_feature":"","_kad_post_feature_position":"","_kad_post_header":false,"_kad_post_footer":false,"_kad_post_classname":"","footnotes":""},"categories":[59],"tags":[],"class_list":["post-5030","post","type-post","status-publish","format-standard","has-post-thumbnail","hentry","category-invisalign"],"_links":{"self":[{"href":"https:\/\/aboutthatsmile.com\/it\/wp-json\/wp\/v2\/posts\/5030","targetHints":{"allow":["GET"]}}],"collection":[{"href":"https:\/\/aboutthatsmile.com\/it\/wp-json\/wp\/v2\/posts"}],"about":[{"href":"https:\/\/aboutthatsmile.com\/it\/wp-json\/wp\/v2\/types\/post"}],"author":[{"embeddable":true,"href":"https:\/\/aboutthatsmile.com\/it\/wp-json\/wp\/v2\/users\/2"}],"replies":[{"embeddable":true,"href":"https:\/\/aboutthatsmile.com\/it\/wp-json\/wp\/v2\/comments?post=5030"}],"version-history":[{"count":6,"href":"https:\/\/aboutthatsmile.com\/it\/wp-json\/wp\/v2\/posts\/5030\/revisions"}],"predecessor-version":[{"id":5840,"href":"https:\/\/aboutthatsmile.com\/it\/wp-json\/wp\/v2\/posts\/5030\/revisions\/5840"}],"wp:featuredmedia":[{"embeddable":true,"href":"https:\/\/aboutthatsmile.com\/it\/wp-json\/wp\/v2\/media\/2921"}],"wp:attachment":[{"href":"https:\/\/aboutthatsmile.com\/it\/wp-json\/wp\/v2\/media?parent=5030"}],"wp:term":[{"taxonomy":"category","embeddable":true,"href":"https:\/\/aboutthatsmile.com\/it\/wp-json\/wp\/v2\/categories?post=5030"},{"taxonomy":"post_tag","embeddable":true,"href":"https:\/\/aboutthatsmile.com\/it\/wp-json\/wp\/v2\/tags?post=5030"}],"curies":[{"name":"wp","href":"https:\/\/api.w.org\/{rel}","templated":true}]}}