{"id":10738,"date":"2024-04-30T11:42:02","date_gmt":"2024-04-30T11:42:02","guid":{"rendered":"https:\/\/aboutthatsmile.com\/raka-taender-paa-aeldre-dagar-varfoer-det-aldrig-aer-foer-sent-foer-tandreglering\/"},"modified":"2024-08-18T08:22:01","modified_gmt":"2024-08-18T08:22:01","slug":"raka-taender-paa-aeldre-dagar-varfoer-det-aldrig-aer-foer-sent-foer-tandreglering","status":"publish","type":"post","link":"https:\/\/aboutthatsmile.com\/sv\/raka-taender-paa-aeldre-dagar-varfoer-det-aldrig-aer-foer-sent-foer-tandreglering\/","title":{"rendered":"Raka t\u00e4nder p\u00e5 \u00e4ldre dagar: varf\u00f6r det aldrig \u00e4r f\u00f6r sent f\u00f6r tandreglering"},"content":{"rendered":"\n<p><strong><mark style=\"background-color:rgba(0, 0, 0, 0);color:#31b3cf\" class=\"has-inline-color\">Raka t\u00e4nder p\u00e5 \u00e4ldre dagar: Varf\u00f6r tandreglering inte bara \u00e4r intressant f\u00f6r ton\u00e5ringar och unga vuxna och hur du kan uppfylla din dr\u00f6m i alla \u00e5ldrar.<\/mark><\/strong><\/p>\n\n<p>Idag belyser vi ett \u00e4mne som borde vara av s\u00e4rskilt intresse f\u00f6r den \u00e4ldre generationen bland er: Raka t\u00e4nder p\u00e5 \u00e4ldre dagar.  <\/p>\n\n<p>M\u00e5nga tror att tandreglering bara \u00e4r l\u00e4mpligt f\u00f6r ton\u00e5ringar eller unga vuxna, men det \u00e4r inte sant!  <\/p>\n\n<p>\u00c4ven senare i livet kan sneda t\u00e4nder orsaka inte bara estetiska problem utan \u00e4ven h\u00e4lsoproblem, t.ex. sv\u00e5righeter att tugga eller \u00f6kad risk f\u00f6r tandk\u00f6ttssjukdomar.  <\/p>\n\n<div class=\"wp-block-group box is-layout-constrained wp-block-group-is-layout-constrained\">\n<figure class=\"wp-block-table\"><table class=\"has-white-color has-text-color has-background\" style=\"background-color:#31b3cf\"><tbody><tr><td class=\"has-text-align-center\" data-align=\"center\"><strong>F\u00e5 1700kr rabatt p\u00e5 din tandreglering!<\/strong><\/td><\/tr><\/tbody><\/table><\/figure>\n\n\n\n<div class=\"wp-block-media-text alignwide is-stacked-on-mobile is-vertically-aligned-center is-image-fill\"><figure class=\"wp-block-media-text__media\" style=\"background-image:url(https:\/\/aboutthatsmile.com\/wp-content\/uploads\/2023\/01\/frau-haelt-aligner-in-der-hand-strahlt-mit-daumen-nach-oben-1024x683.jpg);background-position:37% 41%\"><img decoding=\"async\" width=\"1024\" height=\"683\" src=\"https:\/\/aboutthatsmile.com\/wp-content\/uploads\/2023\/01\/frau-haelt-aligner-in-der-hand-strahlt-mit-daumen-nach-oben-1024x683.jpg\" alt=\"En kvinna h\u00e5ller en tandreglering i handen och ler med tummen upp.\" class=\"wp-image-273 size-full\" title=\"\" srcset=\"https:\/\/aboutthatsmile.com\/wp-content\/uploads\/2023\/01\/frau-haelt-aligner-in-der-hand-strahlt-mit-daumen-nach-oben-1024x683.jpg 1024w, https:\/\/aboutthatsmile.com\/wp-content\/uploads\/2023\/01\/frau-haelt-aligner-in-der-hand-strahlt-mit-daumen-nach-oben-300x200.jpg 300w, https:\/\/aboutthatsmile.com\/wp-content\/uploads\/2023\/01\/frau-haelt-aligner-in-der-hand-strahlt-mit-daumen-nach-oben-768x512.jpg 768w, https:\/\/aboutthatsmile.com\/wp-content\/uploads\/2023\/01\/frau-haelt-aligner-in-der-hand-strahlt-mit-daumen-nach-oben-960x640.jpg 960w, https:\/\/aboutthatsmile.com\/wp-content\/uploads\/2023\/01\/frau-haelt-aligner-in-der-hand-strahlt-mit-daumen-nach-oben-1080x720.jpg 1080w, https:\/\/aboutthatsmile.com\/wp-content\/uploads\/2023\/01\/frau-haelt-aligner-in-der-hand-strahlt-mit-daumen-nach-oben.jpg 1200w\" sizes=\"(max-width: 1024px) 100vw, 1024px\" \/><\/figure><div class=\"wp-block-media-text__content\">\n<p><a href=\"https:\/\/tidd.ly\/48YV1GL\" target=\"_blank\" rel=\"noreferrer noopener sponsored nofollow\">Boka en konsultation nu<\/a> p\u00e5 en n\u00e4rliggande DrSmile-partnerpraktik och ta reda p\u00e5 om tandreglering med aligners \u00e4r n\u00e5got f\u00f6r dig.<\/p>\n\n\n\n<p>M\u00f6tet \u00e4r helt utan bindande verkan och medf\u00f6r inga kostnader.<\/p>\n\n\n\n<p>Med koden &#8221;THATSMILE1700&#8221; f\u00e5r du 1700kr rabatt p\u00e5 behandlingen.<\/p>\n<\/div><\/div>\n\n\n\n<div class=\"wp-block-buttons is-layout-flex wp-block-buttons-is-layout-flex\">\n<div class=\"wp-block-button aligncenter\"><a class=\"wp-block-button__link wp-element-button\" href=\"https:\/\/tidd.ly\/48YV1GL\" target=\"_blank\" rel=\"sponsored noopener noreferrer nofollow\"><mark style=\"background-color:rgba(0, 0, 0, 0)\" class=\"has-inline-color has-white-color\">Boka en kostnadsfri konsultation nu.<\/mark><\/a><\/div>\n<\/div>\n<\/div>\n\n<p>Lyckligtvis finns det idag m\u00e5nga diskreta och effektiva metoder f\u00f6r att korrigera t\u00e4nder som \u00e4r s\u00e4rskilt anpassade till behoven hos vuxna i alla \u00e5ldrar.<\/p>\n\n<p>I den h\u00e4r artikeln f\u00e5r du reda p\u00e5 varf\u00f6r det aldrig \u00e4r f\u00f6r sent att unna dig det leende du alltid har velat ha och hur moderna tandst\u00e4llningar och aligners kan hj\u00e4lpa dig att uppn\u00e5 det.  <\/p>\n\n<p>H\u00e5ll \u00f6gonen \u00f6ppna f\u00f6r att l\u00e4ra dig mer om dina alternativ!<\/p>\n\n<figure class=\"wp-block-image size-large\"><img decoding=\"async\" width=\"1024\" height=\"683\" src=\"https:\/\/aboutthatsmile.com\/wp-content\/uploads\/2023\/06\/laechelndes-aelteres-paar-1024x683.jpg\" alt=\"&#xC4;ldre par ler mot kameran - raka t&#xE4;nder p&#xE5; &#xE5;lderns h&#xF6;st\" class=\"wp-image-7870\" title=\"\" srcset=\"https:\/\/aboutthatsmile.com\/wp-content\/uploads\/2023\/06\/laechelndes-aelteres-paar-1024x683.jpg 1024w, https:\/\/aboutthatsmile.com\/wp-content\/uploads\/2023\/06\/laechelndes-aelteres-paar-300x200.jpg 300w, https:\/\/aboutthatsmile.com\/wp-content\/uploads\/2023\/06\/laechelndes-aelteres-paar-768x512.jpg 768w, https:\/\/aboutthatsmile.com\/wp-content\/uploads\/2023\/06\/laechelndes-aelteres-paar-960x640.jpg 960w, https:\/\/aboutthatsmile.com\/wp-content\/uploads\/2023\/06\/laechelndes-aelteres-paar-1080x720.jpg 1080w, https:\/\/aboutthatsmile.com\/wp-content\/uploads\/2023\/06\/laechelndes-aelteres-paar-150x100.jpg 150w, https:\/\/aboutthatsmile.com\/wp-content\/uploads\/2023\/06\/laechelndes-aelteres-paar.jpg 1200w\" sizes=\"(max-width: 1024px) 100vw, 1024px\" \/><\/figure>\n\n<div id=\"ez-toc-container\" class=\"ez-toc-v2_0_82_2 counter-hierarchy ez-toc-counter ez-toc-grey ez-toc-container-direction\">\n<div class=\"ez-toc-title-container\">\n<p class=\"ez-toc-title\" style=\"cursor:inherit\">Table of Contents<\/p>\n<span class=\"ez-toc-title-toggle\"><a href=\"#\" class=\"ez-toc-pull-right ez-toc-btn ez-toc-btn-xs ez-toc-btn-default ez-toc-toggle\" aria-label=\"Toggle Table of Content\"><span class=\"ez-toc-js-icon-con\"><span class=\"\"><span class=\"eztoc-hide\" style=\"display:none;\">Toggle<\/span><span class=\"ez-toc-icon-toggle-span\"><svg style=\"fill: #999;color:#999\" xmlns=\"http:\/\/www.w3.org\/2000\/svg\" class=\"list-377408\" width=\"20px\" height=\"20px\" viewBox=\"0 0 24 24\" fill=\"none\"><path d=\"M6 6H4v2h2V6zm14 0H8v2h12V6zM4 11h2v2H4v-2zm16 0H8v2h12v-2zM4 16h2v2H4v-2zm16 0H8v2h12v-2z\" fill=\"currentColor\"><\/path><\/svg><svg style=\"fill: #999;color:#999\" class=\"arrow-unsorted-368013\" xmlns=\"http:\/\/www.w3.org\/2000\/svg\" width=\"10px\" height=\"10px\" viewBox=\"0 0 24 24\" version=\"1.2\" baseProfile=\"tiny\"><path d=\"M18.2 9.3l-6.2-6.3-6.2 6.3c-.2.2-.3.4-.3.7s.1.5.3.7c.2.2.4.3.7.3h11c.3 0 .5-.1.7-.3.2-.2.3-.5.3-.7s-.1-.5-.3-.7zM5.8 14.7l6.2 6.3 6.2-6.3c.2-.2.3-.5.3-.7s-.1-.5-.3-.7c-.2-.2-.4-.3-.7-.3h-11c-.3 0-.5.1-.7.3-.2.2-.3.5-.3.7s.1.5.3.7z\"\/><\/svg><\/span><\/span><\/span><\/a><\/span><\/div>\n<nav><ul class='ez-toc-list ez-toc-list-level-1 eztoc-toggle-hide-by-default' ><li class='ez-toc-page-1 ez-toc-heading-level-2'><a class=\"ez-toc-link ez-toc-heading-1\" href=\"https:\/\/aboutthatsmile.com\/sv\/raka-taender-paa-aeldre-dagar-varfoer-det-aldrig-aer-foer-sent-foer-tandreglering\/#Raka_tander_pa_aldre_dagar_antligen_ett_vackert_leende\" >Raka t\u00e4nder p\u00e5 \u00e4ldre dagar: \u00e4ntligen ett vackert leende<\/a><ul class='ez-toc-list-level-3' ><li class='ez-toc-heading-level-3'><a class=\"ez-toc-link ez-toc-heading-2\" href=\"https:\/\/aboutthatsmile.com\/sv\/raka-taender-paa-aeldre-dagar-varfoer-det-aldrig-aer-foer-sent-foer-tandreglering\/#Varfor_krokiga_tander_ocksa_ar_ett_problem_pa_aldre_dagar\" >Varf\u00f6r krokiga t\u00e4nder ocks\u00e5 \u00e4r ett problem p\u00e5 \u00e4ldre dagar<\/a><\/li><\/ul><\/li><li class='ez-toc-page-1 ez-toc-heading-level-2'><a class=\"ez-toc-link ez-toc-heading-3\" href=\"https:\/\/aboutthatsmile.com\/sv\/raka-taender-paa-aeldre-dagar-varfoer-det-aldrig-aer-foer-sent-foer-tandreglering\/#Raka_tander_pa_aldre_dagar_moderna_metoder_for_tandkorrigering\" >Raka t\u00e4nder p\u00e5 \u00e4ldre dagar: moderna metoder f\u00f6r tandkorrigering<\/a><ul class='ez-toc-list-level-4' ><li class='ez-toc-heading-level-4'><ul class='ez-toc-list-level-4' ><li class='ez-toc-heading-level-4'><a class=\"ez-toc-link ez-toc-heading-4\" href=\"https:\/\/aboutthatsmile.com\/sv\/raka-taender-paa-aeldre-dagar-varfoer-det-aldrig-aer-foer-sent-foer-tandreglering\/#Keramiska_konsoler\" >Keramiska konsoler<\/a><\/li><li class='ez-toc-page-1 ez-toc-heading-level-4'><a class=\"ez-toc-link ez-toc-heading-5\" href=\"https:\/\/aboutthatsmile.com\/sv\/raka-taender-paa-aeldre-dagar-varfoer-det-aldrig-aer-foer-sent-foer-tandreglering\/#Linguala_tandstallningar\" >Linguala tandst\u00e4llningar<\/a><\/li><li class='ez-toc-page-1 ez-toc-heading-level-4'><a class=\"ez-toc-link ez-toc-heading-6\" href=\"https:\/\/aboutthatsmile.com\/sv\/raka-taender-paa-aeldre-dagar-varfoer-det-aldrig-aer-foer-sent-foer-tandreglering\/#Osynliga_tandregleringsskenor\" >Osynliga tandregleringsskenor<\/a><\/li><\/ul><\/li><li class='ez-toc-page-1 ez-toc-heading-level-3'><a class=\"ez-toc-link ez-toc-heading-7\" href=\"https:\/\/aboutthatsmile.com\/sv\/raka-taender-paa-aeldre-dagar-varfoer-det-aldrig-aer-foer-sent-foer-tandreglering\/#Faner\" >Fan\u00e9r<\/a><\/li><\/ul><\/li><li class='ez-toc-page-1 ez-toc-heading-level-2'><a class=\"ez-toc-link ez-toc-heading-8\" href=\"https:\/\/aboutthatsmile.com\/sv\/raka-taender-paa-aeldre-dagar-varfoer-det-aldrig-aer-foer-sent-foer-tandreglering\/#Raka_tander_i_alderdomen_processen_for_att_korrigera_tander\" >Raka t\u00e4nder i \u00e5lderdomen: processen f\u00f6r att korrigera t\u00e4nder<\/a><\/li><li class='ez-toc-page-1 ez-toc-heading-level-2'><a class=\"ez-toc-link ez-toc-heading-9\" href=\"https:\/\/aboutthatsmile.com\/sv\/raka-taender-paa-aeldre-dagar-varfoer-det-aldrig-aer-foer-sent-foer-tandreglering\/#En_kort_sammanfattning_om_amnet_raka_tander_i_alderdomen\" >En kort sammanfattning om \u00e4mnet raka t\u00e4nder i \u00e5lderdomen<\/a><\/li><li class='ez-toc-page-1 ez-toc-heading-level-2'><a class=\"ez-toc-link ez-toc-heading-10\" href=\"https:\/\/aboutthatsmile.com\/sv\/raka-taender-paa-aeldre-dagar-varfoer-det-aldrig-aer-foer-sent-foer-tandreglering\/#Vanliga_fragor_om_amnet_raka_tander_i_alderdomen\" >Vanliga fr\u00e5gor om \u00e4mnet raka t\u00e4nder i \u00e5lderdomen<\/a><ul class='ez-toc-list-level-3' ><li class='ez-toc-heading-level-3'><a class=\"ez-toc-link ez-toc-heading-11\" href=\"https:\/\/aboutthatsmile.com\/sv\/raka-taender-paa-aeldre-dagar-varfoer-det-aldrig-aer-foer-sent-foer-tandreglering\/#Ar_det_verkligen_mojligt_att_korrigera_tanderna_pa_aldre_dagar\" >\u00c4r det verkligen m\u00f6jligt att korrigera t\u00e4nderna p\u00e5 \u00e4ldre dagar?<\/a><\/li><li class='ez-toc-page-1 ez-toc-heading-level-3'><a class=\"ez-toc-link ez-toc-heading-12\" href=\"https:\/\/aboutthatsmile.com\/sv\/raka-taender-paa-aeldre-dagar-varfoer-det-aldrig-aer-foer-sent-foer-tandreglering\/#Vilka_risker_ar_forknippade_med_att_korrigera_tanderna_vid_hog_alder\" >Vilka risker \u00e4r f\u00f6rknippade med att korrigera t\u00e4nderna vid h\u00f6g \u00e5lder?<\/a><\/li><li class='ez-toc-page-1 ez-toc-heading-level-3'><a class=\"ez-toc-link ez-toc-heading-13\" href=\"https:\/\/aboutthatsmile.com\/sv\/raka-taender-paa-aeldre-dagar-varfoer-det-aldrig-aer-foer-sent-foer-tandreglering\/#Hur_lang_tid_tar_en_tandkorrigering_hos_vuxna\" >Hur l\u00e5ng tid tar en tandkorrigering hos vuxna?<\/a><\/li><li class='ez-toc-page-1 ez-toc-heading-level-3'><a class=\"ez-toc-link ez-toc-heading-14\" href=\"https:\/\/aboutthatsmile.com\/sv\/raka-taender-paa-aeldre-dagar-varfoer-det-aldrig-aer-foer-sent-foer-tandreglering\/#Ar_tandkorrigeringar_smartsamma_i_alderdomen\" >\u00c4r tandkorrigeringar sm\u00e4rtsamma i \u00e5lderdomen?<\/a><\/li><li class='ez-toc-page-1 ez-toc-heading-level-3'><a class=\"ez-toc-link ez-toc-heading-15\" href=\"https:\/\/aboutthatsmile.com\/sv\/raka-taender-paa-aeldre-dagar-varfoer-det-aldrig-aer-foer-sent-foer-tandreglering\/#Vilka_ar_fordelarna_med_tandkorrigering_bortsett_fran_den_estetiska_forbattringen\" >Vilka \u00e4r f\u00f6rdelarna med tandkorrigering bortsett fr\u00e5n den estetiska f\u00f6rb\u00e4ttringen?<\/a><\/li><li class='ez-toc-page-1 ez-toc-heading-level-3'><a class=\"ez-toc-link ez-toc-heading-16\" href=\"https:\/\/aboutthatsmile.com\/sv\/raka-taender-paa-aeldre-dagar-varfoer-det-aldrig-aer-foer-sent-foer-tandreglering\/#Kan_alla_vuxna_fa_sina_tander_korrigerade\" >Kan alla vuxna f\u00e5 sina t\u00e4nder korrigerade?<\/a><\/li><li class='ez-toc-page-1 ez-toc-heading-level-3'><a class=\"ez-toc-link ez-toc-heading-17\" href=\"https:\/\/aboutthatsmile.com\/sv\/raka-taender-paa-aeldre-dagar-varfoer-det-aldrig-aer-foer-sent-foer-tandreglering\/#Vilka_tandkorrigeringsmetoder_finns_tillgangliga_for_aldre_manniskor\" >Vilka tandkorrigeringsmetoder finns tillg\u00e4ngliga f\u00f6r \u00e4ldre m\u00e4nniskor?<\/a><\/li><li class='ez-toc-page-1 ez-toc-heading-level-3'><a class=\"ez-toc-link ez-toc-heading-18\" href=\"https:\/\/aboutthatsmile.com\/sv\/raka-taender-paa-aeldre-dagar-varfoer-det-aldrig-aer-foer-sent-foer-tandreglering\/#Hur_paverkar_en_sen_tandkorrigering_min_formaga_att_tugga\" >Hur p\u00e5verkar en sen tandkorrigering min f\u00f6rm\u00e5ga att tugga?<\/a><\/li><\/ul><\/li><\/ul><\/nav><\/div>\n<h2 class=\"wp-block-heading\"><span class=\"ez-toc-section\" id=\"Raka_tander_pa_aldre_dagar_antligen_ett_vackert_leende\"><\/span>Raka t\u00e4nder p\u00e5 \u00e4ldre dagar: \u00e4ntligen ett vackert leende<span class=\"ez-toc-section-end\"><\/span><\/h2>\n\n<p>I m\u00e5nga kulturer \u00e4r ett friskt, str\u00e5lande leende ett tecken p\u00e5 h\u00e4lsa och vitalitet.  <\/p>\n\n<p>F\u00f6r m\u00e5nga m\u00e4nniskor \u00e4r ett vackert leende n\u00e4ra kopplat till sj\u00e4lvf\u00f6rtroende och social acceptans.  <\/p>\n\n<p>Men vad h\u00e4nder n\u00e4r du med \u00e5ren inser att dina t\u00e4nder inte l\u00e4ngre \u00e4r lika raka som de en g\u00e5ng var?  <\/p>\n\n<p>\u00c4r det f\u00f6r sent att fundera p\u00e5 att \u00e4ndra p\u00e5 n\u00e5got?\nSvaret \u00e4r ett rungande nej.   <\/p>\n\n<p>Tandkorrigeringar \u00e4r m\u00f6jliga i alla \u00e5ldrar och kan bidra v\u00e4sentligt till att f\u00f6rb\u00e4ttra livskvaliteten.<\/p>\n\n<div class=\"wp-block-buttons is-layout-flex wp-block-buttons-is-layout-flex\">\n<div class=\"wp-block-button aligncenter\"><a class=\"wp-block-button__link has-white-color has-text-color wp-element-button\" href=\"https:\/\/tidd.ly\/48YV1GL\" target=\"_blank\" rel=\"sponsored noopener noreferrer nofollow\">Sneda t\u00e4nder? Aligners m\u00f6jligg\u00f6r diskret tandkorrigering!<\/a><\/div>\n<\/div>\n\n<h3 class=\"wp-block-heading\"><span class=\"ez-toc-section\" id=\"Varfor_krokiga_tander_ocksa_ar_ett_problem_pa_aldre_dagar\"><\/span>Varf\u00f6r krokiga t\u00e4nder ocks\u00e5 \u00e4r ett problem p\u00e5 \u00e4ldre dagar<span class=\"ez-toc-section-end\"><\/span><\/h3>\n\n<p>Med stigande \u00e5lder kan t\u00e4nderna flytta p\u00e5 sig, vilket ofta orsakas av naturliga slitageprocesser eller tandlossning.  <\/p>\n\n<p>Sneda t\u00e4nder \u00e4r dock inte bara ett estetiskt problem, utan kan ocks\u00e5 orsaka en rad h\u00e4lsoproblem.  <\/p>\n\n<p>Bland dessa kan n\u00e4mnas<\/p>\n\n<ul class=\"wp-block-list\">\n<li><strong>Sv\u00e5rt att \u00e4ta:<\/strong> Sneda t\u00e4nder kan g\u00f6ra det sv\u00e5rt att tugga, vilket kan leda till matsm\u00e4ltningsproblem.<\/li>\n\n\n\n<li><strong>\u00d6kad risk f\u00f6r tandk\u00f6ttssjukdomar och karies:<\/strong> Oregelbundna tandpositioner g\u00f6r det sv\u00e5rare att reng\u00f6ra t\u00e4nderna ordentligt, vilket g\u00f6r det l\u00e4ttare f\u00f6r bakterier och plack att ansamlas.<\/li>\n\n\n\n<li><strong>Problem med k\u00e4ken:<\/strong> Felst\u00e4llningar kan leda till oj\u00e4mn belastning av k\u00e4kleden, vilket kan resultera i sm\u00e4rta och funktionsbegr\u00e4nsningar.<\/li>\n<\/ul>\n\n<div class=\"wp-block-group box is-layout-constrained wp-block-group-is-layout-constrained\">\n<figure class=\"wp-block-table\"><table class=\"has-white-color has-text-color has-background\" style=\"background-color:#31b3cf\"><tbody><tr><td class=\"has-text-align-center\" data-align=\"center\"><strong>F\u00e5 1700kr rabatt p\u00e5 din tandreglering!<\/strong><\/td><\/tr><\/tbody><\/table><\/figure>\n\n\n\n<div class=\"wp-block-media-text alignwide is-stacked-on-mobile is-vertically-aligned-center is-image-fill\"><figure class=\"wp-block-media-text__media\" style=\"background-image:url(https:\/\/aboutthatsmile.com\/wp-content\/uploads\/2023\/01\/frau-haelt-aligner-in-der-hand-strahlt-mit-daumen-nach-oben-1024x683.jpg);background-position:37% 41%\"><img decoding=\"async\" width=\"1024\" height=\"683\" src=\"https:\/\/aboutthatsmile.com\/wp-content\/uploads\/2023\/01\/frau-haelt-aligner-in-der-hand-strahlt-mit-daumen-nach-oben-1024x683.jpg\" alt=\"En kvinna h\u00e5ller en tandreglering i handen och ler med tummen upp.\" class=\"wp-image-273 size-full\" title=\"\" srcset=\"https:\/\/aboutthatsmile.com\/wp-content\/uploads\/2023\/01\/frau-haelt-aligner-in-der-hand-strahlt-mit-daumen-nach-oben-1024x683.jpg 1024w, https:\/\/aboutthatsmile.com\/wp-content\/uploads\/2023\/01\/frau-haelt-aligner-in-der-hand-strahlt-mit-daumen-nach-oben-300x200.jpg 300w, https:\/\/aboutthatsmile.com\/wp-content\/uploads\/2023\/01\/frau-haelt-aligner-in-der-hand-strahlt-mit-daumen-nach-oben-768x512.jpg 768w, https:\/\/aboutthatsmile.com\/wp-content\/uploads\/2023\/01\/frau-haelt-aligner-in-der-hand-strahlt-mit-daumen-nach-oben-960x640.jpg 960w, https:\/\/aboutthatsmile.com\/wp-content\/uploads\/2023\/01\/frau-haelt-aligner-in-der-hand-strahlt-mit-daumen-nach-oben-1080x720.jpg 1080w, https:\/\/aboutthatsmile.com\/wp-content\/uploads\/2023\/01\/frau-haelt-aligner-in-der-hand-strahlt-mit-daumen-nach-oben.jpg 1200w\" sizes=\"(max-width: 1024px) 100vw, 1024px\" \/><\/figure><div class=\"wp-block-media-text__content\">\n<p><a href=\"https:\/\/tidd.ly\/48YV1GL\" target=\"_blank\" rel=\"noreferrer noopener sponsored nofollow\">Boka en konsultation nu<\/a> p\u00e5 en n\u00e4rliggande DrSmile-partnerpraktik och ta reda p\u00e5 om tandreglering med aligners \u00e4r n\u00e5got f\u00f6r dig.<\/p>\n\n\n\n<p>M\u00f6tet \u00e4r helt utan bindande verkan och medf\u00f6r inga kostnader.<\/p>\n\n\n\n<p>Med koden &#8221;THATSMILE1700&#8221; f\u00e5r du 1700kr rabatt p\u00e5 behandlingen.<\/p>\n<\/div><\/div>\n\n\n\n<div class=\"wp-block-buttons is-layout-flex wp-block-buttons-is-layout-flex\">\n<div class=\"wp-block-button aligncenter\"><a class=\"wp-block-button__link wp-element-button\" href=\"https:\/\/tidd.ly\/48YV1GL\" target=\"_blank\" rel=\"sponsored noopener noreferrer nofollow\"><mark style=\"background-color:rgba(0, 0, 0, 0)\" class=\"has-inline-color has-white-color\">Boka en kostnadsfri konsultation nu.<\/mark><\/a><\/div>\n<\/div>\n<\/div>\n\n<h2 class=\"wp-block-heading\"><span class=\"ez-toc-section\" id=\"Raka_tander_pa_aldre_dagar_moderna_metoder_for_tandkorrigering\"><\/span>Raka t\u00e4nder p\u00e5 \u00e4ldre dagar: moderna metoder f\u00f6r tandkorrigering  <span class=\"ez-toc-section-end\"><\/span><\/h2>\n\n<p>Den goda nyheten \u00e4r att tandv\u00e5rden idag erbjuder en <a href=\"https:\/\/aboutthatsmile.com\/sv\/hur-faar-man-raka-taender-de-baesta-metoderna-i-oeverblick\/\" data-type=\"post\" data-id=\"9739\">m\u00e4ngd olika metoder<\/a> f\u00f6r att korrigera sneda t\u00e4nder som \u00e4r b\u00e5de effektiva och diskreta.<\/p>\n\n<h4 class=\"wp-block-heading\"><span class=\"ez-toc-section\" id=\"Keramiska_konsoler\"><\/span>Keramiska konsoler<span class=\"ez-toc-section-end\"><\/span><\/h4>\n\n<p>Keramiska f\u00e4sten \u00e4r ett popul\u00e4rt val f\u00f6r vuxna eftersom de \u00e4r mindre synliga \u00e4n traditionella metallf\u00e4sten.  <\/p>\n\n<p>De \u00e4r tillverkade av tandf\u00e4rgade eller transparenta material som sm\u00e4lter v\u00e4l in i t\u00e4ndernas naturliga utseende.<\/p>\n\n<h4 class=\"wp-block-heading\"><span class=\"ez-toc-section\" id=\"Linguala_tandstallningar\"><\/span>Linguala tandst\u00e4llningar<span class=\"ez-toc-section-end\"><\/span><\/h4>\n\n<p>Denna tandst\u00e4llning f\u00e4sts p\u00e5 insidan av t\u00e4nderna och \u00e4r helt osynlig fr\u00e5n utsidan.  <\/p>\n\n<p>Linguala tandst\u00e4llningar \u00e4r idealiska f\u00f6r vuxna som vill ha en korrigering utan synliga sp\u00e5r.\nDe \u00e4r dock ofta dyrare och kan leda till talproblem i b\u00f6rjan. <\/p>\n\n<h4 class=\"wp-block-heading\"><span class=\"ez-toc-section\" id=\"Osynliga_tandregleringsskenor\"><\/span>Osynliga tandregleringsskenor<span class=\"ez-toc-section-end\"><\/span><\/h4>\n\n<p>Osynliga tandregleringsskenor, som <a href=\"https:\/\/aboutthatsmile.com\/sv\/drsmile-erfarenheter\/\">DrSmiles produkter<\/a>, \u00e4r ett av de mest popul\u00e4ra alternativen f\u00f6r (\u00e4ldre) vuxna.<\/p>\n\n<p>Dessa genomskinliga plastskenor \u00e4r praktiskt taget osynliga och kan tas bort f\u00f6r att \u00e4ta och borsta t\u00e4nderna.  <\/p>\n\n<p>De \u00e4r s\u00e4rskilt effektiva vid mindre till m\u00e5ttliga <a href=\"https:\/\/aboutthatsmile.com\/sv\/felstallda-tander-kan-en-osynlig-tandstallning-hjalpa\/\" data-type=\"post\" data-id=\"997\">felst\u00e4llningar<\/a>.<\/p>\n\n<div class=\"wp-block-group box is-layout-constrained wp-block-group-is-layout-constrained\">\n<figure class=\"wp-block-table\"><table class=\"has-white-color has-text-color has-background\" style=\"background-color:#31b3cf\"><tbody><tr><td class=\"has-text-align-center\" data-align=\"center\"><strong>F\u00e5 1700kr rabatt p\u00e5 din tandreglering!<\/strong><\/td><\/tr><\/tbody><\/table><\/figure>\n\n\n\n<div class=\"wp-block-media-text alignwide is-stacked-on-mobile is-vertically-aligned-center is-image-fill\"><figure class=\"wp-block-media-text__media\" style=\"background-image:url(https:\/\/aboutthatsmile.com\/wp-content\/uploads\/2023\/01\/frau-haelt-aligner-in-der-hand-strahlt-mit-daumen-nach-oben-1024x683.jpg);background-position:37% 41%\"><img decoding=\"async\" width=\"1024\" height=\"683\" src=\"https:\/\/aboutthatsmile.com\/wp-content\/uploads\/2023\/01\/frau-haelt-aligner-in-der-hand-strahlt-mit-daumen-nach-oben-1024x683.jpg\" alt=\"En kvinna h\u00e5ller en tandreglering i handen och ler med tummen upp.\" class=\"wp-image-273 size-full\" title=\"\" srcset=\"https:\/\/aboutthatsmile.com\/wp-content\/uploads\/2023\/01\/frau-haelt-aligner-in-der-hand-strahlt-mit-daumen-nach-oben-1024x683.jpg 1024w, https:\/\/aboutthatsmile.com\/wp-content\/uploads\/2023\/01\/frau-haelt-aligner-in-der-hand-strahlt-mit-daumen-nach-oben-300x200.jpg 300w, https:\/\/aboutthatsmile.com\/wp-content\/uploads\/2023\/01\/frau-haelt-aligner-in-der-hand-strahlt-mit-daumen-nach-oben-768x512.jpg 768w, https:\/\/aboutthatsmile.com\/wp-content\/uploads\/2023\/01\/frau-haelt-aligner-in-der-hand-strahlt-mit-daumen-nach-oben-960x640.jpg 960w, https:\/\/aboutthatsmile.com\/wp-content\/uploads\/2023\/01\/frau-haelt-aligner-in-der-hand-strahlt-mit-daumen-nach-oben-1080x720.jpg 1080w, https:\/\/aboutthatsmile.com\/wp-content\/uploads\/2023\/01\/frau-haelt-aligner-in-der-hand-strahlt-mit-daumen-nach-oben.jpg 1200w\" sizes=\"(max-width: 1024px) 100vw, 1024px\" \/><\/figure><div class=\"wp-block-media-text__content\">\n<p><a href=\"https:\/\/tidd.ly\/48YV1GL\" target=\"_blank\" rel=\"noreferrer noopener sponsored nofollow\">Boka en konsultation nu<\/a> p\u00e5 en n\u00e4rliggande DrSmile-partnerpraktik och ta reda p\u00e5 om tandreglering med aligners \u00e4r n\u00e5got f\u00f6r dig.<\/p>\n\n\n\n<p>M\u00f6tet \u00e4r helt utan bindande verkan och medf\u00f6r inga kostnader.<\/p>\n\n\n\n<p>Med koden &#8221;THATSMILE1700&#8221; f\u00e5r du 1700kr rabatt p\u00e5 behandlingen.<\/p>\n<\/div><\/div>\n\n\n\n<div class=\"wp-block-buttons is-layout-flex wp-block-buttons-is-layout-flex\">\n<div class=\"wp-block-button aligncenter\"><a class=\"wp-block-button__link wp-element-button\" href=\"https:\/\/tidd.ly\/48YV1GL\" target=\"_blank\" rel=\"sponsored noopener noreferrer nofollow\"><mark style=\"background-color:rgba(0, 0, 0, 0)\" class=\"has-inline-color has-white-color\">Boka en kostnadsfri konsultation nu.<\/mark><\/a><\/div>\n<\/div>\n<\/div>\n\n<h3 class=\"wp-block-heading\"><span class=\"ez-toc-section\" id=\"Faner\"><\/span>Fan\u00e9r<span class=\"ez-toc-section-end\"><\/span><\/h3>\n\n<p>Fan\u00e9r \u00e4r tunna, skr\u00e4ddarsydda skal som f\u00e4sts p\u00e5 t\u00e4ndernas framsida f\u00f6r att f\u00f6rb\u00e4ttra deras utseende.  <\/p>\n\n<p>De \u00e4r idealiska f\u00f6r att korrigera f\u00e4rg, form och mindre felst\u00e4llningar.\nEn nackdel \u00e4r att den naturliga tandemaljen m\u00e5ste ruggas upp, vilket g\u00f6r processen irreversibel.   <\/p>\n\n<p>Fan\u00e9r erbjuder en snabb estetisk l\u00f6sning, men kr\u00e4ver noggrann sk\u00f6tsel.\nDe m\u00e5ste ocks\u00e5 bytas ut efter n\u00e5gra \u00e5r. <\/p>\n\n<h2 class=\"wp-block-heading\"><span class=\"ez-toc-section\" id=\"Raka_tander_i_alderdomen_processen_for_att_korrigera_tander\"><\/span>Raka t\u00e4nder i \u00e5lderdomen: processen f\u00f6r att korrigera t\u00e4nder<span class=\"ez-toc-section-end\"><\/span><\/h2>\n\n<p>Det f\u00f6rsta steget mot raka t\u00e4nder p\u00e5 \u00e4ldre dagar \u00e4r ett bes\u00f6k hos en tandregleringsspecialist f\u00f6r vuxna.  <\/p>\n\n<p>Efter en grundlig unders\u00f6kning, som vanligtvis omfattar r\u00f6ntgen och <a href=\"https:\/\/aboutthatsmile.com\/sv\/drsmile-3d-skanning\/\" data-type=\"post\" data-id=\"3136\">digitala skanningar<\/a> av munnen, uppr\u00e4ttas en personlig behandlingsplan.<\/p>\n\n<p>Behandlingstiden varierar beroende p\u00e5 vilken metod som anv\u00e4nds och hur allvarlig deformiteten \u00e4r, men kan str\u00e4cka sig fr\u00e5n sex m\u00e5nader till flera \u00e5r.  <\/p>\n\n<p>Under denna tid \u00e4r regelbundna bes\u00f6k hos ortodontisten n\u00f6dv\u00e4ndiga f\u00f6r att \u00f6vervaka utvecklingen och g\u00f6ra justeringar.<\/p>\n\n<p>N\u00e4r det g\u00e4ller osynliga tandregleringsskenor kan behandlingen (bortsett fr\u00e5n det <a href=\"https:\/\/aboutthatsmile.com\/sv\/drsmile-konsultation\/\" data-type=\"post\" data-id=\"3304\">f\u00f6rsta bes\u00f6ket<\/a>) till och med ske helt hemifr\u00e5n.<\/p>\n\n<figure class=\"wp-block-image size-large\"><img decoding=\"async\" width=\"1024\" height=\"684\" src=\"https:\/\/aboutthatsmile.com\/wp-content\/uploads\/2023\/05\/mann-beim-zahnarzt-1-1024x684.jpg\" alt=\"Man hos tandl&#xE4;karen - DrSmile K&#xF6;ln\" class=\"wp-image-5328\" title=\"\" srcset=\"https:\/\/aboutthatsmile.com\/wp-content\/uploads\/2023\/05\/mann-beim-zahnarzt-1-1024x684.jpg 1024w, https:\/\/aboutthatsmile.com\/wp-content\/uploads\/2023\/05\/mann-beim-zahnarzt-1-300x200.jpg 300w, https:\/\/aboutthatsmile.com\/wp-content\/uploads\/2023\/05\/mann-beim-zahnarzt-1-768x513.jpg 768w, https:\/\/aboutthatsmile.com\/wp-content\/uploads\/2023\/05\/mann-beim-zahnarzt-1-960x641.jpg 960w, https:\/\/aboutthatsmile.com\/wp-content\/uploads\/2023\/05\/mann-beim-zahnarzt-1-1080x721.jpg 1080w, https:\/\/aboutthatsmile.com\/wp-content\/uploads\/2023\/05\/mann-beim-zahnarzt-1-150x100.jpg 150w, https:\/\/aboutthatsmile.com\/wp-content\/uploads\/2023\/05\/mann-beim-zahnarzt-1.jpg 1200w\" sizes=\"(max-width: 1024px) 100vw, 1024px\" \/><\/figure>\n\n<h2 class=\"wp-block-heading\"><span class=\"ez-toc-section\" id=\"En_kort_sammanfattning_om_amnet_raka_tander_i_alderdomen\"><\/span>En kort sammanfattning om \u00e4mnet raka t\u00e4nder i \u00e5lderdomen<span class=\"ez-toc-section-end\"><\/span><\/h2>\n\n<p>Att korrigera t\u00e4nderna p\u00e5 \u00e4ldre dagar \u00e4r inte bara en fr\u00e5ga om estetik.\nDe f\u00f6rb\u00e4ttrar ocks\u00e5 munh\u00e4lsan, underl\u00e4ttar den dagliga hygienen och kan bidra till att minska sm\u00e4rta och andra besv\u00e4r.   <\/p>\n\n<p>Dessutom kan ett vackert leende st\u00e4rka sj\u00e4lvk\u00e4nslan och f\u00e5 dig att k\u00e4nna dig mer bekv\u00e4m i din egen kropp.<\/p>\n\n<p>I grund och botten \u00e4r det aldrig f\u00f6r sent att investera i ett friskt leende.\nModern tandv\u00e5rd erbjuder \u00e4ldre m\u00e4nniskor praktiska och diskreta l\u00f6sningar f\u00f6r att effektivt korrigera felst\u00e4llda t\u00e4nder.   <\/p>\n\n<p>Om du funderar p\u00e5 att l\u00e5ta korrigera dina t\u00e4nder, tveka inte att s\u00f6ka detaljerad r\u00e5dgivning.\nEtt str\u00e5lande leende k\u00e4nner ingen \u00e5lder! <\/p>\n\n<p>F\u00f6r lindriga och m\u00e5ttliga bettfel rekommenderar vi <a href=\"https:\/\/tidd.ly\/48YV1GL\" target=\"_blank\" rel=\"noreferrer noopener nofollow sponsored\">DrSmiles osynliga tand<\/a>regleringsskenor, som \u00e4r betydligt billigare \u00e4n fasta tandst\u00e4llningar och g\u00f6r att du kan korrigera dina t\u00e4nder p\u00e5 ett diskret s\u00e4tt.<\/p>\n\n<p>Klicka igenom v\u00e5ra <a href=\"https:\/\/aboutthatsmile.com\/sv\/jamforelse-av-tandskenor\/drsmile\/\">ytterligare DrSmile-artiklar<\/a> h\u00e4r med all viktig information om leverant\u00f6ren av aligner.<\/p>\n\n<p>DrSmile har redan tillverkat mer \u00e4n en miljon aligners och kan se tillbaka p\u00e5 \u00f6ver 150 000 genomf\u00f6rda tandkorrigeringar.<\/p>\n\n<p>De osynliga <a href=\"https:\/\/tidd.ly\/48YV1GL\" target=\"_blank\" rel=\"noreferrer noopener nofollow sponsored\">tandskenorna fr\u00e5n DrSmile<\/a> finns redan tillg\u00e4ngliga i \u00f6ver 100 partnerpraktiker i Tyskland. <\/p>\n\n<p>F\u00f6retaget erbjuder inte bara bra valuta f\u00f6r pengarna utan ocks\u00e5 en n\u00f6jdhetsgaranti om du inte \u00e4r hundra procent n\u00f6jd med resultatet.<\/p>\n\n<div class=\"wp-block-group box is-layout-constrained wp-block-group-is-layout-constrained\">\n<figure class=\"wp-block-table\"><table class=\"has-white-color has-text-color has-background\" style=\"background-color:#31b3cf\"><tbody><tr><td class=\"has-text-align-center\" data-align=\"center\"><strong>F\u00e5 1700kr rabatt p\u00e5 din tandreglering!<\/strong><\/td><\/tr><\/tbody><\/table><\/figure>\n\n\n\n<div class=\"wp-block-media-text alignwide is-stacked-on-mobile is-vertically-aligned-center is-image-fill\"><figure class=\"wp-block-media-text__media\" style=\"background-image:url(https:\/\/aboutthatsmile.com\/wp-content\/uploads\/2023\/01\/frau-haelt-aligner-in-der-hand-strahlt-mit-daumen-nach-oben-1024x683.jpg);background-position:37% 41%\"><img decoding=\"async\" width=\"1024\" height=\"683\" src=\"https:\/\/aboutthatsmile.com\/wp-content\/uploads\/2023\/01\/frau-haelt-aligner-in-der-hand-strahlt-mit-daumen-nach-oben-1024x683.jpg\" alt=\"En kvinna h\u00e5ller en tandreglering i handen och ler med tummen upp.\" class=\"wp-image-273 size-full\" title=\"\" srcset=\"https:\/\/aboutthatsmile.com\/wp-content\/uploads\/2023\/01\/frau-haelt-aligner-in-der-hand-strahlt-mit-daumen-nach-oben-1024x683.jpg 1024w, https:\/\/aboutthatsmile.com\/wp-content\/uploads\/2023\/01\/frau-haelt-aligner-in-der-hand-strahlt-mit-daumen-nach-oben-300x200.jpg 300w, https:\/\/aboutthatsmile.com\/wp-content\/uploads\/2023\/01\/frau-haelt-aligner-in-der-hand-strahlt-mit-daumen-nach-oben-768x512.jpg 768w, https:\/\/aboutthatsmile.com\/wp-content\/uploads\/2023\/01\/frau-haelt-aligner-in-der-hand-strahlt-mit-daumen-nach-oben-960x640.jpg 960w, https:\/\/aboutthatsmile.com\/wp-content\/uploads\/2023\/01\/frau-haelt-aligner-in-der-hand-strahlt-mit-daumen-nach-oben-1080x720.jpg 1080w, https:\/\/aboutthatsmile.com\/wp-content\/uploads\/2023\/01\/frau-haelt-aligner-in-der-hand-strahlt-mit-daumen-nach-oben.jpg 1200w\" sizes=\"(max-width: 1024px) 100vw, 1024px\" \/><\/figure><div class=\"wp-block-media-text__content\">\n<p><a href=\"https:\/\/tidd.ly\/48YV1GL\" target=\"_blank\" rel=\"noreferrer noopener sponsored nofollow\">Boka en konsultation nu<\/a> p\u00e5 en n\u00e4rliggande DrSmile-partnerpraktik och ta reda p\u00e5 om tandreglering med aligners \u00e4r n\u00e5got f\u00f6r dig.<\/p>\n\n\n\n<p>M\u00f6tet \u00e4r helt utan bindande verkan och medf\u00f6r inga kostnader.<\/p>\n\n\n\n<p>Med koden &#8221;THATSMILE1700&#8221; f\u00e5r du 1700kr rabatt p\u00e5 behandlingen.<\/p>\n<\/div><\/div>\n\n\n\n<div class=\"wp-block-buttons is-layout-flex wp-block-buttons-is-layout-flex\">\n<div class=\"wp-block-button aligncenter\"><a class=\"wp-block-button__link wp-element-button\" href=\"https:\/\/tidd.ly\/48YV1GL\" target=\"_blank\" rel=\"sponsored noopener noreferrer nofollow\"><mark style=\"background-color:rgba(0, 0, 0, 0)\" class=\"has-inline-color has-white-color\">Boka en kostnadsfri konsultation nu.<\/mark><\/a><\/div>\n<\/div>\n<\/div>\n\n<h2 class=\"wp-block-heading\"><span class=\"ez-toc-section\" id=\"Vanliga_fragor_om_amnet_raka_tander_i_alderdomen\"><\/span>Vanliga fr\u00e5gor om \u00e4mnet raka t\u00e4nder i \u00e5lderdomen<span class=\"ez-toc-section-end\"><\/span><\/h2>\n\n<p>H\u00e4r svarar vi p\u00e5 n\u00e5gra av de vanligaste fr\u00e5gorna om raka t\u00e4nder p\u00e5 \u00e4ldre dagar.<\/p>\n<div id=\"rank-math-faq\" class=\"rank-math-block\">\n<div class=\"rank-math-list \">\n<div id=\"faq-question-1708423901571\" class=\"rank-math-list-item\">\n<h3 class=\"rank-math-question \"><span class=\"ez-toc-section\" id=\"Ar_det_verkligen_mojligt_att_korrigera_tanderna_pa_aldre_dagar\"><\/span>\u00c4r det verkligen m\u00f6jligt att korrigera t\u00e4nderna p\u00e5 \u00e4ldre dagar?<span class=\"ez-toc-section-end\"><\/span><\/h3>\n<div class=\"rank-math-answer \">\n\n<p>Ja, absolut!<br \/>\nModerna metoder f\u00f6r tandkorrigering, t.ex. osynliga tandregleringsskenor, keramiska f\u00e4sten eller linguala tandregleringsskenor, ger m\u00e4nniskor i alla \u00e5ldrar m\u00f6jlighet att f\u00f6rb\u00e4ttra tandst\u00e4llningen. <\/p>\n\n<\/div>\n<\/div>\n<div id=\"faq-question-1708423936983\" class=\"rank-math-list-item\">\n<h3 class=\"rank-math-question \"><span class=\"ez-toc-section\" id=\"Vilka_risker_ar_forknippade_med_att_korrigera_tanderna_vid_hog_alder\"><\/span>Vilka risker \u00e4r f\u00f6rknippade med att korrigera t\u00e4nderna vid h\u00f6g \u00e5lder?<span class=\"ez-toc-section-end\"><\/span><\/h3>\n<div class=\"rank-math-answer \">\n\n<p>Riskerna \u00e4r l\u00e5ga och liknar dem som g\u00e4ller f\u00f6r yngre patienter.<br \/>\nDet \u00e4r dock viktigt att din allm\u00e4nna munh\u00e4lsa \u00e4r god och att du inte har n\u00e5gon allvarlig tandk\u00f6ttssjukdom eller benf\u00f6rlust. <\/p>\n\n<\/div>\n<\/div>\n<div id=\"faq-question-1708424004528\" class=\"rank-math-list-item\">\n<h3 class=\"rank-math-question \"><span class=\"ez-toc-section\" id=\"Hur_lang_tid_tar_en_tandkorrigering_hos_vuxna\"><\/span>Hur l\u00e5ng tid tar en tandkorrigering hos vuxna?<span class=\"ez-toc-section-end\"><\/span><\/h3>\n<div class=\"rank-math-answer \">\n\n<p>Behandlingstiden beror p\u00e5 vilken typ av deformitet det r\u00f6r sig om och vilken metod som v\u00e4ljs.<br \/>\nDen kan variera fr\u00e5n n\u00e5gra m\u00e5nader till n\u00e5gra \u00e5r, och de flesta behandlingar varar mellan tre m\u00e5nader och tv\u00e5 \u00e5r. <\/p>\n\n<\/div>\n<\/div>\n<div id=\"faq-question-1708424069592\" class=\"rank-math-list-item\">\n<h3 class=\"rank-math-question \"><span class=\"ez-toc-section\" id=\"Ar_tandkorrigeringar_smartsamma_i_alderdomen\"><\/span>\u00c4r tandkorrigeringar sm\u00e4rtsamma i \u00e5lderdomen?<span class=\"ez-toc-section-end\"><\/span><\/h3>\n<div class=\"rank-math-answer \">\n\n<p>Precis som hos yngre patienter kan det uppst\u00e5 l\u00e4tt trycksm\u00e4rta i b\u00f6rjan av behandlingen och efter justeringar.<br \/>\nDetta kan vanligtvis behandlas v\u00e4l med sm\u00e4rtstillande medel (om det beh\u00f6vs). <\/p>\n\n<\/div>\n<\/div>\n<div id=\"faq-question-1708424090943\" class=\"rank-math-list-item\">\n<h3 class=\"rank-math-question \"><span class=\"ez-toc-section\" id=\"Vilka_ar_fordelarna_med_tandkorrigering_bortsett_fran_den_estetiska_forbattringen\"><\/span>Vilka \u00e4r f\u00f6rdelarna med tandkorrigering bortsett fr\u00e5n den estetiska f\u00f6rb\u00e4ttringen?<span class=\"ez-toc-section-end\"><\/span><\/h3>\n<div class=\"rank-math-answer \">\n\n<p>Raka t\u00e4nder \u00e4r l\u00e4ttare att reng\u00f6ra, vilket minskar risken f\u00f6r karies och parodontit.<br \/>\nEn korrekt tandst\u00e4llning kan ocks\u00e5 f\u00f6rebygga k\u00e4kledsbesv\u00e4r och f\u00f6rb\u00e4ttra tuggeffektiviteten. <\/p>\n\n<\/div>\n<\/div>\n<div id=\"faq-question-1714430006930\" class=\"rank-math-list-item\">\n<h3 class=\"rank-math-question \"><span class=\"ez-toc-section\" id=\"Kan_alla_vuxna_fa_sina_tander_korrigerade\"><\/span>Kan alla vuxna f\u00e5 sina t\u00e4nder korrigerade?<span class=\"ez-toc-section-end\"><\/span><\/h3>\n<div class=\"rank-math-answer \">\n\n<p>De flesta vuxna kan dra nytta av tandreglering, f\u00f6rutsatt att t\u00e4nderna och tandk\u00f6ttet \u00e4r friska.<br \/>\nEn omfattande tandunders\u00f6kning f\u00f6re behandling \u00e4r avg\u00f6rande. <\/p>\n\n<\/div>\n<\/div>\n<div id=\"faq-question-1714476703437\" class=\"rank-math-list-item\">\n<h3 class=\"rank-math-question \"><span class=\"ez-toc-section\" id=\"Vilka_tandkorrigeringsmetoder_finns_tillgangliga_for_aldre_manniskor\"><\/span>Vilka tandkorrigeringsmetoder finns tillg\u00e4ngliga f\u00f6r \u00e4ldre m\u00e4nniskor?<span class=\"ez-toc-section-end\"><\/span><\/h3>\n<div class=\"rank-math-answer \">\n\n<p>F\u00f6rutom traditionell tandst\u00e4llning finns det diskreta alternativ som keramiska f\u00e4sten, lingual tandst\u00e4llning och genomskinliga aligners, som \u00e4r s\u00e4rskilt popul\u00e4ra bland vuxna.<\/p>\n\n<\/div>\n<\/div>\n<div id=\"faq-question-1714476729894\" class=\"rank-math-list-item\">\n<h3 class=\"rank-math-question \"><span class=\"ez-toc-section\" id=\"Hur_paverkar_en_sen_tandkorrigering_min_formaga_att_tugga\"><\/span>Hur p\u00e5verkar en sen tandkorrigering min f\u00f6rm\u00e5ga att tugga?<span class=\"ez-toc-section-end\"><\/span><\/h3>\n<div class=\"rank-math-answer \">\n\n<p>En lyckad tandreglering kan f\u00f6rb\u00e4ttra din tuggf\u00f6rm\u00e5ga genom att m\u00f6jligg\u00f6ra en j\u00e4mn f\u00f6rdelning av tuggkrafterna och d\u00e4rmed \u00f6ka effektiviteten och komforten n\u00e4r du \u00e4ter.<\/p>\n\n<\/div>\n<\/div>\n<\/div>\n<\/div>\n<figure class=\"wp-block-image size-large\"><img decoding=\"async\" width=\"1024\" height=\"683\" src=\"https:\/\/aboutthatsmile.com\/wp-content\/uploads\/2023\/06\/laechelnde-aeltere-frau-1024x683.jpg\" alt=\"Portr&#xE4;tt av en attraktiv, elegant &#xE4;ldre kvinna som kopplar av hemma.\" class=\"wp-image-7772\" title=\"\" srcset=\"https:\/\/aboutthatsmile.com\/wp-content\/uploads\/2023\/06\/laechelnde-aeltere-frau-1024x683.jpg 1024w, https:\/\/aboutthatsmile.com\/wp-content\/uploads\/2023\/06\/laechelnde-aeltere-frau-300x200.jpg 300w, https:\/\/aboutthatsmile.com\/wp-content\/uploads\/2023\/06\/laechelnde-aeltere-frau-768x512.jpg 768w, https:\/\/aboutthatsmile.com\/wp-content\/uploads\/2023\/06\/laechelnde-aeltere-frau-960x640.jpg 960w, https:\/\/aboutthatsmile.com\/wp-content\/uploads\/2023\/06\/laechelnde-aeltere-frau-1080x720.jpg 1080w, https:\/\/aboutthatsmile.com\/wp-content\/uploads\/2023\/06\/laechelnde-aeltere-frau-150x100.jpg 150w, https:\/\/aboutthatsmile.com\/wp-content\/uploads\/2023\/06\/laechelnde-aeltere-frau.jpg 1200w\" sizes=\"(max-width: 1024px) 100vw, 1024px\" \/><\/figure>\n\n\n<div class=\"kk-star-ratings kksr-auto kksr-align-left kksr-valign-bottom\"\n    data-payload='{&quot;align&quot;:&quot;left&quot;,&quot;id&quot;:&quot;10738&quot;,&quot;slug&quot;:&quot;default&quot;,&quot;valign&quot;:&quot;bottom&quot;,&quot;ignore&quot;:&quot;&quot;,&quot;reference&quot;:&quot;auto&quot;,&quot;class&quot;:&quot;&quot;,&quot;count&quot;:&quot;0&quot;,&quot;legendonly&quot;:&quot;&quot;,&quot;readonly&quot;:&quot;&quot;,&quot;score&quot;:&quot;0&quot;,&quot;starsonly&quot;:&quot;&quot;,&quot;best&quot;:&quot;5&quot;,&quot;gap&quot;:&quot;5&quot;,&quot;greet&quot;:&quot;Rate this post&quot;,&quot;legend&quot;:&quot;0\\\/5 - (0 votes)&quot;,&quot;size&quot;:&quot;24&quot;,&quot;title&quot;:&quot;Raka t\u00e4nder p\u00e5 \u00e4ldre dagar: varf\u00f6r det aldrig \u00e4r f\u00f6r sent f\u00f6r tandreglering&quot;,&quot;width&quot;:&quot;0&quot;,&quot;_legend&quot;:&quot;{score}\\\/{best} - ({count} {votes})&quot;,&quot;font_factor&quot;:&quot;1.25&quot;}'>\n            \n<div class=\"kksr-stars\">\n    \n<div class=\"kksr-stars-inactive\">\n            <div class=\"kksr-star\" data-star=\"1\" style=\"padding-right: 5px\">\n            \n\n<div class=\"kksr-icon\" style=\"width: 24px; height: 24px;\"><\/div>\n        <\/div>\n            <div class=\"kksr-star\" data-star=\"2\" style=\"padding-right: 5px\">\n            \n\n<div class=\"kksr-icon\" style=\"width: 24px; height: 24px;\"><\/div>\n        <\/div>\n            <div class=\"kksr-star\" data-star=\"3\" style=\"padding-right: 5px\">\n            \n\n<div class=\"kksr-icon\" style=\"width: 24px; height: 24px;\"><\/div>\n        <\/div>\n            <div class=\"kksr-star\" data-star=\"4\" style=\"padding-right: 5px\">\n            \n\n<div class=\"kksr-icon\" style=\"width: 24px; height: 24px;\"><\/div>\n        <\/div>\n            <div class=\"kksr-star\" data-star=\"5\" style=\"padding-right: 5px\">\n            \n\n<div class=\"kksr-icon\" style=\"width: 24px; height: 24px;\"><\/div>\n        <\/div>\n    <\/div>\n    \n<div class=\"kksr-stars-active\" style=\"width: 0px;\">\n            <div class=\"kksr-star\" style=\"padding-right: 5px\">\n            \n\n<div class=\"kksr-icon\" style=\"width: 24px; height: 24px;\"><\/div>\n        <\/div>\n            <div class=\"kksr-star\" style=\"padding-right: 5px\">\n            \n\n<div class=\"kksr-icon\" style=\"width: 24px; height: 24px;\"><\/div>\n        <\/div>\n            <div class=\"kksr-star\" style=\"padding-right: 5px\">\n            \n\n<div class=\"kksr-icon\" style=\"width: 24px; height: 24px;\"><\/div>\n        <\/div>\n            <div class=\"kksr-star\" style=\"padding-right: 5px\">\n            \n\n<div class=\"kksr-icon\" style=\"width: 24px; height: 24px;\"><\/div>\n        <\/div>\n            <div class=\"kksr-star\" style=\"padding-right: 5px\">\n            \n\n<div class=\"kksr-icon\" style=\"width: 24px; height: 24px;\"><\/div>\n        <\/div>\n    <\/div>\n<\/div>\n                \n\n<div class=\"kksr-legend\" style=\"font-size: 19.2px;\">\n            <span class=\"kksr-muted\">Rate this post<\/span>\n    <\/div>\n    <\/div>\n","protected":false},"excerpt":{"rendered":"<p>Raka t\u00e4nder p\u00e5 \u00e4ldre dagar: Varf\u00f6r tandreglering inte bara \u00e4r intressant f\u00f6r ton\u00e5ringar och unga vuxna och hur du kan&#8230;<\/p>\n","protected":false},"author":2,"featured_media":7873,"comment_status":"open","ping_status":"open","sticky":false,"template":"","format":"standard","meta":{"_kad_post_transparent":"","_kad_post_title":"","_kad_post_layout":"","_kad_post_sidebar_id":"","_kad_post_content_style":"","_kad_post_vertical_padding":"","_kad_post_feature":"","_kad_post_feature_position":"","_kad_post_header":false,"_kad_post_footer":false,"_kad_post_classname":"","footnotes":""},"categories":[92],"tags":[],"class_list":["post-10738","post","type-post","status-publish","format-standard","has-post-thumbnail","hentry","category-about-that-smile-guide"],"_links":{"self":[{"href":"https:\/\/aboutthatsmile.com\/sv\/wp-json\/wp\/v2\/posts\/10738","targetHints":{"allow":["GET"]}}],"collection":[{"href":"https:\/\/aboutthatsmile.com\/sv\/wp-json\/wp\/v2\/posts"}],"about":[{"href":"https:\/\/aboutthatsmile.com\/sv\/wp-json\/wp\/v2\/types\/post"}],"author":[{"embeddable":true,"href":"https:\/\/aboutthatsmile.com\/sv\/wp-json\/wp\/v2\/users\/2"}],"replies":[{"embeddable":true,"href":"https:\/\/aboutthatsmile.com\/sv\/wp-json\/wp\/v2\/comments?post=10738"}],"version-history":[{"count":0,"href":"https:\/\/aboutthatsmile.com\/sv\/wp-json\/wp\/v2\/posts\/10738\/revisions"}],"wp:featuredmedia":[{"embeddable":true,"href":"https:\/\/aboutthatsmile.com\/sv\/wp-json\/wp\/v2\/media\/7873"}],"wp:attachment":[{"href":"https:\/\/aboutthatsmile.com\/sv\/wp-json\/wp\/v2\/media?parent=10738"}],"wp:term":[{"taxonomy":"category","embeddable":true,"href":"https:\/\/aboutthatsmile.com\/sv\/wp-json\/wp\/v2\/categories?post=10738"},{"taxonomy":"post_tag","embeddable":true,"href":"https:\/\/aboutthatsmile.com\/sv\/wp-json\/wp\/v2\/tags?post=10738"}],"curies":[{"name":"wp","href":"https:\/\/api.w.org\/{rel}","templated":true}]}}